{"id":10033,"date":"2023-11-16T15:01:31","date_gmt":"2023-11-16T14:01:31","guid":{"rendered":"https:\/\/blog.assecobs.pl\/?p=10033"},"modified":"2023-11-28T08:52:30","modified_gmt":"2023-11-28T07:52:30","slug":"pierwsza-faktura-w-ksef-kiedy-i-dlaczego-najlepiej-juz-teraz","status":"publish","type":"post","link":"https:\/\/assecobs.pl\/blog\/pierwsza-faktura-w-ksef-kiedy-i-dlaczego-najlepiej-juz-teraz\/","title":{"rendered":"Pierwsza faktura w KSeF \u2013 kiedy i dlaczego najlepiej ju\u017c teraz?"},"content":{"rendered":"<p><strong>Zbli\u017ca si\u0119 dzie\u0144, w kt\u00f3rym ka\u017cda firma, ka\u017cde przedsi\u0119biorstwo b\u0119d\u0105ce czynnym podatnikiem VAT, b\u0119dzie musia\u0142o wystawi\u0107 pierwsz\u0105 e-Faktur\u0119 w \u015brodowisku produkcyjnym platformy KSeF. Wys\u0142anie pierwszych kilku e-Faktur b\u0119dzie zapewne zwi\u0105zane z pewnymi emocjami, poniewa\u017c na tym \u015brodowisku mo\u017cna wystawia\u0107 tylko rzeczywiste e-Faktury. Co, je\u015bli co\u015b p\u00f3jdzie nie tak? Nie wystawimy faktury sprzeda\u017cy, \u015brodki finansowe za dokonan\u0105 sprzeda\u017c nie wp\u0142yn\u0105 w planowanym terminie na rachunek bankowy&#8230;.<\/strong><\/p>\n\n<h2>Zacznij, zanim to b\u0119dzie obowi\u0105zkowe<\/h2>\n<p>Aby zminimalizowa\u0107 ewentualne emocje wi\u0105\u017c\u0105ce si\u0119 z wystawieniem tej pierwszej e-Faktury, <strong>warto rozpocz\u0105\u0107 wystawianie faktur ustrukturyzowanych du\u017co wcze\u015bniej, ni\u017c stanie si\u0119 to obowi\u0105zkowe.<\/strong> W niemal\u017ce wszystkich naszych dotychczasowych publikacjach i webinariach dotycz\u0105cych KSeF \u017cywo zach\u0119cali\u015bmy do jak najwcze\u015bniejszego wej\u015bcia w ten temat i rozpocz\u0119cia odpowiednich przygotowa\u0144. Obecnie istnieje mo\u017cliwo\u015b\u0107 opcjonalnego korzystania z KSeF, co oznacza, \u017ce<a href=\"https:\/\/assecobs.pl\/erp\/krajowy-system-e-faktur-ksef\/\"> obs\u0142ug\u0119 KSeF w firmie<\/a> mo\u017cna dok\u0142adnie zaplanowa\u0107 i spokojnie rozpocz\u0105\u0107 proces jego wdra\u017cania.<\/p>\n<h2>Testuj, dop\u00f3ki KSeF jest dobrowolny<\/h2>\n<p>Okres od 1 stycznia 2022 roku do 1 lipca 2024 roku czynni podatnicy VAT mog\u0105 potraktowa\u0107 jako wprowadzenie do KSeF i za pomoc\u0105 KSeF wystawia\u0107 faktury na przyk\u0142ad dotycz\u0105ce jednego typu transakcji lub dokumentuj\u0105ce dostawy na rzecz jednego z kontrahent\u00f3w. Pozosta\u0142e faktury mo\u017cna nadal wystawia\u0107 metodami tradycyjnymi. Nale\u017cy jednak pami\u0119ta\u0107, \u017ce je\u017celi odbiorca tych faktur nie wyrazi\u0142 odpowiedniej zgody na odbieranie ich z KSeF, to do 1 lipca 2024 roku trzeba mu je dostarczy\u0107 tradycyjnymi metodami. Pomog\u0105 w tym systemy ERP dostarczane przez Asseco BS, poniewa\u017c dla podatnik\u00f3w, dla kt\u00f3rych w systemie nie zosta\u0142a zarejestrowana taka zgoda, program automatycznie przygotuje faktur\u0119 w postaci elektronicznej (np. w formacie PDF) i wy\u015ble na wskazany adres e-mail.<\/p>\n<div class=\"wyroznienie\">A wi\u0119c kiedy zacz\u0105\u0107 korzysta\u0107 z KSeF? Nasza odpowied\u017a brzmi:<strong> jak najwcze\u015bniej i na pewno przed 1 lipca 2024 roku.<\/strong> Rekomendujemy, aby zacz\u0105\u0107 wystawi\u0107 faktury w KSeF ju\u017c teraz. Zw\u0142aszcza, \u017ce w tym momencie nie ma \u017cadnych sankcji za ewentualne pomy\u0142ki.<\/div>\n<h2>Czym si\u0119 r\u00f3\u017cni faktura od e-Faktury?<\/h2>\n<p>Praktycznie, po odpowiednim przygotowaniu systemu ERP, obs\u0142uga elektronicznego fakturowania niczym nie r\u00f3\u017cni si\u0119 od dotychczasowego wystawiania faktur. Je\u017celi <a href=\"https:\/\/assecobs.pl\/erp\/\">system ERP<\/a> jest odpowiednio skonfigurowany, mo\u017cna dzia\u0142a\u0107 na zasadzie<em> set and forget<\/em>.<\/p>\n<p>System zadba o prawid\u0142owe uzupe\u0142nienie wymaganych p\u00f3l w ustrukturyzowanych plikach e-Faktury, niezale\u017cnie od tego, jaki b\u0119dzie obowi\u0105zywa\u0142 schemat, a przed wys\u0142aniem do KSeF zwaliduje (por\u00f3wna) jej poprawno\u015b\u0107 z opublikowanym przez Ministerstwo Finans\u00f3w schematem XSD. Pytanie <strong>&#8222;Jak wysy\u0142a\u0107 e-Faktury?&#8221;<\/strong> w tym przypadku dotyczy zaplanowania bezpiecznego rozpocz\u0119cia tego okresu wprowadzaj\u0105cego, poniewa\u017c \u2013 przypomnijmy \u2013 b\u0119d\u0105 wysy\u0142ane rzeczywiste dokumenty sprzeda\u017cy firmy.<\/p>\n<div class=\"wyroznienie\">W kontek\u015bcie KSeF <strong>walidacja<\/strong> oznacza sprawdzenie zgodno\u015bci przesy\u0142anego dokumentu z wzorcem e-Faktury (struktura XSD) udost\u0119pnionym przez Ministerstwo Finans\u00f3w.<\/div>\n<h2>Jak si\u0119 przygotowa\u0107 do wprowadzenia KSeF?<\/h2>\n<p>Odpowied\u017a jest prosta: <strong>w spos\u00f3b przemy\u015blany, bezpieczny i zaplanowany.<\/strong><\/p>\n<ol>\n<li>Nale\u017cy rozpocz\u0105\u0107 od wystawienia pierwszej faktury, na przyk\u0142ad dla zaprzyja\u017anionych kontrahent\u00f3w.<\/li>\n<li>Odebra\u0107 pierwsze faktury z KSeF.<\/li>\n<\/ol>\n<p>Metody musz\u0105 zosta\u0107 dostosowane do specyfiki swojej firmy i rodzaju wystawianych faktur.<\/p>\n<p><strong>Kilka z przyk\u0142adowych scenariuszy opisali\u015bmy w artyku\u0142ach: <\/strong><\/p>\n<blockquote class=\"wp-embedded-content\" data-secret=\"TsNd8iWTRE\"><p><a href=\"https:\/\/assecobs.pl\/blog\/dlaczego-nie-warto-czekac-na-ostatnia-chwile-z-testowaniem-wysylki-faktur-do-ksef\/\">Dlaczego nie&nbsp;warto czeka\u0107 na&nbsp;ostatni\u0105 chwil\u0119 z&nbsp;testowaniem wysy\u0142ki faktur do&nbsp;KSeF?<\/a><\/p><\/blockquote>\n<p><iframe loading=\"lazy\" class=\"wp-embedded-content\" sandbox=\"allow-scripts\" security=\"restricted\" style=\"position: absolute; visibility: hidden;\" title=\"&#8222;Dlaczego nie&nbsp;warto czeka\u0107 na&nbsp;ostatni\u0105 chwil\u0119 z&nbsp;testowaniem wysy\u0142ki faktur do&nbsp;KSeF?&#8221; &#8212; Blog Asseco BS\" src=\"https:\/\/assecobs.pl\/blog\/dlaczego-nie-warto-czekac-na-ostatnia-chwile-z-testowaniem-wysylki-faktur-do-ksef\/embed\/#?secret=no2qUaptKr#?secret=TsNd8iWTRE\" data-secret=\"TsNd8iWTRE\" width=\"600\" height=\"338\" frameborder=\"0\" marginwidth=\"0\" marginheight=\"0\" scrolling=\"no\"><\/iframe><\/p>\n<blockquote class=\"wp-embedded-content\" data-secret=\"jS8iKxrPF8\"><p><a href=\"https:\/\/assecobs.pl\/blog\/automatyzacja-procesow-zakupowych-z-ksef\/\">Automatyzacja proces\u00f3w zakupowych z&nbsp;KSeF<\/a><\/p><\/blockquote>\n<p><iframe loading=\"lazy\" class=\"wp-embedded-content\" sandbox=\"allow-scripts\" security=\"restricted\" style=\"position: absolute; visibility: hidden;\" title=\"&#8222;Automatyzacja proces\u00f3w zakupowych z&nbsp;KSeF&#8221; &#8212; Blog Asseco BS\" src=\"https:\/\/assecobs.pl\/blog\/automatyzacja-procesow-zakupowych-z-ksef\/embed\/#?secret=vRkXgJpnat#?secret=jS8iKxrPF8\" data-secret=\"jS8iKxrPF8\" width=\"600\" height=\"338\" frameborder=\"0\" marginwidth=\"0\" marginheight=\"0\" scrolling=\"no\"><\/iframe><\/p>\n<p><strong>Jako <a href=\"https:\/\/assecobs.pl\/erp\/\">dostawca oprogramowania do zarz\u0105dzania przedsi\u0119biorstwem<\/a> mo\u017cemy podda\u0107 pod rozwag\u0119 kilka sugestii:<\/strong><\/p>\n<ul>\n<li>Warto zweryfikowa\u0107 procesy sprzeda\u017cy i zakupu oraz procesy obs\u0142ugi dokument\u00f3w powi\u0105zanych z fakturami.<\/li>\n<li>Nale\u017cy sprawdzi\u0107, czy system ERP rejestruje wszystkie dane niezb\u0119dne do wystawiania e-Faktur.<\/li>\n<li>Rekomendujemy przygotowanie proces\u00f3w automatyzuj\u0105cych odbieranie i wysy\u0142k\u0119 faktur. Ograniczy to koszty i ewentualne pomy\u0142ki w obs\u0142udze dokument\u00f3w.<\/li>\n<\/ul>\n<h2>Co zrobi\u0107, kiedy w systemie ERP pojawi si\u0119 pierwsza faktura z KSeF?<\/h2>\n<p>Rekomendujemy, aby po wystawieniu pierwszej faktury w KSeF stopniowo zwi\u0119ksza\u0107 liczb\u0119 wystawianych faktur elektronicznych.<\/p>\n<p>Warto przetestowa\u0107 specyficzne rodzaje transakcji, czyli r\u00f3\u017cne typy dokument\u00f3w.<\/p>\n<p>R\u00f3wnolegle, ju\u017c w czasie pierwszych test\u00f3w i wystawiania faktur w KSeF, zalecamy skorzystanie z us\u0142ugi <a href=\"https:\/\/assecobs.pl\/businesscloud\/businesscheck\/\"><strong>Businesscheck kontrola e-Faktur<\/strong><\/a>. To nowa us\u0142uga, kt\u00f3ra na podstawie formu\u0142 kontrolnych na bie\u017c\u0105co weryfikuje poprawno\u015b\u0107 danych w e-Fakturze, w tym r\u00f3wnie\u017c jej zgodno\u015b\u0107 z przepisami ustawy o VAT. Wskutek kontroli mog\u0105 zosta\u0107 na przyk\u0142ad wskazane przypadki sprzeczno\u015bci w danych dotycz\u0105ce sprzeda\u017cy zwolnionej z VAT, stawek VAT, oznaczenia mechanizm\u00f3w podzielonej p\u0142atno\u015bci.<\/p>\n<p>Kontrola e-Faktury odbywa si\u0119 przed przekazaniem dokumentu do KSeF. Je\u017celi zostan\u0105 stwierdzone nieprawid\u0142owo\u015bci, wysy\u0142ka dokument\u00f3w do KSeF zostanie automatycznie wstrzymana, a u\u017cytkownik otrzyma stosowne powiadomienie (zmieni si\u0119 status dokumentu, a dodatkowo wy\u015bwietli si\u0119 komunikat lub te\u017c zostanie wys\u0142ana wiadomo\u015b\u0107 e-mail).<\/p>\n<h2>Jak zminimalizowa\u0107 ryzyko b\u0142\u0119d\u00f3w oraz poziom stresu zwi\u0105zany z wdro\u017ceniem KSeF?<\/h2>\n<p><img loading=\"lazy\" decoding=\"async\" class=\"wp-image-10034 size-full aligncenter\" src=\"https:\/\/assecobs.pl\/blog\/wp-content\/uploads\/sites\/14\/2023\/11\/asseco-bs-4-kroki-1095x666-1.png\" alt=\"\" width=\"1095\" height=\"666\" srcset=\"https:\/\/assecobs.pl\/blog\/wp-content\/uploads\/sites\/14\/2023\/11\/asseco-bs-4-kroki-1095x666-1.png 1095w, https:\/\/assecobs.pl\/blog\/wp-content\/uploads\/sites\/14\/2023\/11\/asseco-bs-4-kroki-1095x666-1-300x182.png 300w, https:\/\/assecobs.pl\/blog\/wp-content\/uploads\/sites\/14\/2023\/11\/asseco-bs-4-kroki-1095x666-1-1024x623.png 1024w, https:\/\/assecobs.pl\/blog\/wp-content\/uploads\/sites\/14\/2023\/11\/asseco-bs-4-kroki-1095x666-1-1080x657.png 1080w\" sizes=\"auto, (max-width: 1095px) 100vw, 1095px\" \/><\/p>\n","protected":false},"excerpt":{"rendered":"<p>Dowiedz si\u0119, jak przygotowa\u0107  si\u0119 i kiedy wystawi\u0107 pierwsz\u0105 e-faktur\u0119 na wersji produkcyjnej KSeF dla pierwszego klienta.<\/p>\n","protected":false},"author":35,"featured_media":10039,"comment_status":"closed","ping_status":"closed","sticky":false,"template":"","format":"standard","meta":{"_acf_changed":false,"inline_featured_image":false,"footnotes":""},"categories":[239,121,113],"tags":[238,286,236,237,170,112,116,117],"class_list":{"0":"post-10033","1":"post","2":"type-post","3":"status-publish","4":"format-standard","5":"has-post-thumbnail","7":"category-finanse-i-ksiegowosc","8":"category-sprzedaz-i-logistyka","9":"category-zmiany-prawne","10":"tag-duze-firmy","11":"tag-ksef","12":"tag-male-firmy","13":"tag-srednie-firmy","14":"tag-zmiany-prawne","15":"tag-softlab","16":"tag-macrologic","17":"tag-wapro"},"acf":[],"yoast_head":"<!-- This site is optimized with the Yoast SEO plugin v27.2 - https:\/\/yoast.com\/product\/yoast-seo-wordpress\/ -->\n<title>Pierwsza faktura w KSeF \u2013 kiedy i dlaczego najlepiej ju\u017c teraz? - Finanse i ksi\u0119gowo\u015b\u0107<\/title>\n<meta name=\"robots\" content=\"index, follow, max-snippet:-1, max-image-preview:large, max-video-preview:-1\" \/>\n<link rel=\"canonical\" href=\"https:\/\/assecobs.pl\/blog\/pierwsza-faktura-w-ksef-kiedy-i-dlaczego-najlepiej-juz-teraz\/\" \/>\n<meta property=\"og:locale\" content=\"pl_PL\" \/>\n<meta property=\"og:type\" content=\"article\" \/>\n<meta property=\"og:title\" content=\"Pierwsza faktura w KSeF \u2013 kiedy i dlaczego najlepiej ju\u017c teraz? - Finanse i ksi\u0119gowo\u015b\u0107\" \/>\n<meta property=\"og:description\" content=\"Dowiedz si\u0119, jak przygotowa\u0107 si\u0119 i kiedy wystawi\u0107 pierwsz\u0105 e-faktur\u0119 na wersji produkcyjnej KSeF dla pierwszego klienta.\" \/>\n<meta property=\"og:url\" content=\"https:\/\/assecobs.pl\/blog\/pierwsza-faktura-w-ksef-kiedy-i-dlaczego-najlepiej-juz-teraz\/\" \/>\n<meta property=\"og:site_name\" content=\"Blog Asseco BS\" \/>\n<meta property=\"article:publisher\" content=\"https:\/\/www.facebook.com\/erpbyasseco\/\" \/>\n<meta property=\"article:published_time\" content=\"2023-11-16T14:01:31+00:00\" \/>\n<meta property=\"article:modified_time\" content=\"2023-11-28T07:52:30+00:00\" \/>\n<meta property=\"og:image\" content=\"https:\/\/assecobs.pl\/blog\/wp-content\/uploads\/sites\/14\/2023\/11\/KSeF-8-artykul-na-SM-1170x515-1.png\" \/>\n\t<meta property=\"og:image:width\" content=\"1002\" \/>\n\t<meta property=\"og:image:height\" content=\"515\" \/>\n\t<meta property=\"og:image:type\" content=\"image\/png\" \/>\n<meta name=\"author\" content=\"Piotr Je\u017cewski\" \/>\n<meta name=\"twitter:card\" content=\"summary_large_image\" \/>\n<meta name=\"twitter:creator\" content=\"@asseco_bs\" \/>\n<meta name=\"twitter:site\" content=\"@asseco_bs\" \/>\n<meta name=\"twitter:label1\" content=\"Napisane przez\" \/>\n\t<meta name=\"twitter:data1\" content=\"Piotr Je\u017cewski\" \/>\n\t<meta name=\"twitter:label2\" content=\"Szacowany czas czytania\" \/>\n\t<meta name=\"twitter:data2\" content=\"5 minut\" \/>\n<script type=\"application\/ld+json\" class=\"yoast-schema-graph\">{\"@context\":\"https:\/\/schema.org\",\"@graph\":[{\"@type\":\"Article\",\"@id\":\"https:\/\/assecobs.pl\/blog\/pierwsza-faktura-w-ksef-kiedy-i-dlaczego-najlepiej-juz-teraz\/#article\",\"isPartOf\":{\"@id\":\"https:\/\/assecobs.pl\/blog\/pierwsza-faktura-w-ksef-kiedy-i-dlaczego-najlepiej-juz-teraz\/\"},\"author\":{\"name\":\"Piotr Je\u017cewski\",\"@id\":\"https:\/\/assecobs.pl\/blog\/#\/schema\/person\/d3fca1c5b66bec634032b41bfeab495f\"},\"headline\":\"Pierwsza faktura w KSeF \u2013 kiedy i dlaczego najlepiej ju\u017c teraz?\",\"datePublished\":\"2023-11-16T14:01:31+00:00\",\"dateModified\":\"2023-11-28T07:52:30+00:00\",\"mainEntityOfPage\":{\"@id\":\"https:\/\/assecobs.pl\/blog\/pierwsza-faktura-w-ksef-kiedy-i-dlaczego-najlepiej-juz-teraz\/\"},\"wordCount\":810,\"publisher\":{\"@id\":\"https:\/\/assecobs.pl\/blog\/#organization\"},\"image\":{\"@id\":\"https:\/\/assecobs.pl\/blog\/pierwsza-faktura-w-ksef-kiedy-i-dlaczego-najlepiej-juz-teraz\/#primaryimage\"},\"thumbnailUrl\":\"https:\/\/assecobs.pl\/blog\/wp-content\/uploads\/sites\/14\/2023\/11\/grafika-do-TOPU-KSeF-8-1170x515-1.png?wsr\",\"keywords\":[\"Du\u017ce firmy\",\"KSeF\",\"Ma\u0142e firmy\",\"\u015arednie firmy\",\"Zmiany prawne\",\"Softlab\",\"Macrologic\",\"Wapro\"],\"articleSection\":[\"Finanse i ksi\u0119gowo\u015b\u0107\",\"Sprzeda\u017c i logistyka\",\"Zmiany prawne\"],\"inLanguage\":\"pl-PL\"},{\"@type\":\"WebPage\",\"@id\":\"https:\/\/assecobs.pl\/blog\/pierwsza-faktura-w-ksef-kiedy-i-dlaczego-najlepiej-juz-teraz\/\",\"url\":\"https:\/\/assecobs.pl\/blog\/pierwsza-faktura-w-ksef-kiedy-i-dlaczego-najlepiej-juz-teraz\/\",\"name\":\"Pierwsza faktura w KSeF \u2013 kiedy i dlaczego najlepiej ju\u017c teraz? - Finanse i ksi\u0119gowo\u015b\u0107\",\"isPartOf\":{\"@id\":\"https:\/\/assecobs.pl\/blog\/#website\"},\"primaryImageOfPage\":{\"@id\":\"https:\/\/assecobs.pl\/blog\/pierwsza-faktura-w-ksef-kiedy-i-dlaczego-najlepiej-juz-teraz\/#primaryimage\"},\"image\":{\"@id\":\"https:\/\/assecobs.pl\/blog\/pierwsza-faktura-w-ksef-kiedy-i-dlaczego-najlepiej-juz-teraz\/#primaryimage\"},\"thumbnailUrl\":\"https:\/\/assecobs.pl\/blog\/wp-content\/uploads\/sites\/14\/2023\/11\/grafika-do-TOPU-KSeF-8-1170x515-1.png?wsr\",\"datePublished\":\"2023-11-16T14:01:31+00:00\",\"dateModified\":\"2023-11-28T07:52:30+00:00\",\"breadcrumb\":{\"@id\":\"https:\/\/assecobs.pl\/blog\/pierwsza-faktura-w-ksef-kiedy-i-dlaczego-najlepiej-juz-teraz\/#breadcrumb\"},\"inLanguage\":\"pl-PL\",\"potentialAction\":[{\"@type\":\"ReadAction\",\"target\":[\"https:\/\/assecobs.pl\/blog\/pierwsza-faktura-w-ksef-kiedy-i-dlaczego-najlepiej-juz-teraz\/\"]}]},{\"@type\":\"ImageObject\",\"inLanguage\":\"pl-PL\",\"@id\":\"https:\/\/assecobs.pl\/blog\/pierwsza-faktura-w-ksef-kiedy-i-dlaczego-najlepiej-juz-teraz\/#primaryimage\",\"url\":\"https:\/\/assecobs.pl\/blog\/wp-content\/uploads\/sites\/14\/2023\/11\/grafika-do-TOPU-KSeF-8-1170x515-1.png?wsr\",\"contentUrl\":\"https:\/\/assecobs.pl\/blog\/wp-content\/uploads\/sites\/14\/2023\/11\/grafika-do-TOPU-KSeF-8-1170x515-1.png?wsr\",\"width\":1170,\"height\":515},{\"@type\":\"BreadcrumbList\",\"@id\":\"https:\/\/assecobs.pl\/blog\/pierwsza-faktura-w-ksef-kiedy-i-dlaczego-najlepiej-juz-teraz\/#breadcrumb\",\"itemListElement\":[{\"@type\":\"ListItem\",\"position\":1,\"name\":\"Strona g\u0142\u00f3wna\",\"item\":\"https:\/\/assecobs.pl\/blog\/\"},{\"@type\":\"ListItem\",\"position\":2,\"name\":\"Pierwsza faktura w&nbsp;KSeF \u2013 kiedy i&nbsp;dlaczego najlepiej ju\u017c teraz?\"}]},{\"@type\":\"WebSite\",\"@id\":\"https:\/\/assecobs.pl\/blog\/#website\",\"url\":\"https:\/\/assecobs.pl\/blog\/\",\"name\":\"Blog Asseco BS\",\"description\":\"\",\"publisher\":{\"@id\":\"https:\/\/assecobs.pl\/blog\/#organization\"},\"potentialAction\":[{\"@type\":\"SearchAction\",\"target\":{\"@type\":\"EntryPoint\",\"urlTemplate\":\"https:\/\/assecobs.pl\/blog\/?s={search_term_string}\"},\"query-input\":{\"@type\":\"PropertyValueSpecification\",\"valueRequired\":true,\"valueName\":\"search_term_string\"}}],\"inLanguage\":\"pl-PL\"},{\"@type\":\"Organization\",\"@id\":\"https:\/\/assecobs.pl\/blog\/#organization\",\"name\":\"Asseco Business Solutions\",\"url\":\"https:\/\/assecobs.pl\/blog\/\",\"logo\":{\"@type\":\"ImageObject\",\"inLanguage\":\"pl-PL\",\"@id\":\"https:\/\/assecobs.pl\/blog\/#\/schema\/logo\/image\/\",\"url\":\"https:\/\/assecobs.pl\/blog\/wp-content\/uploads\/sites\/14\/2020\/01\/abs-logo-user.jpg\",\"contentUrl\":\"https:\/\/assecobs.pl\/blog\/wp-content\/uploads\/sites\/14\/2020\/01\/abs-logo-user.jpg\",\"width\":250,\"height\":251,\"caption\":\"Asseco Business Solutions\"},\"image\":{\"@id\":\"https:\/\/assecobs.pl\/blog\/#\/schema\/logo\/image\/\"},\"sameAs\":[\"https:\/\/www.facebook.com\/erpbyasseco\/\",\"https:\/\/x.com\/asseco_bs\",\"https:\/\/pl.linkedin.com\/company\/asseco-business-solutions-sa\",\"https:\/\/www.youtube.com\/channel\/UCCU4su9i0ZMIrsS0P0bkYOA\/featured\",\"https:\/\/pl.wikipedia.org\/wiki\/Asseco_Business_Solutions\"]},{\"@type\":\"Person\",\"@id\":\"https:\/\/assecobs.pl\/blog\/#\/schema\/person\/d3fca1c5b66bec634032b41bfeab495f\",\"name\":\"Piotr Je\u017cewski\",\"image\":{\"@type\":\"ImageObject\",\"inLanguage\":\"pl-PL\",\"@id\":\"https:\/\/secure.gravatar.com\/avatar\/623cee44cf301cf1fbbf9c5db588c839468c4f652a93d56d2a257b77b0751fb4?s=96&d=mm&r=g\",\"url\":\"https:\/\/secure.gravatar.com\/avatar\/623cee44cf301cf1fbbf9c5db588c839468c4f652a93d56d2a257b77b0751fb4?s=96&d=mm&r=g\",\"contentUrl\":\"https:\/\/secure.gravatar.com\/avatar\/623cee44cf301cf1fbbf9c5db588c839468c4f652a93d56d2a257b77b0751fb4?s=96&d=mm&r=g\",\"caption\":\"Piotr Je\u017cewski\"},\"url\":\"https:\/\/assecobs.pl\/blog\/author\/piotrjezewski\/\"}]}<\/script>\n<!-- \/ Yoast SEO plugin. -->","yoast_head_json":{"title":"Pierwsza faktura w KSeF \u2013 kiedy i dlaczego najlepiej ju\u017c teraz? - Finanse i ksi\u0119gowo\u015b\u0107","robots":{"index":"index","follow":"follow","max-snippet":"max-snippet:-1","max-image-preview":"max-image-preview:large","max-video-preview":"max-video-preview:-1"},"canonical":"https:\/\/assecobs.pl\/blog\/pierwsza-faktura-w-ksef-kiedy-i-dlaczego-najlepiej-juz-teraz\/","og_locale":"pl_PL","og_type":"article","og_title":"Pierwsza faktura w KSeF \u2013 kiedy i dlaczego najlepiej ju\u017c teraz? - Finanse i ksi\u0119gowo\u015b\u0107","og_description":"Dowiedz si\u0119, jak przygotowa\u0107 si\u0119 i kiedy wystawi\u0107 pierwsz\u0105 e-faktur\u0119 na wersji produkcyjnej KSeF dla pierwszego klienta.","og_url":"https:\/\/assecobs.pl\/blog\/pierwsza-faktura-w-ksef-kiedy-i-dlaczego-najlepiej-juz-teraz\/","og_site_name":"Blog Asseco BS","article_publisher":"https:\/\/www.facebook.com\/erpbyasseco\/","article_published_time":"2023-11-16T14:01:31+00:00","article_modified_time":"2023-11-28T07:52:30+00:00","og_image":[{"width":1002,"height":515,"url":"https:\/\/assecobs.pl\/blog\/wp-content\/uploads\/sites\/14\/2023\/11\/KSeF-8-artykul-na-SM-1170x515-1.png","type":"image\/png"}],"author":"Piotr Je\u017cewski","twitter_card":"summary_large_image","twitter_creator":"@asseco_bs","twitter_site":"@asseco_bs","twitter_misc":{"Napisane przez":"Piotr Je\u017cewski","Szacowany czas czytania":"5 minut"},"schema":{"@context":"https:\/\/schema.org","@graph":[{"@type":"Article","@id":"https:\/\/assecobs.pl\/blog\/pierwsza-faktura-w-ksef-kiedy-i-dlaczego-najlepiej-juz-teraz\/#article","isPartOf":{"@id":"https:\/\/assecobs.pl\/blog\/pierwsza-faktura-w-ksef-kiedy-i-dlaczego-najlepiej-juz-teraz\/"},"author":{"name":"Piotr Je\u017cewski","@id":"https:\/\/assecobs.pl\/blog\/#\/schema\/person\/d3fca1c5b66bec634032b41bfeab495f"},"headline":"Pierwsza faktura w KSeF \u2013 kiedy i dlaczego najlepiej ju\u017c teraz?","datePublished":"2023-11-16T14:01:31+00:00","dateModified":"2023-11-28T07:52:30+00:00","mainEntityOfPage":{"@id":"https:\/\/assecobs.pl\/blog\/pierwsza-faktura-w-ksef-kiedy-i-dlaczego-najlepiej-juz-teraz\/"},"wordCount":810,"publisher":{"@id":"https:\/\/assecobs.pl\/blog\/#organization"},"image":{"@id":"https:\/\/assecobs.pl\/blog\/pierwsza-faktura-w-ksef-kiedy-i-dlaczego-najlepiej-juz-teraz\/#primaryimage"},"thumbnailUrl":"https:\/\/assecobs.pl\/blog\/wp-content\/uploads\/sites\/14\/2023\/11\/grafika-do-TOPU-KSeF-8-1170x515-1.png?wsr","keywords":["Du\u017ce firmy","KSeF","Ma\u0142e firmy","\u015arednie firmy","Zmiany prawne","Softlab","Macrologic","Wapro"],"articleSection":["Finanse i ksi\u0119gowo\u015b\u0107","Sprzeda\u017c i logistyka","Zmiany prawne"],"inLanguage":"pl-PL"},{"@type":"WebPage","@id":"https:\/\/assecobs.pl\/blog\/pierwsza-faktura-w-ksef-kiedy-i-dlaczego-najlepiej-juz-teraz\/","url":"https:\/\/assecobs.pl\/blog\/pierwsza-faktura-w-ksef-kiedy-i-dlaczego-najlepiej-juz-teraz\/","name":"Pierwsza faktura w KSeF \u2013 kiedy i dlaczego najlepiej ju\u017c teraz? - Finanse i ksi\u0119gowo\u015b\u0107","isPartOf":{"@id":"https:\/\/assecobs.pl\/blog\/#website"},"primaryImageOfPage":{"@id":"https:\/\/assecobs.pl\/blog\/pierwsza-faktura-w-ksef-kiedy-i-dlaczego-najlepiej-juz-teraz\/#primaryimage"},"image":{"@id":"https:\/\/assecobs.pl\/blog\/pierwsza-faktura-w-ksef-kiedy-i-dlaczego-najlepiej-juz-teraz\/#primaryimage"},"thumbnailUrl":"https:\/\/assecobs.pl\/blog\/wp-content\/uploads\/sites\/14\/2023\/11\/grafika-do-TOPU-KSeF-8-1170x515-1.png?wsr","datePublished":"2023-11-16T14:01:31+00:00","dateModified":"2023-11-28T07:52:30+00:00","breadcrumb":{"@id":"https:\/\/assecobs.pl\/blog\/pierwsza-faktura-w-ksef-kiedy-i-dlaczego-najlepiej-juz-teraz\/#breadcrumb"},"inLanguage":"pl-PL","potentialAction":[{"@type":"ReadAction","target":["https:\/\/assecobs.pl\/blog\/pierwsza-faktura-w-ksef-kiedy-i-dlaczego-najlepiej-juz-teraz\/"]}]},{"@type":"ImageObject","inLanguage":"pl-PL","@id":"https:\/\/assecobs.pl\/blog\/pierwsza-faktura-w-ksef-kiedy-i-dlaczego-najlepiej-juz-teraz\/#primaryimage","url":"https:\/\/assecobs.pl\/blog\/wp-content\/uploads\/sites\/14\/2023\/11\/grafika-do-TOPU-KSeF-8-1170x515-1.png?wsr","contentUrl":"https:\/\/assecobs.pl\/blog\/wp-content\/uploads\/sites\/14\/2023\/11\/grafika-do-TOPU-KSeF-8-1170x515-1.png?wsr","width":1170,"height":515},{"@type":"BreadcrumbList","@id":"https:\/\/assecobs.pl\/blog\/pierwsza-faktura-w-ksef-kiedy-i-dlaczego-najlepiej-juz-teraz\/#breadcrumb","itemListElement":[{"@type":"ListItem","position":1,"name":"Strona g\u0142\u00f3wna","item":"https:\/\/assecobs.pl\/blog\/"},{"@type":"ListItem","position":2,"name":"Pierwsza faktura w&nbsp;KSeF \u2013 kiedy i&nbsp;dlaczego najlepiej ju\u017c teraz?"}]},{"@type":"WebSite","@id":"https:\/\/assecobs.pl\/blog\/#website","url":"https:\/\/assecobs.pl\/blog\/","name":"Blog Asseco BS","description":"","publisher":{"@id":"https:\/\/assecobs.pl\/blog\/#organization"},"potentialAction":[{"@type":"SearchAction","target":{"@type":"EntryPoint","urlTemplate":"https:\/\/assecobs.pl\/blog\/?s={search_term_string}"},"query-input":{"@type":"PropertyValueSpecification","valueRequired":true,"valueName":"search_term_string"}}],"inLanguage":"pl-PL"},{"@type":"Organization","@id":"https:\/\/assecobs.pl\/blog\/#organization","name":"Asseco Business Solutions","url":"https:\/\/assecobs.pl\/blog\/","logo":{"@type":"ImageObject","inLanguage":"pl-PL","@id":"https:\/\/assecobs.pl\/blog\/#\/schema\/logo\/image\/","url":"https:\/\/assecobs.pl\/blog\/wp-content\/uploads\/sites\/14\/2020\/01\/abs-logo-user.jpg","contentUrl":"https:\/\/assecobs.pl\/blog\/wp-content\/uploads\/sites\/14\/2020\/01\/abs-logo-user.jpg","width":250,"height":251,"caption":"Asseco Business Solutions"},"image":{"@id":"https:\/\/assecobs.pl\/blog\/#\/schema\/logo\/image\/"},"sameAs":["https:\/\/www.facebook.com\/erpbyasseco\/","https:\/\/x.com\/asseco_bs","https:\/\/pl.linkedin.com\/company\/asseco-business-solutions-sa","https:\/\/www.youtube.com\/channel\/UCCU4su9i0ZMIrsS0P0bkYOA\/featured","https:\/\/pl.wikipedia.org\/wiki\/Asseco_Business_Solutions"]},{"@type":"Person","@id":"https:\/\/assecobs.pl\/blog\/#\/schema\/person\/d3fca1c5b66bec634032b41bfeab495f","name":"Piotr Je\u017cewski","image":{"@type":"ImageObject","inLanguage":"pl-PL","@id":"https:\/\/secure.gravatar.com\/avatar\/623cee44cf301cf1fbbf9c5db588c839468c4f652a93d56d2a257b77b0751fb4?s=96&d=mm&r=g","url":"https:\/\/secure.gravatar.com\/avatar\/623cee44cf301cf1fbbf9c5db588c839468c4f652a93d56d2a257b77b0751fb4?s=96&d=mm&r=g","contentUrl":"https:\/\/secure.gravatar.com\/avatar\/623cee44cf301cf1fbbf9c5db588c839468c4f652a93d56d2a257b77b0751fb4?s=96&d=mm&r=g","caption":"Piotr Je\u017cewski"},"url":"https:\/\/assecobs.pl\/blog\/author\/piotrjezewski\/"}]}},"_links":{"self":[{"href":"https:\/\/assecobs.pl\/blog\/wp-json\/wp\/v2\/posts\/10033","targetHints":{"allow":["GET"]}}],"collection":[{"href":"https:\/\/assecobs.pl\/blog\/wp-json\/wp\/v2\/posts"}],"about":[{"href":"https:\/\/assecobs.pl\/blog\/wp-json\/wp\/v2\/types\/post"}],"author":[{"embeddable":true,"href":"https:\/\/assecobs.pl\/blog\/wp-json\/wp\/v2\/users\/35"}],"replies":[{"embeddable":true,"href":"https:\/\/assecobs.pl\/blog\/wp-json\/wp\/v2\/comments?post=10033"}],"version-history":[{"count":8,"href":"https:\/\/assecobs.pl\/blog\/wp-json\/wp\/v2\/posts\/10033\/revisions"}],"predecessor-version":[{"id":10046,"href":"https:\/\/assecobs.pl\/blog\/wp-json\/wp\/v2\/posts\/10033\/revisions\/10046"}],"wp:featuredmedia":[{"embeddable":true,"href":"https:\/\/assecobs.pl\/blog\/wp-json\/wp\/v2\/media\/10039"}],"wp:attachment":[{"href":"https:\/\/assecobs.pl\/blog\/wp-json\/wp\/v2\/media?parent=10033"}],"wp:term":[{"taxonomy":"category","embeddable":true,"href":"https:\/\/assecobs.pl\/blog\/wp-json\/wp\/v2\/categories?post=10033"},{"taxonomy":"post_tag","embeddable":true,"href":"https:\/\/assecobs.pl\/blog\/wp-json\/wp\/v2\/tags?post=10033"}],"curies":[{"name":"wp","href":"https:\/\/api.w.org\/{rel}","templated":true}]}}