{"id":10147,"date":"2023-12-07T13:38:06","date_gmt":"2023-12-07T12:38:06","guid":{"rendered":"https:\/\/blog.assecobs.pl\/?p=10147"},"modified":"2024-06-07T13:19:53","modified_gmt":"2024-06-07T11:19:53","slug":"krajowy-system-e-faktur-problem-czy-szansa","status":"publish","type":"post","link":"https:\/\/assecobs.pl\/blog\/krajowy-system-e-faktur-problem-czy-szansa\/","title":{"rendered":"Krajowy System e-Faktur \u2013 problem czy szansa?"},"content":{"rendered":"<p><strong>Wprowadzenie <a href=\"https:\/\/assecobs.pl\/erp\/krajowy-system-e-faktur-ksef\/\">KSeF<\/a> b\u0119dzie\u00a0nie lada wyzwaniem dla wi\u0119kszo\u015bci przedsi\u0119biorc\u00f3w obj\u0119tych tym obowi\u0105zkiem. Ju\u017c 1 lipca 2024 r. pierwsi czynni podatnicy VAT b\u0119d\u0105 zmuszeni do korzystania z elektronicznego rejestru w zakresie wystawiania faktur, a 1 stycznia 2025 r. do tej grupy do\u0142\u0105cz\u0105 podatnicy zwolnieni podmiotowo oraz przedmiotowo z VAT. Ju\u017c nied\u0142ugo niemal wszyscy przedsi\u0119biorcy b\u0119d\u0105 korzystali z KSeF, czego konsekwencj\u0105 b\u0119dzie uszczelnienie systemu sprawozdawczego.\u00a0<\/strong><\/p>\n<p><!--more--><\/p>\n\n<h2 id=\"KrajowySystemeFakturproblemczyszansa?-CzyKSEFtoproblem\" class=\"wp-block-heading\">Czy KSeF to problem?<\/h2>\n<p>Jak zwykle: to zale\u017cy. Mo\u017cesz podej\u015b\u0107 do KSeF jak do problemu i znalezienie rozwi\u0105zania zostawi\u0107 na ostatni\u0105 chwil\u0119. Niczego nie zyskasz \u2013 b\u0119dziesz musia\u0142 spe\u0142ni\u0107 obowi\u0105zek w terminie (tak jak pozostali podatnicy) w stresuj\u0105cej atmosferze i przy konieczno\u015bci dostosowania si\u0119 do bie\u017c\u0105cej sytuacji. Mo\u017cesz te\u017c wykorzysta\u0107 szans\u0119 \u2013 zreorganizowa\u0107 prac\u0119, zyska\u0107 nowe mo\u017cliwo\u015bci wcze\u015bniej ni\u017c konkurencja i wej\u015b\u0107 do systemu na w\u0142asnych warunkach.<\/p>\n<h6>Problemy w zwi\u0105zku z Krajowym Systemem e-Faktur<\/h6>\n<p>Rzu\u0107my okiem. Wydaje si\u0119, \u017ce KSeF to klasyczny generator problem\u00f3w:<\/p>\n<ol>\n<li><strong>Nowy obowi\u0105zek<\/strong> &#8211; rejestracja dokument\u00f3w na bie\u017c\u0105co, w bazie Ministerstwa Finans\u00f3w.<\/li>\n<li><strong>Potencjalne b\u0142\u0119dy i zwi\u0105zane z tym kary.<\/strong><\/li>\n<li><strong>Tzw. chaos ostatniej chwili<\/strong>\u00a0\u2013 czyli wprowadzanie rozwi\u0105zania tu\u017c przed wej\u015bciem w \u017cycie obowi\u0105zku.<\/li>\n<li><strong>Kolejny mechanizm urz\u0119dniczo-kontrolny.<\/strong><\/li>\n<\/ol>\n<p>Powy\u017csze twierdzenia oczywi\u015bcie s\u0105 prawdziwe, ale nie pokazuj\u0105 ca\u0142o\u015bci zagadnienia \u2013 skupili\u015bmy si\u0119 na wadach, lecz niemal ka\u017cd\u0105 z nich niewielkim nak\u0142adem pracy mo\u017cna przeku\u0107 w zysk, zalet\u0119 lub przewag\u0119 rynkow\u0105.<\/p>\n<h2>KSeF jako wyzwanie i szansa<\/h2>\n<h6 id=\"KrajowySystemeFakturproblemczyszansa?-\/uwagasekcjatylkodlaWapro\/Obowi\u0105zekrejestracjidokument\u00f3w\u2013szansadlabiurrachunkowych\" class=\"wp-block-heading\">Obowi\u0105zek rejestracji dokument\u00f3w \u2013\u00a0<strong>szansa dla biur rachunkowych<\/strong><\/h6>\n<p>Rzeczywi\u015bcie, ka\u017cdy dokument wygenerowany w systemie informatycznym przedsi\u0119biorcy, nale\u017cy zarejestrowa\u0107 (a wg. nazewnictwa urz\u0119dowego \u201ewystawi\u0107\u201d) w KSeF. Oczywi\u015bcie da si\u0119 to zrobi\u0107 r\u0119cznie w aplikacji udost\u0119pnionej przez Ministerstwo, o ile skala nie przekracza kilku b\u0105d\u017a kilkunastu dokument\u00f3w miesi\u0119cznie. <strong>Wi\u0119ksza liczba dokument\u00f3w wymaga zastosowania jakiego\u015b systemu automatyzuj\u0105cego prac\u0119.<\/strong><\/p>\n<p>Automat (<a href=\"https:\/\/assecobs.pl\/businesscloud\/businesslink\/\">Businesslink<\/a>), po\u0142\u0105czony z programem ERP przedsi\u0119biorcy prze\u015ble dokument do KSeF w celu wystawienia faktury, pobierze potwierdzenie i w ten spos\u00f3b umo\u017cliwi automatyczne spe\u0142nienie wymog\u00f3w narzuconych przez ustawodawc\u0119. Przy jednorazowej konfiguracji procesu praktycznie mo\u017cemy zapomnie\u0107 o problemie. Oczywi\u015bcie zak\u0142adaj\u0105c, \u017ce serwery Ministerstwa Finans\u00f3w b\u0119d\u0105 pracowa\u0107 poprawnie \u2013 w takim przypadku system te\u017c sobie poradzi, ponawiaj\u0105c pr\u00f3b\u0119 dostarczenia dokument\u00f3w a\u017c do pozytywnego skutku.<\/p>\n<p>Skoro mamy wyeliminowany problem, zajmijmy si\u0119 szans\u0105 \u2013 czyli <strong>co na tym mo\u017ce zyska\u0107 klient oraz jego biuro rachunkowe.<\/strong> Ot\u00f3\u017c okazuje si\u0119, \u017ce ca\u0142kiem du\u017co.\u00a0\u00a0Skoro moje dokumenty jako przedsi\u0119biorcy s\u0105 rejestrowane na bie\u017c\u0105co, codziennie, to oznacza \u017ce dokumenty wystawione dla mnie przez innych przedsi\u0119biorc\u00f3w r\u00f3wnie\u017c s\u0105 dost\u0119pne zaraz po wystawieniu. A\u00a0wi\u0119c nie ma przeszk\u00f3d, aby biuro rachunkowe dysponuj\u0105ce odpowiednim oprogramowaniem mog\u0142o:<\/p>\n<ol>\n<li><strong>bez zb\u0119dnej zw\u0142oki uzyska\u0107 dost\u0119p do dokument\u00f3w w KSeF,<\/strong><\/li>\n<li><strong>pobra\u0107 je,<\/strong><\/li>\n<li>dzi\u0119ki ustalonemu formatowi \u2013 <strong>automatycznie zaimportowa\u0107 i zaksi\u0119gowa\u0107 je w systemie.<\/strong><\/li>\n<\/ol>\n<div class=\"wyroznienie\">Czyli:\u00a0koniec b\u0142\u0119d\u00f3w wynikaj\u0105cych z wprowadzania dokument\u00f3w w firmie papierowej lub kontrolowania wynik\u00f3w skanowania. Zawsze zostan\u0105 zaimportowane takie dane, jakie wstawi\u0142 wystawca faktury.<\/div>\n<h6>Potencjalne b\u0142\u0119dy i zwi\u0105zane z tym kary \u2013 szansa ich unikni\u0119cia z us\u0142ug\u0105 Businesscheck<\/h6>\n<p>Dokument prawid\u0142owo zarejestrowany w KSeF nie musi by\u0107 poprawny. Brzmi to paradoksalnie, ale tak niestety jest. <strong>System KSeF nie kontroluje poprawno\u015bci merytorycznej faktury a tylko jej zgodno\u015b\u0107 z wymaganym schematem technicznym (XSD).<\/strong> Za merytoryczn\u0105 poprawno\u015b\u0107 z aktualnymi przepisami \u2013 tak jak do tej pory \u2013 odpowiada podatnik.<\/p>\n<p>Czy mo\u017cna unikn\u0105\u0107 problem\u00f3w wynikaj\u0105cych z niepoprawnego wystawienia faktury? W 100% si\u0119 nie da, ale pr\u00f3bowa\u0107 warto. S\u0142u\u017cy do tego nowa us\u0142uga Asseco Business Solutions \u2013 <a href=\"https:\/\/assecobs.pl\/businesscloud\/businesscheck\/\">Businesscheck kontrola e-faktur<\/a>, kt\u00f3r\u0105 otrzymuj\u0105 do dyspozycji u\u017cytkownicy Businesslinka. Businesscheck na podstawie formu\u0142 kontrolnych:<\/p>\n<ul>\n<li><strong>sprawdzi faktur\u0119 pod wzgl\u0119dem zgodno\u015bci z wymaganym przez ministerstwo formatem e-faktury,<\/strong><\/li>\n<li><strong>zweryfikuje zgodno\u015b\u0107 danych dokumentu z przepisami ustawy o VAT<\/strong> w oparciu o przygotowane formu\u0142y kontrolne Businesscheck (np. zostan\u0105 wskazane przypadki sprzeczno\u015bci w danych dotycz\u0105ce sprzeda\u017cy zwolnionej z VAT, stawek VAT, oznaczenia mechanizm\u00f3w podzielnej p\u0142atno\u015bci),<\/li>\n<li><strong>sprawdzi faktur\u0119 pod wzgl\u0119dem rachunkowym i merytorycznym<\/strong> (np. poprawno\u015b\u0107 nale\u017cno\u015bci wskazanej do zap\u0142aty),<\/li>\n<li><strong>potwierdzi zgodno\u015b\u0107 danych kontrahenta wskazanego na fakturze z informacjami dost\u0119pnymi o tym kontrahencie w serwisach rz\u0105dowych<\/strong> (Bia\u0142a lista podatnik\u00f3w VAT oraz VIES).<\/li>\n<\/ul>\n<div class=\"wyroznienie\">Zatem dzi\u0119ki <a href=\"https:\/\/assecobs.pl\/businesscloud\/businesscheck\/\">Businesscheck kontrola e-faktur<\/a> mo\u017cna wyeliminowa\u0107 wi\u0119kszo\u015b\u0107 typowych problem\u00f3w, mog\u0105cych wp\u0119dzi\u0107 firm\u0119 w k\u0142opoty z fiskusem.<\/div>\n<p>Czy da si\u0119 pracowa\u0107 bez Businesschecka? Oczywi\u015bcie tak, ale lepiej mie\u0107 do dyspozycji zaawansowany mechanizm kontrolny, kt\u00f3ry uchroni nas przed konsekwencjami karno-skarbowymi, ni\u017c zda\u0107 si\u0119 na \u015blepy los.<\/p>\n<blockquote class=\"wp-embedded-content\" data-secret=\"y8ZDDJyM8o\"><p><a href=\"https:\/\/assecobs.pl\/blog\/krajowy-system-e-faktur-ksef-wyzwania-i-korzysci\/\">Krajowy System e-Faktur (KSeF) \u2013 wyzwania i&nbsp;korzy\u015bci<\/a><\/p><\/blockquote>\n<p><iframe loading=\"lazy\" class=\"wp-embedded-content\" sandbox=\"allow-scripts\" security=\"restricted\" style=\"position: absolute; visibility: hidden;\" title=\"&#8222;Krajowy System e-Faktur (KSeF) \u2013 wyzwania i&nbsp;korzy\u015bci&#8221; &#8212; Blog Asseco BS\" src=\"https:\/\/assecobs.pl\/blog\/krajowy-system-e-faktur-ksef-wyzwania-i-korzysci\/embed\/#?secret=QGzAJkZDra#?secret=y8ZDDJyM8o\" data-secret=\"y8ZDDJyM8o\" width=\"600\" height=\"338\" frameborder=\"0\" marginwidth=\"0\" marginheight=\"0\" scrolling=\"no\"><\/iframe><\/p>\n<h2>Do lipca 2024 r. jeszcze tyle czasu&#8230;<\/h2>\n<p>Pope\u0142niamy cz\u0119sto klasyczny b\u0142\u0105d, zak\u0142adaj\u0105c, \u017ce jeszcze mamy czas. Jednak teraz czasu naprawd\u0119 ju\u017c nie ma.<\/p>\n<p>Do 1 lipca 2024 r. kilka milion\u00f3w przedsi\u0119biorstw musi podj\u0105\u0107 konkretne dzia\u0142ania: dostosowa\u0107 systemy informatyczne, zmieni\u0107 lub zweryfikowa\u0107 obieg dokument\u00f3w w firmie, przeszkoli\u0107 pracownik\u00f3w, wypracowa\u0107 nowe zasady wsp\u00f3\u0142pracy z biurem rachunkowym lub wewn\u0119trzn\u0105 ksi\u0119gowo\u015bci\u0105, a tak\u017ce dok\u0142adnie sprawdzi\u0107 poprawno\u015b\u0107 funkcjonowania wszystkich proces\u00f3w. To wszystko przy jednoczesnym zarz\u0105dzaniu, dzia\u0142aniu i rozwoju firmy.<\/p>\n<p>Naprawd\u0119 nie ma ju\u017c czasu na zwlekanie. Warto jak najszybciej skontaktowa\u0107 si\u0119 ze swoim opiekunem informatycznym i opracowa\u0107 plan dzia\u0142ania w zwi\u0105zku z wprowadzeniem KSeF.<\/p>\n<div class=\"wyroznienie\">Warto wdro\u017cy\u0107 KSeF jak najpr\u0119dzej, to nieunikniony obowi\u0105zek. Lepiej przygotowa\u0107 si\u0119 do niego na w\u0142asnych warunkach \u2013 przynajmniej na tyle, na ile to mo\u017cliwe.<\/div>\n<h2>Przygotuj si\u0119 na KSEF na w\u0142asnych warunkach<\/h2>\n<p>Wprowadzanie rozwi\u0105zania tu\u017c przed wej\u015bciem w \u017cycie obowi\u0105zku skutkuje zwykle tzw. chaosem ostatniej chwili.\u00a0Aby go unikn\u0105\u0107, mo\u017cesz: przygotowa\u0107 si\u0119 wcze\u015bniej, dok\u0142adnie okre\u015bli\u0107 poligon \u0107wiczebny, a potem wyci\u0105gn\u0105\u0107 wnioski z okresu pr\u00f3bnego.<\/p>\n<p>Jako <a href=\"https:\/\/assecobs.pl\/erp\/\">dostawca oprogramowania ERP<\/a> na bie\u017c\u0105co \u015bledzimy przepisy, rozporz\u0105dzenia, dzia\u0142anie platformy Ministerstwa Finans\u00f3w. Zadbamy o to, aby uruchomienie KSeF nie by\u0142o tylko przykrym obowi\u0105zkiem.<\/p>\n<p><a href=\"https:\/\/assecobs.pl\/erp\/krajowy-system-e-faktur-ksef\/\" target=\"_blank\" rel=\"noopener\"><img loading=\"lazy\" decoding=\"async\" class=\"alignnone size-large wp-image-9541\" src=\"https:\/\/assecobs.pl\/blog\/wp-content\/uploads\/sites\/14\/2023\/05\/baner-blog-1024x460.png\" alt=\"\" width=\"770\" height=\"346\" srcset=\"https:\/\/assecobs.pl\/blog\/wp-content\/uploads\/sites\/14\/2023\/05\/baner-blog-1024x460.png 1024w, https:\/\/assecobs.pl\/blog\/wp-content\/uploads\/sites\/14\/2023\/05\/baner-blog-300x135.png 300w, https:\/\/assecobs.pl\/blog\/wp-content\/uploads\/sites\/14\/2023\/05\/baner-blog-1080x485.png 1080w, https:\/\/assecobs.pl\/blog\/wp-content\/uploads\/sites\/14\/2023\/05\/baner-blog.png 1266w\" sizes=\"auto, (max-width: 770px) 100vw, 770px\" \/><\/a><\/p>\n","protected":false},"excerpt":{"rendered":"<p>Jak zwykle: to zale\u017cy. Mo\u017cesz podej\u015b\u0107 do KSeF jak do problemu i znalezienie rozwi\u0105zania zostawi\u0107 na ostatni\u0105 chwil\u0119. Mo\u017cesz te\u017c wykorzysta\u0107 szans\u0119 \u2013 zreorganizowa\u0107 prac\u0119, zyska\u0107 nowe mo\u017cliwo\u015bci wcze\u015bniej ni\u017c konkurencja i wej\u015b\u0107 do systemu na w\u0142asnych warunkach.<\/p>\n","protected":false},"author":37,"featured_media":10149,"comment_status":"closed","ping_status":"closed","sticky":false,"template":"","format":"standard","meta":{"_acf_changed":false,"inline_featured_image":false,"footnotes":""},"categories":[239,121,113],"tags":[286,170,192,112,116,117],"class_list":{"0":"post-10147","1":"post","2":"type-post","3":"status-publish","4":"format-standard","5":"has-post-thumbnail","7":"category-finanse-i-ksiegowosc","8":"category-sprzedaz-i-logistyka","9":"category-zmiany-prawne","10":"tag-ksef","11":"tag-zmiany-prawne","12":"tag-fakturowanie","13":"tag-softlab","14":"tag-macrologic","15":"tag-wapro"},"acf":[],"yoast_head":"<!-- This site is optimized with the Yoast SEO plugin v27.5 - https:\/\/yoast.com\/product\/yoast-seo-wordpress\/ -->\n<title>Krajowy System e-Faktur: Problem czy szansa?<\/title>\n<meta name=\"description\" content=\"Czy Krajowy System e-Faktur to problem czy szansa? Sprawd\u017a, jak przygotowa\u0107 firm\u0119 do nowego systemu e-fakturowania.\" \/>\n<meta name=\"robots\" content=\"index, follow, max-snippet:-1, max-image-preview:large, max-video-preview:-1\" \/>\n<link rel=\"canonical\" href=\"https:\/\/assecobs.pl\/blog\/krajowy-system-e-faktur-problem-czy-szansa\/\" \/>\n<meta property=\"og:locale\" content=\"pl_PL\" \/>\n<meta property=\"og:type\" content=\"article\" \/>\n<meta property=\"og:title\" content=\"Krajowy System e-Faktur: Problem czy szansa?\" \/>\n<meta property=\"og:description\" content=\"Czy Krajowy System e-Faktur to problem czy szansa? Sprawd\u017a, jak przygotowa\u0107 firm\u0119 do nowego systemu e-fakturowania.\" \/>\n<meta property=\"og:url\" content=\"https:\/\/assecobs.pl\/blog\/krajowy-system-e-faktur-problem-czy-szansa\/\" \/>\n<meta property=\"og:site_name\" content=\"Blog Asseco BS\" \/>\n<meta property=\"article:publisher\" content=\"https:\/\/www.facebook.com\/erpbyasseco\/\" \/>\n<meta property=\"article:published_time\" content=\"2023-12-07T12:38:06+00:00\" \/>\n<meta property=\"article:modified_time\" content=\"2024-06-07T11:19:53+00:00\" \/>\n<meta property=\"og:image\" content=\"https:\/\/assecobs.pl\/blog\/wp-content\/uploads\/sites\/14\/2023\/12\/KSeF-10-artykul-na-SM-1170x515-1.png\" \/>\n\t<meta property=\"og:image:width\" content=\"1002\" \/>\n\t<meta property=\"og:image:height\" content=\"515\" \/>\n\t<meta property=\"og:image:type\" content=\"image\/png\" \/>\n<meta name=\"author\" content=\"Micha\u0142 Gutowski\" \/>\n<meta name=\"twitter:card\" content=\"summary_large_image\" \/>\n<meta name=\"twitter:creator\" content=\"@asseco_bs\" \/>\n<meta name=\"twitter:site\" content=\"@asseco_bs\" \/>\n<meta name=\"twitter:label1\" content=\"Napisane przez\" \/>\n\t<meta name=\"twitter:data1\" content=\"Micha\u0142 Gutowski\" \/>\n\t<meta name=\"twitter:label2\" content=\"Szacowany czas czytania\" \/>\n\t<meta name=\"twitter:data2\" content=\"6 minut\" \/>\n<script type=\"application\/ld+json\" class=\"yoast-schema-graph\">{\"@context\":\"https:\\\/\\\/schema.org\",\"@graph\":[{\"@type\":\"Article\",\"@id\":\"https:\\\/\\\/assecobs.pl\\\/blog\\\/krajowy-system-e-faktur-problem-czy-szansa\\\/#article\",\"isPartOf\":{\"@id\":\"https:\\\/\\\/assecobs.pl\\\/blog\\\/krajowy-system-e-faktur-problem-czy-szansa\\\/\"},\"author\":{\"name\":\"Micha\u0142 Gutowski\",\"@id\":\"https:\\\/\\\/assecobs.pl\\\/blog\\\/#\\\/schema\\\/person\\\/6fe37fb01355418118ef4205009363cb\"},\"headline\":\"Krajowy System e-Faktur \u2013 problem czy szansa?\",\"datePublished\":\"2023-12-07T12:38:06+00:00\",\"dateModified\":\"2024-06-07T11:19:53+00:00\",\"mainEntityOfPage\":{\"@id\":\"https:\\\/\\\/assecobs.pl\\\/blog\\\/krajowy-system-e-faktur-problem-czy-szansa\\\/\"},\"wordCount\":1033,\"publisher\":{\"@id\":\"https:\\\/\\\/assecobs.pl\\\/blog\\\/#organization\"},\"image\":{\"@id\":\"https:\\\/\\\/assecobs.pl\\\/blog\\\/krajowy-system-e-faktur-problem-czy-szansa\\\/#primaryimage\"},\"thumbnailUrl\":\"https:\\\/\\\/assecobs.pl\\\/blog\\\/wp-content\\\/uploads\\\/sites\\\/14\\\/2023\\\/12\\\/grafika-do-TOPU-KSeF-10-1170x515-1.png?wsr\",\"keywords\":[\"KSeF\",\"Zmiany prawne\",\"fakturowanie\",\"Softlab\",\"Macrologic\",\"Wapro\"],\"articleSection\":[\"Finanse i ksi\u0119gowo\u015b\u0107\",\"Sprzeda\u017c i logistyka\",\"Zmiany prawne\"],\"inLanguage\":\"pl-PL\"},{\"@type\":\"WebPage\",\"@id\":\"https:\\\/\\\/assecobs.pl\\\/blog\\\/krajowy-system-e-faktur-problem-czy-szansa\\\/\",\"url\":\"https:\\\/\\\/assecobs.pl\\\/blog\\\/krajowy-system-e-faktur-problem-czy-szansa\\\/\",\"name\":\"Krajowy System e-Faktur: Problem czy szansa?\",\"isPartOf\":{\"@id\":\"https:\\\/\\\/assecobs.pl\\\/blog\\\/#website\"},\"primaryImageOfPage\":{\"@id\":\"https:\\\/\\\/assecobs.pl\\\/blog\\\/krajowy-system-e-faktur-problem-czy-szansa\\\/#primaryimage\"},\"image\":{\"@id\":\"https:\\\/\\\/assecobs.pl\\\/blog\\\/krajowy-system-e-faktur-problem-czy-szansa\\\/#primaryimage\"},\"thumbnailUrl\":\"https:\\\/\\\/assecobs.pl\\\/blog\\\/wp-content\\\/uploads\\\/sites\\\/14\\\/2023\\\/12\\\/grafika-do-TOPU-KSeF-10-1170x515-1.png?wsr\",\"datePublished\":\"2023-12-07T12:38:06+00:00\",\"dateModified\":\"2024-06-07T11:19:53+00:00\",\"description\":\"Czy Krajowy System e-Faktur to problem czy szansa? Sprawd\u017a, jak przygotowa\u0107 firm\u0119 do nowego systemu e-fakturowania.\",\"breadcrumb\":{\"@id\":\"https:\\\/\\\/assecobs.pl\\\/blog\\\/krajowy-system-e-faktur-problem-czy-szansa\\\/#breadcrumb\"},\"inLanguage\":\"pl-PL\",\"potentialAction\":[{\"@type\":\"ReadAction\",\"target\":[\"https:\\\/\\\/assecobs.pl\\\/blog\\\/krajowy-system-e-faktur-problem-czy-szansa\\\/\"]}]},{\"@type\":\"ImageObject\",\"inLanguage\":\"pl-PL\",\"@id\":\"https:\\\/\\\/assecobs.pl\\\/blog\\\/krajowy-system-e-faktur-problem-czy-szansa\\\/#primaryimage\",\"url\":\"https:\\\/\\\/assecobs.pl\\\/blog\\\/wp-content\\\/uploads\\\/sites\\\/14\\\/2023\\\/12\\\/grafika-do-TOPU-KSeF-10-1170x515-1.png?wsr\",\"contentUrl\":\"https:\\\/\\\/assecobs.pl\\\/blog\\\/wp-content\\\/uploads\\\/sites\\\/14\\\/2023\\\/12\\\/grafika-do-TOPU-KSeF-10-1170x515-1.png?wsr\",\"width\":1170,\"height\":515},{\"@type\":\"BreadcrumbList\",\"@id\":\"https:\\\/\\\/assecobs.pl\\\/blog\\\/krajowy-system-e-faktur-problem-czy-szansa\\\/#breadcrumb\",\"itemListElement\":[{\"@type\":\"ListItem\",\"position\":1,\"name\":\"Strona g\u0142\u00f3wna\",\"item\":\"https:\\\/\\\/assecobs.pl\\\/blog\\\/\"},{\"@type\":\"ListItem\",\"position\":2,\"name\":\"Krajowy System e-Faktur \u2013 problem czy&nbsp;szansa?\"}]},{\"@type\":\"WebSite\",\"@id\":\"https:\\\/\\\/assecobs.pl\\\/blog\\\/#website\",\"url\":\"https:\\\/\\\/assecobs.pl\\\/blog\\\/\",\"name\":\"Blog Asseco BS\",\"description\":\"\",\"publisher\":{\"@id\":\"https:\\\/\\\/assecobs.pl\\\/blog\\\/#organization\"},\"potentialAction\":[{\"@type\":\"SearchAction\",\"target\":{\"@type\":\"EntryPoint\",\"urlTemplate\":\"https:\\\/\\\/assecobs.pl\\\/blog\\\/?s={search_term_string}\"},\"query-input\":{\"@type\":\"PropertyValueSpecification\",\"valueRequired\":true,\"valueName\":\"search_term_string\"}}],\"inLanguage\":\"pl-PL\"},{\"@type\":\"Organization\",\"@id\":\"https:\\\/\\\/assecobs.pl\\\/blog\\\/#organization\",\"name\":\"Asseco Business Solutions\",\"url\":\"https:\\\/\\\/assecobs.pl\\\/blog\\\/\",\"logo\":{\"@type\":\"ImageObject\",\"inLanguage\":\"pl-PL\",\"@id\":\"https:\\\/\\\/assecobs.pl\\\/blog\\\/#\\\/schema\\\/logo\\\/image\\\/\",\"url\":\"https:\\\/\\\/assecobs.pl\\\/blog\\\/wp-content\\\/uploads\\\/sites\\\/14\\\/2020\\\/01\\\/abs-logo-user.jpg\",\"contentUrl\":\"https:\\\/\\\/assecobs.pl\\\/blog\\\/wp-content\\\/uploads\\\/sites\\\/14\\\/2020\\\/01\\\/abs-logo-user.jpg\",\"width\":250,\"height\":251,\"caption\":\"Asseco Business Solutions\"},\"image\":{\"@id\":\"https:\\\/\\\/assecobs.pl\\\/blog\\\/#\\\/schema\\\/logo\\\/image\\\/\"},\"sameAs\":[\"https:\\\/\\\/www.facebook.com\\\/erpbyasseco\\\/\",\"https:\\\/\\\/x.com\\\/asseco_bs\",\"https:\\\/\\\/pl.linkedin.com\\\/company\\\/asseco-business-solutions-sa\",\"https:\\\/\\\/www.youtube.com\\\/channel\\\/UCCU4su9i0ZMIrsS0P0bkYOA\\\/featured\",\"https:\\\/\\\/pl.wikipedia.org\\\/wiki\\\/Asseco_Business_Solutions\"]},{\"@type\":\"Person\",\"@id\":\"https:\\\/\\\/assecobs.pl\\\/blog\\\/#\\\/schema\\\/person\\\/6fe37fb01355418118ef4205009363cb\",\"name\":\"Micha\u0142 Gutowski\",\"image\":{\"@type\":\"ImageObject\",\"inLanguage\":\"pl-PL\",\"@id\":\"https:\\\/\\\/secure.gravatar.com\\\/avatar\\\/b7d98cd9742c5fc04063daf875adf5472e2093be1918f230714e7a91651b160d?s=96&d=mm&r=g\",\"url\":\"https:\\\/\\\/secure.gravatar.com\\\/avatar\\\/b7d98cd9742c5fc04063daf875adf5472e2093be1918f230714e7a91651b160d?s=96&d=mm&r=g\",\"contentUrl\":\"https:\\\/\\\/secure.gravatar.com\\\/avatar\\\/b7d98cd9742c5fc04063daf875adf5472e2093be1918f230714e7a91651b160d?s=96&d=mm&r=g\",\"caption\":\"Micha\u0142 Gutowski\"},\"description\":\"Szef Dzia\u0142u Wsparcia i Rozwoju Sieci Partnerskiej WAPRO ERP w Asseco Business Solutions S.A.\",\"url\":\"https:\\\/\\\/assecobs.pl\\\/blog\\\/author\\\/mgutowski\\\/\"}]}<\/script>\n<!-- \/ Yoast SEO plugin. -->","yoast_head_json":{"title":"Krajowy System e-Faktur: Problem czy szansa?","description":"Czy Krajowy System e-Faktur to problem czy szansa? Sprawd\u017a, jak przygotowa\u0107 firm\u0119 do nowego systemu e-fakturowania.","robots":{"index":"index","follow":"follow","max-snippet":"max-snippet:-1","max-image-preview":"max-image-preview:large","max-video-preview":"max-video-preview:-1"},"canonical":"https:\/\/assecobs.pl\/blog\/krajowy-system-e-faktur-problem-czy-szansa\/","og_locale":"pl_PL","og_type":"article","og_title":"Krajowy System e-Faktur: Problem czy szansa?","og_description":"Czy Krajowy System e-Faktur to problem czy szansa? Sprawd\u017a, jak przygotowa\u0107 firm\u0119 do nowego systemu e-fakturowania.","og_url":"https:\/\/assecobs.pl\/blog\/krajowy-system-e-faktur-problem-czy-szansa\/","og_site_name":"Blog Asseco BS","article_publisher":"https:\/\/www.facebook.com\/erpbyasseco\/","article_published_time":"2023-12-07T12:38:06+00:00","article_modified_time":"2024-06-07T11:19:53+00:00","og_image":[{"width":1002,"height":515,"url":"https:\/\/assecobs.pl\/blog\/wp-content\/uploads\/sites\/14\/2023\/12\/KSeF-10-artykul-na-SM-1170x515-1.png","type":"image\/png"}],"author":"Micha\u0142 Gutowski","twitter_card":"summary_large_image","twitter_creator":"@asseco_bs","twitter_site":"@asseco_bs","twitter_misc":{"Napisane przez":"Micha\u0142 Gutowski","Szacowany czas czytania":"6 minut"},"schema":{"@context":"https:\/\/schema.org","@graph":[{"@type":"Article","@id":"https:\/\/assecobs.pl\/blog\/krajowy-system-e-faktur-problem-czy-szansa\/#article","isPartOf":{"@id":"https:\/\/assecobs.pl\/blog\/krajowy-system-e-faktur-problem-czy-szansa\/"},"author":{"name":"Micha\u0142 Gutowski","@id":"https:\/\/assecobs.pl\/blog\/#\/schema\/person\/6fe37fb01355418118ef4205009363cb"},"headline":"Krajowy System e-Faktur \u2013 problem czy szansa?","datePublished":"2023-12-07T12:38:06+00:00","dateModified":"2024-06-07T11:19:53+00:00","mainEntityOfPage":{"@id":"https:\/\/assecobs.pl\/blog\/krajowy-system-e-faktur-problem-czy-szansa\/"},"wordCount":1033,"publisher":{"@id":"https:\/\/assecobs.pl\/blog\/#organization"},"image":{"@id":"https:\/\/assecobs.pl\/blog\/krajowy-system-e-faktur-problem-czy-szansa\/#primaryimage"},"thumbnailUrl":"https:\/\/assecobs.pl\/blog\/wp-content\/uploads\/sites\/14\/2023\/12\/grafika-do-TOPU-KSeF-10-1170x515-1.png?wsr","keywords":["KSeF","Zmiany prawne","fakturowanie","Softlab","Macrologic","Wapro"],"articleSection":["Finanse i ksi\u0119gowo\u015b\u0107","Sprzeda\u017c i logistyka","Zmiany prawne"],"inLanguage":"pl-PL"},{"@type":"WebPage","@id":"https:\/\/assecobs.pl\/blog\/krajowy-system-e-faktur-problem-czy-szansa\/","url":"https:\/\/assecobs.pl\/blog\/krajowy-system-e-faktur-problem-czy-szansa\/","name":"Krajowy System e-Faktur: Problem czy szansa?","isPartOf":{"@id":"https:\/\/assecobs.pl\/blog\/#website"},"primaryImageOfPage":{"@id":"https:\/\/assecobs.pl\/blog\/krajowy-system-e-faktur-problem-czy-szansa\/#primaryimage"},"image":{"@id":"https:\/\/assecobs.pl\/blog\/krajowy-system-e-faktur-problem-czy-szansa\/#primaryimage"},"thumbnailUrl":"https:\/\/assecobs.pl\/blog\/wp-content\/uploads\/sites\/14\/2023\/12\/grafika-do-TOPU-KSeF-10-1170x515-1.png?wsr","datePublished":"2023-12-07T12:38:06+00:00","dateModified":"2024-06-07T11:19:53+00:00","description":"Czy Krajowy System e-Faktur to problem czy szansa? Sprawd\u017a, jak przygotowa\u0107 firm\u0119 do nowego systemu e-fakturowania.","breadcrumb":{"@id":"https:\/\/assecobs.pl\/blog\/krajowy-system-e-faktur-problem-czy-szansa\/#breadcrumb"},"inLanguage":"pl-PL","potentialAction":[{"@type":"ReadAction","target":["https:\/\/assecobs.pl\/blog\/krajowy-system-e-faktur-problem-czy-szansa\/"]}]},{"@type":"ImageObject","inLanguage":"pl-PL","@id":"https:\/\/assecobs.pl\/blog\/krajowy-system-e-faktur-problem-czy-szansa\/#primaryimage","url":"https:\/\/assecobs.pl\/blog\/wp-content\/uploads\/sites\/14\/2023\/12\/grafika-do-TOPU-KSeF-10-1170x515-1.png?wsr","contentUrl":"https:\/\/assecobs.pl\/blog\/wp-content\/uploads\/sites\/14\/2023\/12\/grafika-do-TOPU-KSeF-10-1170x515-1.png?wsr","width":1170,"height":515},{"@type":"BreadcrumbList","@id":"https:\/\/assecobs.pl\/blog\/krajowy-system-e-faktur-problem-czy-szansa\/#breadcrumb","itemListElement":[{"@type":"ListItem","position":1,"name":"Strona g\u0142\u00f3wna","item":"https:\/\/assecobs.pl\/blog\/"},{"@type":"ListItem","position":2,"name":"Krajowy System e-Faktur \u2013 problem czy&nbsp;szansa?"}]},{"@type":"WebSite","@id":"https:\/\/assecobs.pl\/blog\/#website","url":"https:\/\/assecobs.pl\/blog\/","name":"Blog Asseco BS","description":"","publisher":{"@id":"https:\/\/assecobs.pl\/blog\/#organization"},"potentialAction":[{"@type":"SearchAction","target":{"@type":"EntryPoint","urlTemplate":"https:\/\/assecobs.pl\/blog\/?s={search_term_string}"},"query-input":{"@type":"PropertyValueSpecification","valueRequired":true,"valueName":"search_term_string"}}],"inLanguage":"pl-PL"},{"@type":"Organization","@id":"https:\/\/assecobs.pl\/blog\/#organization","name":"Asseco Business Solutions","url":"https:\/\/assecobs.pl\/blog\/","logo":{"@type":"ImageObject","inLanguage":"pl-PL","@id":"https:\/\/assecobs.pl\/blog\/#\/schema\/logo\/image\/","url":"https:\/\/assecobs.pl\/blog\/wp-content\/uploads\/sites\/14\/2020\/01\/abs-logo-user.jpg","contentUrl":"https:\/\/assecobs.pl\/blog\/wp-content\/uploads\/sites\/14\/2020\/01\/abs-logo-user.jpg","width":250,"height":251,"caption":"Asseco Business Solutions"},"image":{"@id":"https:\/\/assecobs.pl\/blog\/#\/schema\/logo\/image\/"},"sameAs":["https:\/\/www.facebook.com\/erpbyasseco\/","https:\/\/x.com\/asseco_bs","https:\/\/pl.linkedin.com\/company\/asseco-business-solutions-sa","https:\/\/www.youtube.com\/channel\/UCCU4su9i0ZMIrsS0P0bkYOA\/featured","https:\/\/pl.wikipedia.org\/wiki\/Asseco_Business_Solutions"]},{"@type":"Person","@id":"https:\/\/assecobs.pl\/blog\/#\/schema\/person\/6fe37fb01355418118ef4205009363cb","name":"Micha\u0142 Gutowski","image":{"@type":"ImageObject","inLanguage":"pl-PL","@id":"https:\/\/secure.gravatar.com\/avatar\/b7d98cd9742c5fc04063daf875adf5472e2093be1918f230714e7a91651b160d?s=96&d=mm&r=g","url":"https:\/\/secure.gravatar.com\/avatar\/b7d98cd9742c5fc04063daf875adf5472e2093be1918f230714e7a91651b160d?s=96&d=mm&r=g","contentUrl":"https:\/\/secure.gravatar.com\/avatar\/b7d98cd9742c5fc04063daf875adf5472e2093be1918f230714e7a91651b160d?s=96&d=mm&r=g","caption":"Micha\u0142 Gutowski"},"description":"Szef Dzia\u0142u Wsparcia i Rozwoju Sieci Partnerskiej WAPRO ERP w Asseco Business Solutions S.A.","url":"https:\/\/assecobs.pl\/blog\/author\/mgutowski\/"}]}},"_links":{"self":[{"href":"https:\/\/assecobs.pl\/blog\/wp-json\/wp\/v2\/posts\/10147","targetHints":{"allow":["GET"]}}],"collection":[{"href":"https:\/\/assecobs.pl\/blog\/wp-json\/wp\/v2\/posts"}],"about":[{"href":"https:\/\/assecobs.pl\/blog\/wp-json\/wp\/v2\/types\/post"}],"author":[{"embeddable":true,"href":"https:\/\/assecobs.pl\/blog\/wp-json\/wp\/v2\/users\/37"}],"replies":[{"embeddable":true,"href":"https:\/\/assecobs.pl\/blog\/wp-json\/wp\/v2\/comments?post=10147"}],"version-history":[{"count":4,"href":"https:\/\/assecobs.pl\/blog\/wp-json\/wp\/v2\/posts\/10147\/revisions"}],"predecessor-version":[{"id":10154,"href":"https:\/\/assecobs.pl\/blog\/wp-json\/wp\/v2\/posts\/10147\/revisions\/10154"}],"wp:featuredmedia":[{"embeddable":true,"href":"https:\/\/assecobs.pl\/blog\/wp-json\/wp\/v2\/media\/10149"}],"wp:attachment":[{"href":"https:\/\/assecobs.pl\/blog\/wp-json\/wp\/v2\/media?parent=10147"}],"wp:term":[{"taxonomy":"category","embeddable":true,"href":"https:\/\/assecobs.pl\/blog\/wp-json\/wp\/v2\/categories?post=10147"},{"taxonomy":"post_tag","embeddable":true,"href":"https:\/\/assecobs.pl\/blog\/wp-json\/wp\/v2\/tags?post=10147"}],"curies":[{"name":"wp","href":"https:\/\/api.w.org\/{rel}","templated":true}]}}