{"id":10207,"date":"2023-12-20T13:20:15","date_gmt":"2023-12-20T12:20:15","guid":{"rendered":"https:\/\/blog.assecobs.pl\/?p=10207"},"modified":"2023-12-20T13:20:15","modified_gmt":"2023-12-20T12:20:15","slug":"obowiazki-pracodawcy-w-sezonie-zimowym","status":"publish","type":"post","link":"https:\/\/assecobs.pl\/blog\/obowiazki-pracodawcy-w-sezonie-zimowym\/","title":{"rendered":"Obowi\u0105zki pracodawcy w sezonie zimowym"},"content":{"rendered":"<p><strong>Czy pracownicy pracuj\u0105cy zim\u0105 na wolnym powietrzu powinni dosta\u0107 od pracodawcy ciep\u0142y posi\u0142ek lub napoje? Ile stopni powinno by\u0107 w biurze w sezonie zimowym? Czy od\u015bnie\u017canie dachu firmy mo\u017cna zleci\u0107 ka\u017cdemu pracownikowi? Czy pracodawca powinien zapewni\u0107 pracownikom zimowe buty, r\u0119kawice lub inne \u015brodki ochrony osobistej i w jakich okoliczno\u015bciach?<\/strong><\/p>\n<p><!--more--><\/p>\n<p>1 listopada rozpocz\u0105\u0142 si\u0119 w Polsce tzw. sezon zimowy, kt\u00f3ry potrwa a\u017c do ko\u0144ca marca 2024 roku. W tym okresie pracodawcy maj\u0105 obowi\u0105zek dostarczania wybranym grupom pracownik\u00f3w profilaktycznych napoj\u00f3w i posi\u0142k\u00f3w, zapewnienia im odpowiednich \u015brodk\u00f3w ochrony \u2013 w tym odzie\u017cy czy obuwia, a tak\u017ce utrzymywania odpowiedniej temperatury w miejscach pracy. Dodatkowo, pracodawcy s\u0105 odpowiedzialni za utrzymanie czysto\u015bci na terenie firmy, w tym za od\u015bnie\u017canie chodnik\u00f3w i dr\u00f3g, co ma kluczowe znaczenie dla bezpiecze\u0144stwa. Poni\u017cej szczeg\u00f3\u0142owe regulacje zwi\u0105zane ze wspomnianymi zagadnieniami.<\/p>\n\n<h2>Temperatura w miejscu pracy<\/h2>\n<p>Pracodawcy musz\u0105 zapewni\u0107 odpowiedni\u0105 temperatur\u0119 w miejscach pracy, zale\u017cn\u0105 od rodzaju wykonywanych zada\u0144. Zgodnie z rozporz\u0105dzeniem Ministra Pracy i Polityki Socjalnej z 26 wrze\u015bnia 1997 r., minimalna temperatura dla lekkiej pracy fizycznej lub pracy biurowej to 18\u00baC, a dla innych rodzaj\u00f3w pracy 14\u00baC. Wyj\u0105tki dotycz\u0105 sytuacji, gdzie wymagania technologiczne nakazuj\u0105 inne warunki.<\/p>\n<h2>Napoje profilaktyczne<\/h2>\n<p>Pracodawcy s\u0105 zobowi\u0105zani do dostarczania napoj\u00f3w profilaktycznych, gdy wydatek energetyczny pracownika przekracza 1500 kcal (6280 kJ) dla m\u0119\u017cczyzn i 1000 kcal (4187 kJ) dla kobiet, wtedy gdy temperatura otoczenia spada poni\u017cej 10\u00baC lub powy\u017cej 25\u00baC. Napoje powinny by\u0107 dost\u0119pne w ilo\u015bciach zaspokajaj\u0105cych potrzeby pracownik\u00f3w przez ca\u0142\u0105 zmian\u0119, niezale\u017cnie od pory roku, ale tylko w dni, kiedy spe\u0142nione s\u0105 wy\u017cej wymienione kryteria.<\/p>\n<h2>Posi\u0142ki profilaktyczne<\/h2>\n<p>Zgodnie z rozporz\u0105dzeniem Rady Ministr\u00f3w z 28 maja 1996 r., pracodawcy powinni zapewni\u0107 darmowe posi\u0142ki profilaktyczne pracownikom, kt\u00f3rzy wykonuj\u0105 prace fizyczne na zewn\u0105trz w okresie zimowym. Jednak\u017ce, prawo do posi\u0142ku zale\u017cy od wydatku energetycznego pracownika podczas zmiany \u2013 powy\u017cej 1500 kcal (6280 kJ) dla m\u0119\u017cczyzn i 1000 kcal (4187 kJ) dla kobiet. Temperatura powietrza nie wp\u0142ywa na to prawo. Je\u015bli pracodawca nie mo\u017ce zapewni\u0107 posi\u0142k\u00f3w bezpo\u015brednio, mo\u017ce umo\u017cliwi\u0107 dost\u0119p do punkt\u00f3w gastronomicznych. Wa\u017cne jest, \u017ce pracownicy nie maj\u0105 prawa do ekwiwalentu pieni\u0119\u017cnego za te \u015bwiadczenia.<\/p>\n<h2>\u015arodki ochrony indywidualnej<\/h2>\n<p>Pracodawcy s\u0105 zobowi\u0105zani do dostarczania pracownikom \u015brodk\u00f3w ochrony indywidualnej, w tym odzie\u017cy i obuwia roboczego, niezb\u0119dnych do ochrony przed szkodliwymi czynnikami w pracy. Wyb\u00f3r tych \u015brodk\u00f3w powinien by\u0107 konsultowany z pracownikami. \u015arodki ochrony musz\u0105 spe\u0142nia\u0107 normy zgodno\u015bci, co potwierdza znak CE. Pracodawcy s\u0105 r\u00f3wnie\u017c odpowiedzialni za pranie, konserwacj\u0119 i napraw\u0119 tych \u015brodk\u00f3w. Je\u015bli pranie odzie\u017cy roboczej nie jest mo\u017cliwe, pracownik mo\u017ce otrzyma\u0107 ekwiwalent pieni\u0119\u017cny za pranie we w\u0142asnym zakresie, chyba \u017ce odzie\u017c zosta\u0142a ska\u017cona substancjami chemicznymi, promieniotw\u00f3rczymi lub biologicznie zaka\u017anymi.<\/p>\n<div class=\"wyroznienie\">Wi\u0119cej na ten temat przeczytasz w artykule pt. <a href=\"https:\/\/poradnikhr.blog\/2023\/12\/04\/zimowe-obowiazki-pracodawcow\/\">&#8222;Zimowe obowi\u0105zki pracodawc\u00f3w&#8221;<\/a>.<\/div>\n<h2>Od\u015bnie\u017canie dachu i terenu<\/h2>\n<p>Pracodawcy, jako w\u0142a\u015bciciele lub najemcy nieruchomo\u015bci, s\u0105 zobowi\u0105zani do od\u015bnie\u017cania dach\u00f3w, zgodnie z art. 61 pkt 2 Prawa budowlanego. Mog\u0105 korzysta\u0107 z us\u0142ug zewn\u0119trznych firm lub delegowa\u0107 do tego zadania w\u0142asnych pracownik\u00f3w, o ile przeszli oni odpowiednie szkolenie i posiadaj\u0105 wymagane za\u015bwiadczenie lekarskie. Pracodawca jest r\u00f3wnie\u017c odpowiedzialny za zabezpieczenie terenu zewn\u0119trznego firmy, w tym od\u015bnie\u017canie chodnik\u00f3w i dr\u00f3g oraz inne dzia\u0142ania przeciwoblodzeniowe.<\/p>\n<div style=\"background: url('\/blog\/wp-content\/uploads\/sites\/14\/2023\/09\/GTlogo_alternatywne_www.png'); background-color: #512178; background-size: 30%; background-repeat: no-repeat; background-position-x: 15px; border: 1px solid #4F2D7F; border-top-left-radius: 8px; border-top-right-radius: 8px; padding: 50px 30px 5px; margin-top: 40px; box-shadow: 0 5px 15px 0 rgba(0,0,0,.15);\">\n<h6 style=\"color: #fff;\"><strong>Ten artyku\u0142 powsta\u0142 we wsp\u00f3\u0142pracy z <a href=\"https:\/\/grantthornton.pl\/\">Grant Thornton<\/a>.<\/strong><\/h6>\n<p style=\"color: #fff;\">Grant Thornton\u00a0to jedna z wiod\u0105cych organizacji audytorsko-doradczych na \u015bwiecie, obecnej w 140 krajach. W Polsce dzia\u0142a od 30 lat, a zesp\u00f3\u0142 oko\u0142o 1000 pracownik\u00f3w wspiera Klient\u00f3w w takich obszarach jak podatki, rachunkowo\u015bci czy kadr i p\u0142ac.<\/p>\n<\/div>\n<div style=\"border: 1px solid #4F2D7F; border-bottom-left-radius: 8px; border-bottom-right-radius: 8px; padding: 10px 30px; color: #512178;\">Grant Thornton w codziennej pracy korzysta z systemu <a href=\"https:\/\/assecobs.pl\/softlab\/\">Softlab ERP<\/a>.<\/div>\n","protected":false},"excerpt":{"rendered":"<p>Czy pracownicy pracuj\u0105cy zim\u0105 na wolnym powietrzu powinni dosta\u0107 od pracodawcy ciep\u0142y posi\u0142ek lub napoje? Ile stopni powinno by\u0107 w biurze w sezonie zimowym? Czy od\u015bnie\u017canie dachu firmy mo\u017cna zleci\u0107 ka\u017cdemu pracownikowi? Czy pracodawca powinien zapewni\u0107 pracownikom zimowe buty, r\u0119kawice lub inne \u015brodki ochrony osobistej i w jakich okoliczno\u015bciach?<\/p>\n","protected":false},"author":51,"featured_media":10208,"comment_status":"closed","ping_status":"closed","sticky":false,"template":"","format":"standard","meta":{"_acf_changed":false,"inline_featured_image":false,"footnotes":""},"categories":[120,113],"tags":[170,112,116,117],"class_list":{"0":"post-10207","1":"post","2":"type-post","3":"status-publish","4":"format-standard","5":"has-post-thumbnail","7":"category-hr","8":"category-zmiany-prawne","9":"tag-zmiany-prawne","10":"tag-softlab","11":"tag-macrologic","12":"tag-wapro"},"acf":[],"yoast_head":"<!-- This site is optimized with the Yoast SEO plugin v27.5 - https:\/\/yoast.com\/product\/yoast-seo-wordpress\/ -->\n<title>Obowi\u0105zki pracodawcy w sezonie zimowym - Zmiany prawne<\/title>\n<meta name=\"robots\" content=\"index, follow, max-snippet:-1, max-image-preview:large, max-video-preview:-1\" \/>\n<link rel=\"canonical\" href=\"https:\/\/assecobs.pl\/blog\/obowiazki-pracodawcy-w-sezonie-zimowym\/\" \/>\n<meta property=\"og:locale\" content=\"pl_PL\" \/>\n<meta property=\"og:type\" content=\"article\" \/>\n<meta property=\"og:title\" content=\"Obowi\u0105zki pracodawcy w sezonie zimowym - Zmiany prawne\" \/>\n<meta property=\"og:description\" content=\"Czy pracownicy pracuj\u0105cy zim\u0105 na wolnym powietrzu powinni dosta\u0107 od pracodawcy ciep\u0142y posi\u0142ek lub napoje? Ile stopni powinno by\u0107 w biurze w sezonie zimowym? Czy od\u015bnie\u017canie dachu firmy mo\u017cna zleci\u0107 ka\u017cdemu pracownikowi? Czy pracodawca powinien zapewni\u0107 pracownikom zimowe buty, r\u0119kawice lub inne \u015brodki ochrony osobistej i w jakich okoliczno\u015bciach?\" \/>\n<meta property=\"og:url\" content=\"https:\/\/assecobs.pl\/blog\/obowiazki-pracodawcy-w-sezonie-zimowym\/\" \/>\n<meta property=\"og:site_name\" content=\"Blog Asseco BS\" \/>\n<meta property=\"article:publisher\" content=\"https:\/\/www.facebook.com\/erpbyasseco\/\" \/>\n<meta property=\"article:published_time\" content=\"2023-12-20T12:20:15+00:00\" \/>\n<meta property=\"og:image\" content=\"https:\/\/assecobs.pl\/blog\/wp-content\/uploads\/sites\/14\/2023\/12\/Obowiazki-pracodawcy\u2028w-sezonie-zimowym-1170x515-1.png\" \/>\n\t<meta property=\"og:image:width\" content=\"1170\" \/>\n\t<meta property=\"og:image:height\" content=\"515\" \/>\n\t<meta property=\"og:image:type\" content=\"image\/png\" \/>\n<meta name=\"author\" content=\"Justyna \u015amigielska\" \/>\n<meta name=\"twitter:card\" content=\"summary_large_image\" \/>\n<meta name=\"twitter:creator\" content=\"@asseco_bs\" \/>\n<meta name=\"twitter:site\" content=\"@asseco_bs\" \/>\n<meta name=\"twitter:label1\" content=\"Napisane przez\" \/>\n\t<meta name=\"twitter:data1\" content=\"Justyna \u015amigielska\" \/>\n\t<meta name=\"twitter:label2\" content=\"Szacowany czas czytania\" \/>\n\t<meta name=\"twitter:data2\" content=\"4 minuty\" \/>\n<script type=\"application\/ld+json\" class=\"yoast-schema-graph\">{\"@context\":\"https:\\\/\\\/schema.org\",\"@graph\":[{\"@type\":\"Article\",\"@id\":\"https:\\\/\\\/assecobs.pl\\\/blog\\\/obowiazki-pracodawcy-w-sezonie-zimowym\\\/#article\",\"isPartOf\":{\"@id\":\"https:\\\/\\\/assecobs.pl\\\/blog\\\/obowiazki-pracodawcy-w-sezonie-zimowym\\\/\"},\"author\":{\"name\":\"Justyna \u015amigielska\",\"@id\":\"https:\\\/\\\/assecobs.pl\\\/blog\\\/#\\\/schema\\\/person\\\/f80fda34500adf83032aaf6c0b43749f\"},\"headline\":\"Obowi\u0105zki pracodawcy w sezonie zimowym\",\"datePublished\":\"2023-12-20T12:20:15+00:00\",\"mainEntityOfPage\":{\"@id\":\"https:\\\/\\\/assecobs.pl\\\/blog\\\/obowiazki-pracodawcy-w-sezonie-zimowym\\\/\"},\"wordCount\":657,\"publisher\":{\"@id\":\"https:\\\/\\\/assecobs.pl\\\/blog\\\/#organization\"},\"image\":{\"@id\":\"https:\\\/\\\/assecobs.pl\\\/blog\\\/obowiazki-pracodawcy-w-sezonie-zimowym\\\/#primaryimage\"},\"thumbnailUrl\":\"https:\\\/\\\/assecobs.pl\\\/blog\\\/wp-content\\\/uploads\\\/sites\\\/14\\\/2023\\\/12\\\/Obowiazki-pracodawcy\\u2028w-sezonie-zimowym-1170x515-1.png?wsr\",\"keywords\":[\"Zmiany prawne\",\"Softlab\",\"Macrologic\",\"Wapro\"],\"articleSection\":[\"HR\",\"Zmiany prawne\"],\"inLanguage\":\"pl-PL\"},{\"@type\":\"WebPage\",\"@id\":\"https:\\\/\\\/assecobs.pl\\\/blog\\\/obowiazki-pracodawcy-w-sezonie-zimowym\\\/\",\"url\":\"https:\\\/\\\/assecobs.pl\\\/blog\\\/obowiazki-pracodawcy-w-sezonie-zimowym\\\/\",\"name\":\"Obowi\u0105zki pracodawcy w sezonie zimowym - Zmiany prawne\",\"isPartOf\":{\"@id\":\"https:\\\/\\\/assecobs.pl\\\/blog\\\/#website\"},\"primaryImageOfPage\":{\"@id\":\"https:\\\/\\\/assecobs.pl\\\/blog\\\/obowiazki-pracodawcy-w-sezonie-zimowym\\\/#primaryimage\"},\"image\":{\"@id\":\"https:\\\/\\\/assecobs.pl\\\/blog\\\/obowiazki-pracodawcy-w-sezonie-zimowym\\\/#primaryimage\"},\"thumbnailUrl\":\"https:\\\/\\\/assecobs.pl\\\/blog\\\/wp-content\\\/uploads\\\/sites\\\/14\\\/2023\\\/12\\\/Obowiazki-pracodawcy\\u2028w-sezonie-zimowym-1170x515-1.png?wsr\",\"datePublished\":\"2023-12-20T12:20:15+00:00\",\"breadcrumb\":{\"@id\":\"https:\\\/\\\/assecobs.pl\\\/blog\\\/obowiazki-pracodawcy-w-sezonie-zimowym\\\/#breadcrumb\"},\"inLanguage\":\"pl-PL\",\"potentialAction\":[{\"@type\":\"ReadAction\",\"target\":[\"https:\\\/\\\/assecobs.pl\\\/blog\\\/obowiazki-pracodawcy-w-sezonie-zimowym\\\/\"]}]},{\"@type\":\"ImageObject\",\"inLanguage\":\"pl-PL\",\"@id\":\"https:\\\/\\\/assecobs.pl\\\/blog\\\/obowiazki-pracodawcy-w-sezonie-zimowym\\\/#primaryimage\",\"url\":\"https:\\\/\\\/assecobs.pl\\\/blog\\\/wp-content\\\/uploads\\\/sites\\\/14\\\/2023\\\/12\\\/Obowiazki-pracodawcy\\u2028w-sezonie-zimowym-1170x515-1.png?wsr\",\"contentUrl\":\"https:\\\/\\\/assecobs.pl\\\/blog\\\/wp-content\\\/uploads\\\/sites\\\/14\\\/2023\\\/12\\\/Obowiazki-pracodawcy\\u2028w-sezonie-zimowym-1170x515-1.png?wsr\",\"width\":1170,\"height\":515},{\"@type\":\"BreadcrumbList\",\"@id\":\"https:\\\/\\\/assecobs.pl\\\/blog\\\/obowiazki-pracodawcy-w-sezonie-zimowym\\\/#breadcrumb\",\"itemListElement\":[{\"@type\":\"ListItem\",\"position\":1,\"name\":\"Strona g\u0142\u00f3wna\",\"item\":\"https:\\\/\\\/assecobs.pl\\\/blog\\\/\"},{\"@type\":\"ListItem\",\"position\":2,\"name\":\"Obowi\u0105zki pracodawcy w&nbsp;sezonie zimowym\"}]},{\"@type\":\"WebSite\",\"@id\":\"https:\\\/\\\/assecobs.pl\\\/blog\\\/#website\",\"url\":\"https:\\\/\\\/assecobs.pl\\\/blog\\\/\",\"name\":\"Blog Asseco BS\",\"description\":\"\",\"publisher\":{\"@id\":\"https:\\\/\\\/assecobs.pl\\\/blog\\\/#organization\"},\"potentialAction\":[{\"@type\":\"SearchAction\",\"target\":{\"@type\":\"EntryPoint\",\"urlTemplate\":\"https:\\\/\\\/assecobs.pl\\\/blog\\\/?s={search_term_string}\"},\"query-input\":{\"@type\":\"PropertyValueSpecification\",\"valueRequired\":true,\"valueName\":\"search_term_string\"}}],\"inLanguage\":\"pl-PL\"},{\"@type\":\"Organization\",\"@id\":\"https:\\\/\\\/assecobs.pl\\\/blog\\\/#organization\",\"name\":\"Asseco Business Solutions\",\"url\":\"https:\\\/\\\/assecobs.pl\\\/blog\\\/\",\"logo\":{\"@type\":\"ImageObject\",\"inLanguage\":\"pl-PL\",\"@id\":\"https:\\\/\\\/assecobs.pl\\\/blog\\\/#\\\/schema\\\/logo\\\/image\\\/\",\"url\":\"https:\\\/\\\/assecobs.pl\\\/blog\\\/wp-content\\\/uploads\\\/sites\\\/14\\\/2020\\\/01\\\/abs-logo-user.jpg\",\"contentUrl\":\"https:\\\/\\\/assecobs.pl\\\/blog\\\/wp-content\\\/uploads\\\/sites\\\/14\\\/2020\\\/01\\\/abs-logo-user.jpg\",\"width\":250,\"height\":251,\"caption\":\"Asseco Business Solutions\"},\"image\":{\"@id\":\"https:\\\/\\\/assecobs.pl\\\/blog\\\/#\\\/schema\\\/logo\\\/image\\\/\"},\"sameAs\":[\"https:\\\/\\\/www.facebook.com\\\/erpbyasseco\\\/\",\"https:\\\/\\\/x.com\\\/asseco_bs\",\"https:\\\/\\\/pl.linkedin.com\\\/company\\\/asseco-business-solutions-sa\",\"https:\\\/\\\/www.youtube.com\\\/channel\\\/UCCU4su9i0ZMIrsS0P0bkYOA\\\/featured\",\"https:\\\/\\\/pl.wikipedia.org\\\/wiki\\\/Asseco_Business_Solutions\"]},{\"@type\":\"Person\",\"@id\":\"https:\\\/\\\/assecobs.pl\\\/blog\\\/#\\\/schema\\\/person\\\/f80fda34500adf83032aaf6c0b43749f\",\"name\":\"Justyna \u015amigielska\",\"image\":{\"@type\":\"ImageObject\",\"inLanguage\":\"pl-PL\",\"@id\":\"https:\\\/\\\/assecobs.pl\\\/blog\\\/wp-content\\\/uploads\\\/sites\\\/14\\\/2023\\\/09\\\/smigielsk2-150x150.png?wsr\",\"url\":\"https:\\\/\\\/assecobs.pl\\\/blog\\\/wp-content\\\/uploads\\\/sites\\\/14\\\/2023\\\/09\\\/smigielsk2-150x150.png?wsr\",\"contentUrl\":\"https:\\\/\\\/assecobs.pl\\\/blog\\\/wp-content\\\/uploads\\\/sites\\\/14\\\/2023\\\/09\\\/smigielsk2-150x150.png?wsr\",\"caption\":\"Justyna \u015amigielska\"},\"description\":\"Specjalistka ds. ksi\u0119gowo\u015bci Outsourcing Rachunkowo\u015bci Grant Thornton\",\"url\":\"https:\\\/\\\/assecobs.pl\\\/blog\\\/author\\\/justynasmigielska\\\/\"}]}<\/script>\n<!-- \/ Yoast SEO plugin. -->","yoast_head_json":{"title":"Obowi\u0105zki pracodawcy w sezonie zimowym - Zmiany prawne","robots":{"index":"index","follow":"follow","max-snippet":"max-snippet:-1","max-image-preview":"max-image-preview:large","max-video-preview":"max-video-preview:-1"},"canonical":"https:\/\/assecobs.pl\/blog\/obowiazki-pracodawcy-w-sezonie-zimowym\/","og_locale":"pl_PL","og_type":"article","og_title":"Obowi\u0105zki pracodawcy w sezonie zimowym - Zmiany prawne","og_description":"Czy pracownicy pracuj\u0105cy zim\u0105 na wolnym powietrzu powinni dosta\u0107 od pracodawcy ciep\u0142y posi\u0142ek lub napoje? Ile stopni powinno by\u0107 w biurze w sezonie zimowym? Czy od\u015bnie\u017canie dachu firmy mo\u017cna zleci\u0107 ka\u017cdemu pracownikowi? Czy pracodawca powinien zapewni\u0107 pracownikom zimowe buty, r\u0119kawice lub inne \u015brodki ochrony osobistej i w jakich okoliczno\u015bciach?","og_url":"https:\/\/assecobs.pl\/blog\/obowiazki-pracodawcy-w-sezonie-zimowym\/","og_site_name":"Blog Asseco BS","article_publisher":"https:\/\/www.facebook.com\/erpbyasseco\/","article_published_time":"2023-12-20T12:20:15+00:00","og_image":[{"width":1170,"height":515,"url":"https:\/\/assecobs.pl\/blog\/wp-content\/uploads\/sites\/14\/2023\/12\/Obowiazki-pracodawcy\u2028w-sezonie-zimowym-1170x515-1.png","type":"image\/png"}],"author":"Justyna \u015amigielska","twitter_card":"summary_large_image","twitter_creator":"@asseco_bs","twitter_site":"@asseco_bs","twitter_misc":{"Napisane przez":"Justyna \u015amigielska","Szacowany czas czytania":"4 minuty"},"schema":{"@context":"https:\/\/schema.org","@graph":[{"@type":"Article","@id":"https:\/\/assecobs.pl\/blog\/obowiazki-pracodawcy-w-sezonie-zimowym\/#article","isPartOf":{"@id":"https:\/\/assecobs.pl\/blog\/obowiazki-pracodawcy-w-sezonie-zimowym\/"},"author":{"name":"Justyna \u015amigielska","@id":"https:\/\/assecobs.pl\/blog\/#\/schema\/person\/f80fda34500adf83032aaf6c0b43749f"},"headline":"Obowi\u0105zki pracodawcy w sezonie zimowym","datePublished":"2023-12-20T12:20:15+00:00","mainEntityOfPage":{"@id":"https:\/\/assecobs.pl\/blog\/obowiazki-pracodawcy-w-sezonie-zimowym\/"},"wordCount":657,"publisher":{"@id":"https:\/\/assecobs.pl\/blog\/#organization"},"image":{"@id":"https:\/\/assecobs.pl\/blog\/obowiazki-pracodawcy-w-sezonie-zimowym\/#primaryimage"},"thumbnailUrl":"https:\/\/assecobs.pl\/blog\/wp-content\/uploads\/sites\/14\/2023\/12\/Obowiazki-pracodawcy\u2028w-sezonie-zimowym-1170x515-1.png?wsr","keywords":["Zmiany prawne","Softlab","Macrologic","Wapro"],"articleSection":["HR","Zmiany prawne"],"inLanguage":"pl-PL"},{"@type":"WebPage","@id":"https:\/\/assecobs.pl\/blog\/obowiazki-pracodawcy-w-sezonie-zimowym\/","url":"https:\/\/assecobs.pl\/blog\/obowiazki-pracodawcy-w-sezonie-zimowym\/","name":"Obowi\u0105zki pracodawcy w sezonie zimowym - Zmiany prawne","isPartOf":{"@id":"https:\/\/assecobs.pl\/blog\/#website"},"primaryImageOfPage":{"@id":"https:\/\/assecobs.pl\/blog\/obowiazki-pracodawcy-w-sezonie-zimowym\/#primaryimage"},"image":{"@id":"https:\/\/assecobs.pl\/blog\/obowiazki-pracodawcy-w-sezonie-zimowym\/#primaryimage"},"thumbnailUrl":"https:\/\/assecobs.pl\/blog\/wp-content\/uploads\/sites\/14\/2023\/12\/Obowiazki-pracodawcy\u2028w-sezonie-zimowym-1170x515-1.png?wsr","datePublished":"2023-12-20T12:20:15+00:00","breadcrumb":{"@id":"https:\/\/assecobs.pl\/blog\/obowiazki-pracodawcy-w-sezonie-zimowym\/#breadcrumb"},"inLanguage":"pl-PL","potentialAction":[{"@type":"ReadAction","target":["https:\/\/assecobs.pl\/blog\/obowiazki-pracodawcy-w-sezonie-zimowym\/"]}]},{"@type":"ImageObject","inLanguage":"pl-PL","@id":"https:\/\/assecobs.pl\/blog\/obowiazki-pracodawcy-w-sezonie-zimowym\/#primaryimage","url":"https:\/\/assecobs.pl\/blog\/wp-content\/uploads\/sites\/14\/2023\/12\/Obowiazki-pracodawcy\u2028w-sezonie-zimowym-1170x515-1.png?wsr","contentUrl":"https:\/\/assecobs.pl\/blog\/wp-content\/uploads\/sites\/14\/2023\/12\/Obowiazki-pracodawcy\u2028w-sezonie-zimowym-1170x515-1.png?wsr","width":1170,"height":515},{"@type":"BreadcrumbList","@id":"https:\/\/assecobs.pl\/blog\/obowiazki-pracodawcy-w-sezonie-zimowym\/#breadcrumb","itemListElement":[{"@type":"ListItem","position":1,"name":"Strona g\u0142\u00f3wna","item":"https:\/\/assecobs.pl\/blog\/"},{"@type":"ListItem","position":2,"name":"Obowi\u0105zki pracodawcy w&nbsp;sezonie zimowym"}]},{"@type":"WebSite","@id":"https:\/\/assecobs.pl\/blog\/#website","url":"https:\/\/assecobs.pl\/blog\/","name":"Blog Asseco BS","description":"","publisher":{"@id":"https:\/\/assecobs.pl\/blog\/#organization"},"potentialAction":[{"@type":"SearchAction","target":{"@type":"EntryPoint","urlTemplate":"https:\/\/assecobs.pl\/blog\/?s={search_term_string}"},"query-input":{"@type":"PropertyValueSpecification","valueRequired":true,"valueName":"search_term_string"}}],"inLanguage":"pl-PL"},{"@type":"Organization","@id":"https:\/\/assecobs.pl\/blog\/#organization","name":"Asseco Business Solutions","url":"https:\/\/assecobs.pl\/blog\/","logo":{"@type":"ImageObject","inLanguage":"pl-PL","@id":"https:\/\/assecobs.pl\/blog\/#\/schema\/logo\/image\/","url":"https:\/\/assecobs.pl\/blog\/wp-content\/uploads\/sites\/14\/2020\/01\/abs-logo-user.jpg","contentUrl":"https:\/\/assecobs.pl\/blog\/wp-content\/uploads\/sites\/14\/2020\/01\/abs-logo-user.jpg","width":250,"height":251,"caption":"Asseco Business Solutions"},"image":{"@id":"https:\/\/assecobs.pl\/blog\/#\/schema\/logo\/image\/"},"sameAs":["https:\/\/www.facebook.com\/erpbyasseco\/","https:\/\/x.com\/asseco_bs","https:\/\/pl.linkedin.com\/company\/asseco-business-solutions-sa","https:\/\/www.youtube.com\/channel\/UCCU4su9i0ZMIrsS0P0bkYOA\/featured","https:\/\/pl.wikipedia.org\/wiki\/Asseco_Business_Solutions"]},{"@type":"Person","@id":"https:\/\/assecobs.pl\/blog\/#\/schema\/person\/f80fda34500adf83032aaf6c0b43749f","name":"Justyna \u015amigielska","image":{"@type":"ImageObject","inLanguage":"pl-PL","@id":"https:\/\/assecobs.pl\/blog\/wp-content\/uploads\/sites\/14\/2023\/09\/smigielsk2-150x150.png?wsr","url":"https:\/\/assecobs.pl\/blog\/wp-content\/uploads\/sites\/14\/2023\/09\/smigielsk2-150x150.png?wsr","contentUrl":"https:\/\/assecobs.pl\/blog\/wp-content\/uploads\/sites\/14\/2023\/09\/smigielsk2-150x150.png?wsr","caption":"Justyna \u015amigielska"},"description":"Specjalistka ds. ksi\u0119gowo\u015bci Outsourcing Rachunkowo\u015bci Grant Thornton","url":"https:\/\/assecobs.pl\/blog\/author\/justynasmigielska\/"}]}},"_links":{"self":[{"href":"https:\/\/assecobs.pl\/blog\/wp-json\/wp\/v2\/posts\/10207","targetHints":{"allow":["GET"]}}],"collection":[{"href":"https:\/\/assecobs.pl\/blog\/wp-json\/wp\/v2\/posts"}],"about":[{"href":"https:\/\/assecobs.pl\/blog\/wp-json\/wp\/v2\/types\/post"}],"author":[{"embeddable":true,"href":"https:\/\/assecobs.pl\/blog\/wp-json\/wp\/v2\/users\/51"}],"replies":[{"embeddable":true,"href":"https:\/\/assecobs.pl\/blog\/wp-json\/wp\/v2\/comments?post=10207"}],"version-history":[{"count":1,"href":"https:\/\/assecobs.pl\/blog\/wp-json\/wp\/v2\/posts\/10207\/revisions"}],"predecessor-version":[{"id":10209,"href":"https:\/\/assecobs.pl\/blog\/wp-json\/wp\/v2\/posts\/10207\/revisions\/10209"}],"wp:featuredmedia":[{"embeddable":true,"href":"https:\/\/assecobs.pl\/blog\/wp-json\/wp\/v2\/media\/10208"}],"wp:attachment":[{"href":"https:\/\/assecobs.pl\/blog\/wp-json\/wp\/v2\/media?parent=10207"}],"wp:term":[{"taxonomy":"category","embeddable":true,"href":"https:\/\/assecobs.pl\/blog\/wp-json\/wp\/v2\/categories?post=10207"},{"taxonomy":"post_tag","embeddable":true,"href":"https:\/\/assecobs.pl\/blog\/wp-json\/wp\/v2\/tags?post=10207"}],"curies":[{"name":"wp","href":"https:\/\/api.w.org\/{rel}","templated":true}]}}