{"id":10594,"date":"2024-04-19T12:24:12","date_gmt":"2024-04-19T10:24:12","guid":{"rendered":"https:\/\/blog.assecobs.pl\/?p=10594"},"modified":"2024-04-23T10:44:02","modified_gmt":"2024-04-23T08:44:02","slug":"rzad-wprowadzi-babciowe-pakiet-swiadczen-dla-rodzicow-w-ramach-programu-aktywny-rodzic","status":"publish","type":"post","link":"https:\/\/assecobs.pl\/blog\/rzad-wprowadzi-babciowe-pakiet-swiadczen-dla-rodzicow-w-ramach-programu-aktywny-rodzic\/","title":{"rendered":"Rz\u0105d wprowadzi &#8222;babciowe&#8221; \u2013 pakiet \u015bwiadcze\u0144 dla rodzic\u00f3w w ramach programu \u201eAktywny rodzic\u201d"},"content":{"rendered":"<p><strong>9 kwietnia br. rz\u0105d przyj\u0105\u0142 projekt ustawy o \u015bwiadczeniach rodzinnych w ramach programu \u201eAktywny rodzic\u201d, czyli tzw. &#8222;babciowe&#8221;. Autorzy przepis\u00f3w zaplanowali trzy r\u00f3\u017cne rozwi\u0105zania dla rodzic\u00f3w dzieci od roku do trzech lat. Jakie dok\u0142adnie i kto mo\u017ce si\u0119 o nie ubiega\u0107?<\/strong><\/p>\n\n<p><!--more--><\/p>\n<p>Celem programu <strong>\u201eAktywny rodzic\u201d<\/strong> jest <strong>wsparcie rodzic\u00f3w dzieci w wieku od 12 do 35 miesi\u0105ca \u017cycia<\/strong>, poprzez <strong>u\u0142atwienie<\/strong> im <strong>powrotu do pracy<\/strong> oraz <strong>pomoc w zapewnieniu opieki nad maluchami<\/strong>. Projekt wprowadza <strong>trzy formy wsparcia<\/strong> finansowego:<\/p>\n<ul>\n<li>\u201eAktywni rodzice w pracy\u201d,<\/li>\n<li>\u201eAktywnie w \u017c\u0142obku\u201d,<\/li>\n<li>\u201eAktywnie w domu\u201d.<\/li>\n<\/ul>\n<p>Inicjatywa ta ma na celu zast\u0105pienie dotychczasowych regulacji Rodzinnego Kapita\u0142u Opieku\u0144czego, oferuj\u0105c bardziej elastyczne podej\u015bcie do potrzeb rodzic\u00f3w.<\/p>\n<h2>Na czym b\u0119dzie polega\u0142o wsparcie w ramach pakietu \u201eAktywny rodzic\u201d?<\/h2>\n<p>Program <strong>\u201eAktywni rodzice w pracy\u201d<\/strong> zapewni rodzicom dzieci w wieku 12-35 miesi\u0119cy, kt\u00f3rzy wracaj\u0105 do pracy (lub ju\u017c wr\u00f3cili do pracy), wsparcie w wysoko\u015bci <strong>1500 z\u0142 miesi\u0119cznie lub 1900 z\u0142 na dziecko z niepe\u0142nosprawno\u015bci\u0105<\/strong>. \u015awiadczenie to, przewidziane na <strong>24 miesi\u0105ce<\/strong>, b\u0119dzie mo\u017cna wykorzysta\u0107 na op\u0142acenie opieki przez babci\u0119, dziadka lub innego opiekuna na podstawie <strong>umowy uaktywniaj\u0105cej<\/strong>. Dodatkowo, w przypadku emerytowanych opiekun\u00f3w, b\u0119dzie istnia\u0142a mo\u017cliwo\u015b\u0107 ubiegania si\u0119 o przeliczenie podstawy sk\u0142adek i otrzymanie wy\u017cszego \u015bwiadczenia emerytalnego.<\/p>\n<p>\u015awiadczenie z puli <strong>\u201eAktywnie w \u017c\u0142obku\u201d zast\u0105pi obowi\u0105zuj\u0105ce dot\u0105d dop\u0142aty do \u017c\u0142obk\u00f3w oraz innych form opieki nad ma\u0142ymi dzie\u0107mi<\/strong>. B\u0119dzie przys\u0142ugiwa\u0142o r\u00f3wnie\u017c w przypadku <strong>podj\u0119cia aktywno\u015bci zawodowej przez rodzica<\/strong>. Ma by\u0107 wyp\u0142acane w maksymalnej wysoko\u015bci 1500 z\u0142 lub 1900 z\u0142, nie wi\u0119cej jednak, ni\u017c wynosi op\u0142ata za \u017c\u0142obek, klub dzieci\u0119cy czy opiekuna dziennego w danej miejscowo\u015bci.<\/p>\n<p>Osoby, kt\u00f3re zdecyduj\u0105 si\u0119 na pozostanie w domu z dzieckiem \u2013 nie mog\u0105c lub nie chc\u0105c skorzysta\u0107 z dw\u00f3ch powy\u017cszych form pomocy \u2013 r\u00f3wnie\u017c otrzymaj\u0105 finansowe wsparcie. Wyniesie ono <strong>500 z\u0142 miesi\u0119cznie przez 24 miesi\u0105ce<\/strong>, ju\u017c od <strong>pierwszego dziecka<\/strong> (zamiast od drugiego, jak jest obecnie w ramach Rodzinnego Kapita\u0142u Opieku\u0144czego) i b\u0119dzie funkcjonowa\u0142o w ramach programu <strong>\u201eAktywnie w domu\u201d<\/strong>.<\/p>\n<h2>Kiedy \u201ebabciowe\u201d wejdzie w \u017cycie?<\/h2>\n<p>Premier Tusk podkre\u015bli\u0142 na konferencji prasowej, \u017ce liczy na sprawn\u0105 prac\u0119 Sejmu i wsp\u00f3\u0142prac\u0119 ze strony prezydenta, w celu szybkiego wdro\u017cenia projektowanych przepis\u00f3w. Koalicjanci rz\u0105dz\u0105cej partii oraz opozycja stwierdzili, \u017ce niezb\u0119dna jest dok\u0142adna analiza zaproponowanych rozwi\u0105za\u0144. Kiedy zatem przepisy \u201ebabciowego\u201d wejd\u0105 w \u017cycie? Zapraszamy do lektury pe\u0142nej tre\u015bci artyku\u0142u na domowej witrynie ekspert\u00f3w Grant Thornton pt.: <a href=\"https:\/\/grantthornton.pl\/publikacja\/rzad-przyjal-projekt-ustawy-aktywny-rodzic-co-zaklada-babciowe\/\">Rz\u0105d przyj\u0105\u0142 projekt ustawy \u201eAktywny rodzic\u201d. Co zak\u0142ada \u201ebabciowe\u201d<\/a>?<\/p>\n<div style=\"background: url('\/blog\/wp-content\/uploads\/sites\/14\/2023\/09\/GTlogo_alternatywne_www.png'); background-color: #512178; background-size: 30%; background-repeat: no-repeat; background-position-x: 15px; border: 1px solid #4F2D7F; border-top-left-radius: 8px; border-top-right-radius: 8px; padding: 50px 30px 5px; margin-top: 40px; box-shadow: 0 5px 15px 0 rgba(0,0,0,.15);\">\n<h6 style=\"color: #fff;\"><strong>Ten artyku\u0142 powsta\u0142 we wsp\u00f3\u0142pracy z <a href=\"https:\/\/grantthornton.pl\/\">Grant Thornton<\/a>.<\/strong><\/h6>\n<p style=\"color: #fff;\">Grant Thornton to jedna z wiod\u0105cych organizacji audytorsko-doradczych na \u015bwiecie, obecna w 147 krajach i zatrudniaj\u0105ca 68 tys. pracownik\u00f3w. W Polsce dzia\u0142a od 30 lat, a zesp\u00f3\u0142 licz\u0105cy oko\u0142o 1000 pracownik\u00f3w w 8 lokalizacjach wspiera klient\u00f3w w takich obszarach, jak m.in. outsourcing rachunkowo\u015bci oraz kadr i p\u0142ac, tax compliance, audyt, doradztwo podatkowe i finansowe, obs\u0142uga prawna, konsulting biznesowy i cyfrowy czy dotacje dla firm.<\/p>\n<\/div>\n<div style=\"border: 1px solid #4F2D7F; border-bottom-left-radius: 8px; border-bottom-right-radius: 8px; padding: 10px 30px; color: #512178;\">Grant Thornton w codziennej pracy korzysta z systemu <a href=\"https:\/\/assecobs.pl\/softlab\/\">Softlab ERP<\/a>.<\/div>\n<p>&nbsp;<\/p>\n","protected":false},"excerpt":{"rendered":"<p>9 kwietnia br. rz\u0105d przyj\u0105\u0142 projekt ustawy o \u015bwiadczeniach rodzinnych w ramach programu \u201eAktywny rodzic\u201d, czyli tzw. &#8222;babciowe&#8221;. Autorzy przepis\u00f3w zaplanowali trzy r\u00f3\u017cne rozwi\u0105zania dla rodzic\u00f3w dzieci od roku do trzech lat. Jakie dok\u0142adnie i kto mo\u017ce si\u0119 o nie ubiega\u0107?<\/p>\n","protected":false},"author":53,"featured_media":10597,"comment_status":"closed","ping_status":"closed","sticky":false,"template":"","format":"standard","meta":{"_acf_changed":false,"inline_featured_image":false,"footnotes":""},"categories":[120],"tags":[170,112,116,117],"class_list":{"0":"post-10594","1":"post","2":"type-post","3":"status-publish","4":"format-standard","5":"has-post-thumbnail","7":"category-hr","8":"tag-zmiany-prawne","9":"tag-softlab","10":"tag-macrologic","11":"tag-wapro"},"acf":[],"yoast_head":"<!-- This site is optimized with the Yoast SEO plugin v27.5 - https:\/\/yoast.com\/product\/yoast-seo-wordpress\/ -->\n<title>Rz\u0105d wprowadzi &quot;babciowe&quot; \u2013 pakiet \u015bwiadcze\u0144 dla rodzic\u00f3w w ramach programu \u201eAktywny rodzic\u201d - HR<\/title>\n<meta name=\"robots\" content=\"index, follow, max-snippet:-1, max-image-preview:large, max-video-preview:-1\" \/>\n<link rel=\"canonical\" href=\"https:\/\/assecobs.pl\/blog\/rzad-wprowadzi-babciowe-pakiet-swiadczen-dla-rodzicow-w-ramach-programu-aktywny-rodzic\/\" \/>\n<meta property=\"og:locale\" content=\"pl_PL\" \/>\n<meta property=\"og:type\" content=\"article\" \/>\n<meta property=\"og:title\" content=\"Rz\u0105d wprowadzi &quot;babciowe&quot; \u2013 pakiet \u015bwiadcze\u0144 dla rodzic\u00f3w w ramach programu \u201eAktywny rodzic\u201d - HR\" \/>\n<meta property=\"og:description\" content=\"9 kwietnia br. rz\u0105d przyj\u0105\u0142 projekt ustawy o \u015bwiadczeniach rodzinnych w ramach programu \u201eAktywny rodzic\u201d, czyli tzw. &#8222;babciowe&#8221;. Autorzy przepis\u00f3w zaplanowali trzy r\u00f3\u017cne rozwi\u0105zania dla rodzic\u00f3w dzieci od roku do trzech lat. Jakie dok\u0142adnie i kto mo\u017ce si\u0119 o nie ubiega\u0107?\" \/>\n<meta property=\"og:url\" content=\"https:\/\/assecobs.pl\/blog\/rzad-wprowadzi-babciowe-pakiet-swiadczen-dla-rodzicow-w-ramach-programu-aktywny-rodzic\/\" \/>\n<meta property=\"og:site_name\" content=\"Blog Asseco BS\" \/>\n<meta property=\"article:publisher\" content=\"https:\/\/www.facebook.com\/erpbyasseco\/\" \/>\n<meta property=\"article:published_time\" content=\"2024-04-19T10:24:12+00:00\" \/>\n<meta property=\"article:modified_time\" content=\"2024-04-23T08:44:02+00:00\" \/>\n<meta property=\"og:image\" content=\"https:\/\/assecobs.pl\/blog\/wp-content\/uploads\/sites\/14\/2024\/04\/Rzad-wprowadzi-_babciowe_-\u2013-kiedy-wejdzie-w-zycie_-1002x515-1.png\" \/>\n\t<meta property=\"og:image:width\" content=\"1002\" \/>\n\t<meta property=\"og:image:height\" content=\"515\" \/>\n\t<meta property=\"og:image:type\" content=\"image\/png\" \/>\n<meta name=\"author\" content=\"Honorata Zakrzewska-Krzy\u015b\" \/>\n<meta name=\"twitter:card\" content=\"summary_large_image\" \/>\n<meta name=\"twitter:creator\" content=\"@asseco_bs\" \/>\n<meta name=\"twitter:site\" content=\"@asseco_bs\" \/>\n<meta name=\"twitter:label1\" content=\"Napisane przez\" \/>\n\t<meta name=\"twitter:data1\" content=\"Honorata Zakrzewska-Krzy\u015b\" \/>\n\t<meta name=\"twitter:label2\" content=\"Szacowany czas czytania\" \/>\n\t<meta name=\"twitter:data2\" content=\"3 minuty\" \/>\n<script type=\"application\/ld+json\" class=\"yoast-schema-graph\">{\"@context\":\"https:\\\/\\\/schema.org\",\"@graph\":[{\"@type\":\"Article\",\"@id\":\"https:\\\/\\\/assecobs.pl\\\/blog\\\/rzad-wprowadzi-babciowe-pakiet-swiadczen-dla-rodzicow-w-ramach-programu-aktywny-rodzic\\\/#article\",\"isPartOf\":{\"@id\":\"https:\\\/\\\/assecobs.pl\\\/blog\\\/rzad-wprowadzi-babciowe-pakiet-swiadczen-dla-rodzicow-w-ramach-programu-aktywny-rodzic\\\/\"},\"author\":{\"name\":\"Honorata Zakrzewska-Krzy\u015b\",\"@id\":\"https:\\\/\\\/assecobs.pl\\\/blog\\\/#\\\/schema\\\/person\\\/5dfcf6ceba03b1f9ccf3ef5ba7445ccc\"},\"headline\":\"Rz\u0105d wprowadzi &#8222;babciowe&#8221; \u2013 pakiet \u015bwiadcze\u0144 dla rodzic\u00f3w w ramach programu \u201eAktywny rodzic\u201d\",\"datePublished\":\"2024-04-19T10:24:12+00:00\",\"dateModified\":\"2024-04-23T08:44:02+00:00\",\"mainEntityOfPage\":{\"@id\":\"https:\\\/\\\/assecobs.pl\\\/blog\\\/rzad-wprowadzi-babciowe-pakiet-swiadczen-dla-rodzicow-w-ramach-programu-aktywny-rodzic\\\/\"},\"wordCount\":552,\"publisher\":{\"@id\":\"https:\\\/\\\/assecobs.pl\\\/blog\\\/#organization\"},\"image\":{\"@id\":\"https:\\\/\\\/assecobs.pl\\\/blog\\\/rzad-wprowadzi-babciowe-pakiet-swiadczen-dla-rodzicow-w-ramach-programu-aktywny-rodzic\\\/#primaryimage\"},\"thumbnailUrl\":\"https:\\\/\\\/assecobs.pl\\\/blog\\\/wp-content\\\/uploads\\\/sites\\\/14\\\/2024\\\/04\\\/Rzad-wprowadzi-_babciowe_-\u2013-kiedy-wejdzie-w-zycie_-1170x515-1.png?wsr\",\"keywords\":[\"Zmiany prawne\",\"Softlab\",\"Macrologic\",\"Wapro\"],\"articleSection\":[\"HR\"],\"inLanguage\":\"pl-PL\"},{\"@type\":\"WebPage\",\"@id\":\"https:\\\/\\\/assecobs.pl\\\/blog\\\/rzad-wprowadzi-babciowe-pakiet-swiadczen-dla-rodzicow-w-ramach-programu-aktywny-rodzic\\\/\",\"url\":\"https:\\\/\\\/assecobs.pl\\\/blog\\\/rzad-wprowadzi-babciowe-pakiet-swiadczen-dla-rodzicow-w-ramach-programu-aktywny-rodzic\\\/\",\"name\":\"Rz\u0105d wprowadzi \\\"babciowe\\\" \u2013 pakiet \u015bwiadcze\u0144 dla rodzic\u00f3w w ramach programu \u201eAktywny rodzic\u201d - HR\",\"isPartOf\":{\"@id\":\"https:\\\/\\\/assecobs.pl\\\/blog\\\/#website\"},\"primaryImageOfPage\":{\"@id\":\"https:\\\/\\\/assecobs.pl\\\/blog\\\/rzad-wprowadzi-babciowe-pakiet-swiadczen-dla-rodzicow-w-ramach-programu-aktywny-rodzic\\\/#primaryimage\"},\"image\":{\"@id\":\"https:\\\/\\\/assecobs.pl\\\/blog\\\/rzad-wprowadzi-babciowe-pakiet-swiadczen-dla-rodzicow-w-ramach-programu-aktywny-rodzic\\\/#primaryimage\"},\"thumbnailUrl\":\"https:\\\/\\\/assecobs.pl\\\/blog\\\/wp-content\\\/uploads\\\/sites\\\/14\\\/2024\\\/04\\\/Rzad-wprowadzi-_babciowe_-\u2013-kiedy-wejdzie-w-zycie_-1170x515-1.png?wsr\",\"datePublished\":\"2024-04-19T10:24:12+00:00\",\"dateModified\":\"2024-04-23T08:44:02+00:00\",\"breadcrumb\":{\"@id\":\"https:\\\/\\\/assecobs.pl\\\/blog\\\/rzad-wprowadzi-babciowe-pakiet-swiadczen-dla-rodzicow-w-ramach-programu-aktywny-rodzic\\\/#breadcrumb\"},\"inLanguage\":\"pl-PL\",\"potentialAction\":[{\"@type\":\"ReadAction\",\"target\":[\"https:\\\/\\\/assecobs.pl\\\/blog\\\/rzad-wprowadzi-babciowe-pakiet-swiadczen-dla-rodzicow-w-ramach-programu-aktywny-rodzic\\\/\"]}]},{\"@type\":\"ImageObject\",\"inLanguage\":\"pl-PL\",\"@id\":\"https:\\\/\\\/assecobs.pl\\\/blog\\\/rzad-wprowadzi-babciowe-pakiet-swiadczen-dla-rodzicow-w-ramach-programu-aktywny-rodzic\\\/#primaryimage\",\"url\":\"https:\\\/\\\/assecobs.pl\\\/blog\\\/wp-content\\\/uploads\\\/sites\\\/14\\\/2024\\\/04\\\/Rzad-wprowadzi-_babciowe_-\u2013-kiedy-wejdzie-w-zycie_-1170x515-1.png?wsr\",\"contentUrl\":\"https:\\\/\\\/assecobs.pl\\\/blog\\\/wp-content\\\/uploads\\\/sites\\\/14\\\/2024\\\/04\\\/Rzad-wprowadzi-_babciowe_-\u2013-kiedy-wejdzie-w-zycie_-1170x515-1.png?wsr\",\"width\":1170,\"height\":515},{\"@type\":\"BreadcrumbList\",\"@id\":\"https:\\\/\\\/assecobs.pl\\\/blog\\\/rzad-wprowadzi-babciowe-pakiet-swiadczen-dla-rodzicow-w-ramach-programu-aktywny-rodzic\\\/#breadcrumb\",\"itemListElement\":[{\"@type\":\"ListItem\",\"position\":1,\"name\":\"Strona g\u0142\u00f3wna\",\"item\":\"https:\\\/\\\/assecobs.pl\\\/blog\\\/\"},{\"@type\":\"ListItem\",\"position\":2,\"name\":\"Rz\u0105d wprowadzi &#8222;babciowe&#8221; \u2013 pakiet \u015bwiadcze\u0144 dla rodzic\u00f3w w&nbsp;ramach programu \u201eAktywny rodzic\u201d\"}]},{\"@type\":\"WebSite\",\"@id\":\"https:\\\/\\\/assecobs.pl\\\/blog\\\/#website\",\"url\":\"https:\\\/\\\/assecobs.pl\\\/blog\\\/\",\"name\":\"Blog Asseco BS\",\"description\":\"\",\"publisher\":{\"@id\":\"https:\\\/\\\/assecobs.pl\\\/blog\\\/#organization\"},\"potentialAction\":[{\"@type\":\"SearchAction\",\"target\":{\"@type\":\"EntryPoint\",\"urlTemplate\":\"https:\\\/\\\/assecobs.pl\\\/blog\\\/?s={search_term_string}\"},\"query-input\":{\"@type\":\"PropertyValueSpecification\",\"valueRequired\":true,\"valueName\":\"search_term_string\"}}],\"inLanguage\":\"pl-PL\"},{\"@type\":\"Organization\",\"@id\":\"https:\\\/\\\/assecobs.pl\\\/blog\\\/#organization\",\"name\":\"Asseco Business Solutions\",\"url\":\"https:\\\/\\\/assecobs.pl\\\/blog\\\/\",\"logo\":{\"@type\":\"ImageObject\",\"inLanguage\":\"pl-PL\",\"@id\":\"https:\\\/\\\/assecobs.pl\\\/blog\\\/#\\\/schema\\\/logo\\\/image\\\/\",\"url\":\"https:\\\/\\\/assecobs.pl\\\/blog\\\/wp-content\\\/uploads\\\/sites\\\/14\\\/2020\\\/01\\\/abs-logo-user.jpg\",\"contentUrl\":\"https:\\\/\\\/assecobs.pl\\\/blog\\\/wp-content\\\/uploads\\\/sites\\\/14\\\/2020\\\/01\\\/abs-logo-user.jpg\",\"width\":250,\"height\":251,\"caption\":\"Asseco Business Solutions\"},\"image\":{\"@id\":\"https:\\\/\\\/assecobs.pl\\\/blog\\\/#\\\/schema\\\/logo\\\/image\\\/\"},\"sameAs\":[\"https:\\\/\\\/www.facebook.com\\\/erpbyasseco\\\/\",\"https:\\\/\\\/x.com\\\/asseco_bs\",\"https:\\\/\\\/pl.linkedin.com\\\/company\\\/asseco-business-solutions-sa\",\"https:\\\/\\\/www.youtube.com\\\/channel\\\/UCCU4su9i0ZMIrsS0P0bkYOA\\\/featured\",\"https:\\\/\\\/pl.wikipedia.org\\\/wiki\\\/Asseco_Business_Solutions\"]},{\"@type\":\"Person\",\"@id\":\"https:\\\/\\\/assecobs.pl\\\/blog\\\/#\\\/schema\\\/person\\\/5dfcf6ceba03b1f9ccf3ef5ba7445ccc\",\"name\":\"Honorata Zakrzewska-Krzy\u015b\",\"image\":{\"@type\":\"ImageObject\",\"inLanguage\":\"pl-PL\",\"@id\":\"https:\\\/\\\/assecobs.pl\\\/blog\\\/wp-content\\\/uploads\\\/sites\\\/14\\\/2023\\\/09\\\/honoratazk-150x150.png?wsr\",\"url\":\"https:\\\/\\\/assecobs.pl\\\/blog\\\/wp-content\\\/uploads\\\/sites\\\/14\\\/2023\\\/09\\\/honoratazk-150x150.png?wsr\",\"contentUrl\":\"https:\\\/\\\/assecobs.pl\\\/blog\\\/wp-content\\\/uploads\\\/sites\\\/14\\\/2023\\\/09\\\/honoratazk-150x150.png?wsr\",\"caption\":\"Honorata Zakrzewska-Krzy\u015b\"},\"description\":\"Starszy specjalista ds. content marketingu w Grant Thornton. Prasowy dziennikarz ekonomiczny z kilkunastoletnim do\u015bwiadczeniem zawodowym, samodzielna ksi\u0119gowa. Wieloletni wsp\u00f3\u0142pracownik Grupy Wydawniczej Infor oraz Wydawnictwa Wiedza i Praktyka. Pisa\u0142a m.in. dla Dziennika Gazety Prawnej czy Wydawcy Harvard Business Review Polska. Laureatka wyr\u00f3\u017cnienia prasowego \u201ePi\u00f3ro Odpowiedzialno\u015bci\u201d przyznawanego przez Forum Odpowiedzialnego Biznesu.\",\"url\":\"https:\\\/\\\/assecobs.pl\\\/blog\\\/author\\\/honoratazakrzewskakrzys\\\/\"}]}<\/script>\n<!-- \/ Yoast SEO plugin. -->","yoast_head_json":{"title":"Rz\u0105d wprowadzi \"babciowe\" \u2013 pakiet \u015bwiadcze\u0144 dla rodzic\u00f3w w ramach programu \u201eAktywny rodzic\u201d - HR","robots":{"index":"index","follow":"follow","max-snippet":"max-snippet:-1","max-image-preview":"max-image-preview:large","max-video-preview":"max-video-preview:-1"},"canonical":"https:\/\/assecobs.pl\/blog\/rzad-wprowadzi-babciowe-pakiet-swiadczen-dla-rodzicow-w-ramach-programu-aktywny-rodzic\/","og_locale":"pl_PL","og_type":"article","og_title":"Rz\u0105d wprowadzi \"babciowe\" \u2013 pakiet \u015bwiadcze\u0144 dla rodzic\u00f3w w ramach programu \u201eAktywny rodzic\u201d - HR","og_description":"9 kwietnia br. rz\u0105d przyj\u0105\u0142 projekt ustawy o \u015bwiadczeniach rodzinnych w ramach programu \u201eAktywny rodzic\u201d, czyli tzw. &#8222;babciowe&#8221;. Autorzy przepis\u00f3w zaplanowali trzy r\u00f3\u017cne rozwi\u0105zania dla rodzic\u00f3w dzieci od roku do trzech lat. Jakie dok\u0142adnie i kto mo\u017ce si\u0119 o nie ubiega\u0107?","og_url":"https:\/\/assecobs.pl\/blog\/rzad-wprowadzi-babciowe-pakiet-swiadczen-dla-rodzicow-w-ramach-programu-aktywny-rodzic\/","og_site_name":"Blog Asseco BS","article_publisher":"https:\/\/www.facebook.com\/erpbyasseco\/","article_published_time":"2024-04-19T10:24:12+00:00","article_modified_time":"2024-04-23T08:44:02+00:00","og_image":[{"width":1002,"height":515,"url":"https:\/\/assecobs.pl\/blog\/wp-content\/uploads\/sites\/14\/2024\/04\/Rzad-wprowadzi-_babciowe_-\u2013-kiedy-wejdzie-w-zycie_-1002x515-1.png","type":"image\/png"}],"author":"Honorata Zakrzewska-Krzy\u015b","twitter_card":"summary_large_image","twitter_creator":"@asseco_bs","twitter_site":"@asseco_bs","twitter_misc":{"Napisane przez":"Honorata Zakrzewska-Krzy\u015b","Szacowany czas czytania":"3 minuty"},"schema":{"@context":"https:\/\/schema.org","@graph":[{"@type":"Article","@id":"https:\/\/assecobs.pl\/blog\/rzad-wprowadzi-babciowe-pakiet-swiadczen-dla-rodzicow-w-ramach-programu-aktywny-rodzic\/#article","isPartOf":{"@id":"https:\/\/assecobs.pl\/blog\/rzad-wprowadzi-babciowe-pakiet-swiadczen-dla-rodzicow-w-ramach-programu-aktywny-rodzic\/"},"author":{"name":"Honorata Zakrzewska-Krzy\u015b","@id":"https:\/\/assecobs.pl\/blog\/#\/schema\/person\/5dfcf6ceba03b1f9ccf3ef5ba7445ccc"},"headline":"Rz\u0105d wprowadzi &#8222;babciowe&#8221; \u2013 pakiet \u015bwiadcze\u0144 dla rodzic\u00f3w w ramach programu \u201eAktywny rodzic\u201d","datePublished":"2024-04-19T10:24:12+00:00","dateModified":"2024-04-23T08:44:02+00:00","mainEntityOfPage":{"@id":"https:\/\/assecobs.pl\/blog\/rzad-wprowadzi-babciowe-pakiet-swiadczen-dla-rodzicow-w-ramach-programu-aktywny-rodzic\/"},"wordCount":552,"publisher":{"@id":"https:\/\/assecobs.pl\/blog\/#organization"},"image":{"@id":"https:\/\/assecobs.pl\/blog\/rzad-wprowadzi-babciowe-pakiet-swiadczen-dla-rodzicow-w-ramach-programu-aktywny-rodzic\/#primaryimage"},"thumbnailUrl":"https:\/\/assecobs.pl\/blog\/wp-content\/uploads\/sites\/14\/2024\/04\/Rzad-wprowadzi-_babciowe_-\u2013-kiedy-wejdzie-w-zycie_-1170x515-1.png?wsr","keywords":["Zmiany prawne","Softlab","Macrologic","Wapro"],"articleSection":["HR"],"inLanguage":"pl-PL"},{"@type":"WebPage","@id":"https:\/\/assecobs.pl\/blog\/rzad-wprowadzi-babciowe-pakiet-swiadczen-dla-rodzicow-w-ramach-programu-aktywny-rodzic\/","url":"https:\/\/assecobs.pl\/blog\/rzad-wprowadzi-babciowe-pakiet-swiadczen-dla-rodzicow-w-ramach-programu-aktywny-rodzic\/","name":"Rz\u0105d wprowadzi \"babciowe\" \u2013 pakiet \u015bwiadcze\u0144 dla rodzic\u00f3w w ramach programu \u201eAktywny rodzic\u201d - HR","isPartOf":{"@id":"https:\/\/assecobs.pl\/blog\/#website"},"primaryImageOfPage":{"@id":"https:\/\/assecobs.pl\/blog\/rzad-wprowadzi-babciowe-pakiet-swiadczen-dla-rodzicow-w-ramach-programu-aktywny-rodzic\/#primaryimage"},"image":{"@id":"https:\/\/assecobs.pl\/blog\/rzad-wprowadzi-babciowe-pakiet-swiadczen-dla-rodzicow-w-ramach-programu-aktywny-rodzic\/#primaryimage"},"thumbnailUrl":"https:\/\/assecobs.pl\/blog\/wp-content\/uploads\/sites\/14\/2024\/04\/Rzad-wprowadzi-_babciowe_-\u2013-kiedy-wejdzie-w-zycie_-1170x515-1.png?wsr","datePublished":"2024-04-19T10:24:12+00:00","dateModified":"2024-04-23T08:44:02+00:00","breadcrumb":{"@id":"https:\/\/assecobs.pl\/blog\/rzad-wprowadzi-babciowe-pakiet-swiadczen-dla-rodzicow-w-ramach-programu-aktywny-rodzic\/#breadcrumb"},"inLanguage":"pl-PL","potentialAction":[{"@type":"ReadAction","target":["https:\/\/assecobs.pl\/blog\/rzad-wprowadzi-babciowe-pakiet-swiadczen-dla-rodzicow-w-ramach-programu-aktywny-rodzic\/"]}]},{"@type":"ImageObject","inLanguage":"pl-PL","@id":"https:\/\/assecobs.pl\/blog\/rzad-wprowadzi-babciowe-pakiet-swiadczen-dla-rodzicow-w-ramach-programu-aktywny-rodzic\/#primaryimage","url":"https:\/\/assecobs.pl\/blog\/wp-content\/uploads\/sites\/14\/2024\/04\/Rzad-wprowadzi-_babciowe_-\u2013-kiedy-wejdzie-w-zycie_-1170x515-1.png?wsr","contentUrl":"https:\/\/assecobs.pl\/blog\/wp-content\/uploads\/sites\/14\/2024\/04\/Rzad-wprowadzi-_babciowe_-\u2013-kiedy-wejdzie-w-zycie_-1170x515-1.png?wsr","width":1170,"height":515},{"@type":"BreadcrumbList","@id":"https:\/\/assecobs.pl\/blog\/rzad-wprowadzi-babciowe-pakiet-swiadczen-dla-rodzicow-w-ramach-programu-aktywny-rodzic\/#breadcrumb","itemListElement":[{"@type":"ListItem","position":1,"name":"Strona g\u0142\u00f3wna","item":"https:\/\/assecobs.pl\/blog\/"},{"@type":"ListItem","position":2,"name":"Rz\u0105d wprowadzi &#8222;babciowe&#8221; \u2013 pakiet \u015bwiadcze\u0144 dla rodzic\u00f3w w&nbsp;ramach programu \u201eAktywny rodzic\u201d"}]},{"@type":"WebSite","@id":"https:\/\/assecobs.pl\/blog\/#website","url":"https:\/\/assecobs.pl\/blog\/","name":"Blog Asseco BS","description":"","publisher":{"@id":"https:\/\/assecobs.pl\/blog\/#organization"},"potentialAction":[{"@type":"SearchAction","target":{"@type":"EntryPoint","urlTemplate":"https:\/\/assecobs.pl\/blog\/?s={search_term_string}"},"query-input":{"@type":"PropertyValueSpecification","valueRequired":true,"valueName":"search_term_string"}}],"inLanguage":"pl-PL"},{"@type":"Organization","@id":"https:\/\/assecobs.pl\/blog\/#organization","name":"Asseco Business Solutions","url":"https:\/\/assecobs.pl\/blog\/","logo":{"@type":"ImageObject","inLanguage":"pl-PL","@id":"https:\/\/assecobs.pl\/blog\/#\/schema\/logo\/image\/","url":"https:\/\/assecobs.pl\/blog\/wp-content\/uploads\/sites\/14\/2020\/01\/abs-logo-user.jpg","contentUrl":"https:\/\/assecobs.pl\/blog\/wp-content\/uploads\/sites\/14\/2020\/01\/abs-logo-user.jpg","width":250,"height":251,"caption":"Asseco Business Solutions"},"image":{"@id":"https:\/\/assecobs.pl\/blog\/#\/schema\/logo\/image\/"},"sameAs":["https:\/\/www.facebook.com\/erpbyasseco\/","https:\/\/x.com\/asseco_bs","https:\/\/pl.linkedin.com\/company\/asseco-business-solutions-sa","https:\/\/www.youtube.com\/channel\/UCCU4su9i0ZMIrsS0P0bkYOA\/featured","https:\/\/pl.wikipedia.org\/wiki\/Asseco_Business_Solutions"]},{"@type":"Person","@id":"https:\/\/assecobs.pl\/blog\/#\/schema\/person\/5dfcf6ceba03b1f9ccf3ef5ba7445ccc","name":"Honorata Zakrzewska-Krzy\u015b","image":{"@type":"ImageObject","inLanguage":"pl-PL","@id":"https:\/\/assecobs.pl\/blog\/wp-content\/uploads\/sites\/14\/2023\/09\/honoratazk-150x150.png?wsr","url":"https:\/\/assecobs.pl\/blog\/wp-content\/uploads\/sites\/14\/2023\/09\/honoratazk-150x150.png?wsr","contentUrl":"https:\/\/assecobs.pl\/blog\/wp-content\/uploads\/sites\/14\/2023\/09\/honoratazk-150x150.png?wsr","caption":"Honorata Zakrzewska-Krzy\u015b"},"description":"Starszy specjalista ds. content marketingu w Grant Thornton. Prasowy dziennikarz ekonomiczny z kilkunastoletnim do\u015bwiadczeniem zawodowym, samodzielna ksi\u0119gowa. Wieloletni wsp\u00f3\u0142pracownik Grupy Wydawniczej Infor oraz Wydawnictwa Wiedza i Praktyka. Pisa\u0142a m.in. dla Dziennika Gazety Prawnej czy Wydawcy Harvard Business Review Polska. Laureatka wyr\u00f3\u017cnienia prasowego \u201ePi\u00f3ro Odpowiedzialno\u015bci\u201d przyznawanego przez Forum Odpowiedzialnego Biznesu.","url":"https:\/\/assecobs.pl\/blog\/author\/honoratazakrzewskakrzys\/"}]}},"_links":{"self":[{"href":"https:\/\/assecobs.pl\/blog\/wp-json\/wp\/v2\/posts\/10594","targetHints":{"allow":["GET"]}}],"collection":[{"href":"https:\/\/assecobs.pl\/blog\/wp-json\/wp\/v2\/posts"}],"about":[{"href":"https:\/\/assecobs.pl\/blog\/wp-json\/wp\/v2\/types\/post"}],"author":[{"embeddable":true,"href":"https:\/\/assecobs.pl\/blog\/wp-json\/wp\/v2\/users\/53"}],"replies":[{"embeddable":true,"href":"https:\/\/assecobs.pl\/blog\/wp-json\/wp\/v2\/comments?post=10594"}],"version-history":[{"count":3,"href":"https:\/\/assecobs.pl\/blog\/wp-json\/wp\/v2\/posts\/10594\/revisions"}],"predecessor-version":[{"id":10604,"href":"https:\/\/assecobs.pl\/blog\/wp-json\/wp\/v2\/posts\/10594\/revisions\/10604"}],"wp:featuredmedia":[{"embeddable":true,"href":"https:\/\/assecobs.pl\/blog\/wp-json\/wp\/v2\/media\/10597"}],"wp:attachment":[{"href":"https:\/\/assecobs.pl\/blog\/wp-json\/wp\/v2\/media?parent=10594"}],"wp:term":[{"taxonomy":"category","embeddable":true,"href":"https:\/\/assecobs.pl\/blog\/wp-json\/wp\/v2\/categories?post=10594"},{"taxonomy":"post_tag","embeddable":true,"href":"https:\/\/assecobs.pl\/blog\/wp-json\/wp\/v2\/tags?post=10594"}],"curies":[{"name":"wp","href":"https:\/\/api.w.org\/{rel}","templated":true}]}}