{"id":5192,"date":"2017-09-27T14:35:10","date_gmt":"2017-09-27T12:35:10","guid":{"rendered":"https:\/\/test-blog.assecobs.pl\/?p=5192"},"modified":"2019-12-06T15:06:11","modified_gmt":"2019-12-06T14:06:11","slug":"relacja-z-konferencji-dla-uzytkownikow-systemu-softlab-erp-by-asseco","status":"publish","type":"post","link":"https:\/\/assecobs.pl\/blog\/relacja-z-konferencji-dla-uzytkownikow-systemu-softlab-erp-by-asseco\/","title":{"rendered":"Relacja z konferencji dla u\u017cytkownik\u00f3w systemu Softlab ERP by Asseco"},"content":{"rendered":"<p>W dniu 27 wrze\u015bnia 2017 roku w Warszawie odby\u0142a si\u0119 konferencja przeznaczona dla kluczowych Klient\u00f3w Asseco Business Solutions, korzystaj\u0105cych w swojej pracy z rozwi\u0105zania Softlab ERP by Asseco. W trakcie spotkania poruszyli\u015bmy najwa\u017cniejsze tematy z obszaru WMS i produkcji.<\/p>\n<p><strong>W trakcie spotkania poruszyli\u015bmy wa\u017cne i mamy nadziej\u0119 inspiruj\u0105ce tematy z obszaru WMS i produkcji:<\/strong><\/p>\n<ul>\n<li>jak udoskonali\u0107 proces przyj\u0119cia dostaw na magazyn oraz zwi\u0119kszy\u0107 kontrol\u0119 jako\u015bci na przyj\u0119ciu,<\/li>\n<li>jak efektywnie tworzy\u0107 harmonogram kr\u00f3tkookresowy oraz skutecznie analizowa\u0107 zagro\u017cenia realizacji produkcji,<\/li>\n<li>jak wykorzysta\u0107 terminale dotykowe do takich zada\u0144 jak m.in. rozliczenie produkcji czy listy kontrolne, a tak\u017ce wprowadzi\u0107 przyjazny w obs\u0142udze i skuteczny dashboard monitoringu produkcji oraz analiz\u0119 OEE,<\/li>\n<li>jak jeszcze skuteczniej zarz\u0105dza\u0107 wydaniami produkt\u00f3w z magazynu, m.in. optymalizuj\u0105c trasy, czy umo\u017cliwiaj\u0105c dynamiczn\u0105 zbi\u00f3rk\u0119,<\/li>\n<li>jak umo\u017cliwi\u0107 efektywn\u0105 integracj\u0119 z firmami kurierskimi.<\/li>\n<\/ul>\n<h2>Zach\u0119camy do obejrzenia relacji z warsztat\u00f3w<\/h2>\n<p>&nbsp;<\/p>\n<p style=\"text-align: center;\"><iframe loading=\"lazy\" src=\"https:\/\/www.youtube.com\/embed\/Rs5euFemAFU\" width=\"800\" height=\"450\" frameborder=\"0\" allowfullscreen=\"allowfullscreen\"><span data-mce-type=\"bookmark\" style=\"display: inline-block; width: 0px; overflow: hidden; line-height: 0;\" class=\"mce_SELRES_start\">\ufeff<\/span><span data-mce-type=\"bookmark\" style=\"display: inline-block; width: 0px; overflow: hidden; line-height: 0;\" class=\"mce_SELRES_start\">\ufeff<\/span><span data-mce-type=\"bookmark\" style=\"display: inline-block; width: 0px; overflow: hidden; line-height: 0;\" class=\"mce_SELRES_start\">\ufeff<\/span><span data-mce-type=\"bookmark\" style=\"display: inline-block; width: 0px; overflow: hidden; line-height: 0;\" class=\"mce_SELRES_start\">\ufeff<\/span><span data-mce-type=\"bookmark\" style=\"display: inline-block; width: 0px; overflow: hidden; line-height: 0;\" class=\"mce_SELRES_start\">\ufeff<\/span><span data-mce-type=\"bookmark\" style=\"display: inline-block; width: 0px; overflow: hidden; line-height: 0;\" class=\"mce_SELRES_start\">\ufeff<\/span><\/iframe><\/p>\n","protected":false},"excerpt":{"rendered":"<p>W dniu 27 wrze\u015bnia 2017 roku w Warszawie odby\u0142a si\u0119 konferencja przeznaczona dla kluczowych Klient\u00f3w Asseco Business Solutions, korzystaj\u0105cych w swojej pracy z rozwi\u0105zania Softlab ERP by Asseco. W trakcie spotkania poruszyli\u015bmy najwa\u017cniejsze tematy z obszaru WMS i produkcji. W trakcie spotkania poruszyli\u015bmy wa\u017cne i mamy nadziej\u0119 inspiruj\u0105ce tematy z obszaru WMS i produkcji: jak<\/p>\n","protected":false},"author":6,"featured_media":5966,"comment_status":"closed","ping_status":"closed","sticky":false,"template":"","format":"standard","meta":{"_acf_changed":false,"inline_featured_image":false,"footnotes":""},"categories":[180,158,128],"tags":[182,34,112],"class_list":{"0":"post-5192","1":"post","2":"type-post","3":"status-publish","4":"format-standard","5":"has-post-thumbnail","7":"category-produkcja","8":"category-wideo","9":"category-zarzadzanie-magazynem","10":"tag-wydarzenia","11":"tag-wms","12":"tag-softlab"},"acf":[],"yoast_head":"<!-- This site is optimized with the Yoast SEO plugin v27.2 - https:\/\/yoast.com\/product\/yoast-seo-wordpress\/ -->\n<title>Relacja z konferencji dla u\u017cytkownik\u00f3w systemu Softlab ERP by Asseco - Produkcja<\/title>\n<meta name=\"robots\" content=\"index, follow, max-snippet:-1, max-image-preview:large, max-video-preview:-1\" \/>\n<link rel=\"canonical\" href=\"https:\/\/assecobs.pl\/blog\/relacja-z-konferencji-dla-uzytkownikow-systemu-softlab-erp-by-asseco\/\" \/>\n<meta property=\"og:locale\" content=\"pl_PL\" \/>\n<meta property=\"og:type\" content=\"article\" \/>\n<meta property=\"og:title\" content=\"Relacja z konferencji dla u\u017cytkownik\u00f3w systemu Softlab ERP by Asseco - Produkcja\" \/>\n<meta property=\"og:description\" content=\"W dniu 27 wrze\u015bnia 2017 roku w Warszawie odby\u0142a si\u0119 konferencja przeznaczona dla kluczowych Klient\u00f3w Asseco Business Solutions, korzystaj\u0105cych w swojej pracy z rozwi\u0105zania Softlab ERP by Asseco. W trakcie spotkania poruszyli\u015bmy najwa\u017cniejsze tematy z obszaru WMS i produkcji. W trakcie spotkania poruszyli\u015bmy wa\u017cne i mamy nadziej\u0119 inspiruj\u0105ce tematy z obszaru WMS i produkcji: jak\" \/>\n<meta property=\"og:url\" content=\"https:\/\/assecobs.pl\/blog\/relacja-z-konferencji-dla-uzytkownikow-systemu-softlab-erp-by-asseco\/\" \/>\n<meta property=\"og:site_name\" content=\"Blog Asseco BS\" \/>\n<meta property=\"article:publisher\" content=\"https:\/\/www.facebook.com\/erpbyasseco\/\" \/>\n<meta property=\"article:published_time\" content=\"2017-09-27T12:35:10+00:00\" \/>\n<meta property=\"article:modified_time\" content=\"2019-12-06T14:06:11+00:00\" \/>\n<meta property=\"og:image\" content=\"https:\/\/assecobs.pl\/blog\/wp-content\/uploads\/sites\/14\/2017\/09\/relacja-z-konferencji-systemu-softlab-erp-wms.jpg\" \/>\n\t<meta property=\"og:image:width\" content=\"1170\" \/>\n\t<meta property=\"og:image:height\" content=\"515\" \/>\n\t<meta property=\"og:image:type\" content=\"image\/jpeg\" \/>\n<meta name=\"author\" content=\"Zesp\u00f3\u0142 Asseco BS\" \/>\n<meta name=\"twitter:card\" content=\"summary_large_image\" \/>\n<meta name=\"twitter:creator\" content=\"@asseco_bs\" \/>\n<meta name=\"twitter:site\" content=\"@asseco_bs\" \/>\n<meta name=\"twitter:label1\" content=\"Napisane przez\" \/>\n\t<meta name=\"twitter:data1\" content=\"Zesp\u00f3\u0142 Asseco BS\" \/>\n\t<meta name=\"twitter:label2\" content=\"Szacowany czas czytania\" \/>\n\t<meta name=\"twitter:data2\" content=\"1 minuta\" \/>\n<script type=\"application\/ld+json\" class=\"yoast-schema-graph\">{\"@context\":\"https:\/\/schema.org\",\"@graph\":[{\"@type\":\"Article\",\"@id\":\"https:\/\/assecobs.pl\/blog\/relacja-z-konferencji-dla-uzytkownikow-systemu-softlab-erp-by-asseco\/#article\",\"isPartOf\":{\"@id\":\"https:\/\/assecobs.pl\/blog\/relacja-z-konferencji-dla-uzytkownikow-systemu-softlab-erp-by-asseco\/\"},\"author\":{\"name\":\"Zesp\u00f3\u0142 Asseco BS\",\"@id\":\"https:\/\/assecobs.pl\/blog\/#\/schema\/person\/5123d020f0d42a7906a4776f1e385f47\"},\"headline\":\"Relacja z konferencji dla u\u017cytkownik\u00f3w systemu Softlab ERP by Asseco\",\"datePublished\":\"2017-09-27T12:35:10+00:00\",\"dateModified\":\"2019-12-06T14:06:11+00:00\",\"mainEntityOfPage\":{\"@id\":\"https:\/\/assecobs.pl\/blog\/relacja-z-konferencji-dla-uzytkownikow-systemu-softlab-erp-by-asseco\/\"},\"wordCount\":174,\"publisher\":{\"@id\":\"https:\/\/assecobs.pl\/blog\/#organization\"},\"image\":{\"@id\":\"https:\/\/assecobs.pl\/blog\/relacja-z-konferencji-dla-uzytkownikow-systemu-softlab-erp-by-asseco\/#primaryimage\"},\"thumbnailUrl\":\"https:\/\/assecobs.pl\/blog\/wp-content\/uploads\/sites\/14\/2017\/09\/relacja-z-konferencji-systemu-softlab-erp-wms.jpg?wsr\",\"keywords\":[\"Wydarzenia\",\"WMS\",\"Softlab\"],\"articleSection\":[\"Produkcja\",\"WIDEO\",\"Zarz\u0105dzanie magazynem\"],\"inLanguage\":\"pl-PL\"},{\"@type\":\"WebPage\",\"@id\":\"https:\/\/assecobs.pl\/blog\/relacja-z-konferencji-dla-uzytkownikow-systemu-softlab-erp-by-asseco\/\",\"url\":\"https:\/\/assecobs.pl\/blog\/relacja-z-konferencji-dla-uzytkownikow-systemu-softlab-erp-by-asseco\/\",\"name\":\"Relacja z konferencji dla u\u017cytkownik\u00f3w systemu Softlab ERP by Asseco - Produkcja\",\"isPartOf\":{\"@id\":\"https:\/\/assecobs.pl\/blog\/#website\"},\"primaryImageOfPage\":{\"@id\":\"https:\/\/assecobs.pl\/blog\/relacja-z-konferencji-dla-uzytkownikow-systemu-softlab-erp-by-asseco\/#primaryimage\"},\"image\":{\"@id\":\"https:\/\/assecobs.pl\/blog\/relacja-z-konferencji-dla-uzytkownikow-systemu-softlab-erp-by-asseco\/#primaryimage\"},\"thumbnailUrl\":\"https:\/\/assecobs.pl\/blog\/wp-content\/uploads\/sites\/14\/2017\/09\/relacja-z-konferencji-systemu-softlab-erp-wms.jpg?wsr\",\"datePublished\":\"2017-09-27T12:35:10+00:00\",\"dateModified\":\"2019-12-06T14:06:11+00:00\",\"breadcrumb\":{\"@id\":\"https:\/\/assecobs.pl\/blog\/relacja-z-konferencji-dla-uzytkownikow-systemu-softlab-erp-by-asseco\/#breadcrumb\"},\"inLanguage\":\"pl-PL\",\"potentialAction\":[{\"@type\":\"ReadAction\",\"target\":[\"https:\/\/assecobs.pl\/blog\/relacja-z-konferencji-dla-uzytkownikow-systemu-softlab-erp-by-asseco\/\"]}]},{\"@type\":\"ImageObject\",\"inLanguage\":\"pl-PL\",\"@id\":\"https:\/\/assecobs.pl\/blog\/relacja-z-konferencji-dla-uzytkownikow-systemu-softlab-erp-by-asseco\/#primaryimage\",\"url\":\"https:\/\/assecobs.pl\/blog\/wp-content\/uploads\/sites\/14\/2017\/09\/relacja-z-konferencji-systemu-softlab-erp-wms.jpg?wsr\",\"contentUrl\":\"https:\/\/assecobs.pl\/blog\/wp-content\/uploads\/sites\/14\/2017\/09\/relacja-z-konferencji-systemu-softlab-erp-wms.jpg?wsr\",\"width\":1170,\"height\":515,\"caption\":\"relacja-z-konferencji-systemu-softlab-erp-wms\"},{\"@type\":\"BreadcrumbList\",\"@id\":\"https:\/\/assecobs.pl\/blog\/relacja-z-konferencji-dla-uzytkownikow-systemu-softlab-erp-by-asseco\/#breadcrumb\",\"itemListElement\":[{\"@type\":\"ListItem\",\"position\":1,\"name\":\"Strona g\u0142\u00f3wna\",\"item\":\"https:\/\/assecobs.pl\/blog\/\"},{\"@type\":\"ListItem\",\"position\":2,\"name\":\"Relacja z&nbsp;konferencji dla u\u017cytkownik\u00f3w systemu Softlab ERP by&nbsp;Asseco\"}]},{\"@type\":\"WebSite\",\"@id\":\"https:\/\/assecobs.pl\/blog\/#website\",\"url\":\"https:\/\/assecobs.pl\/blog\/\",\"name\":\"Blog Asseco BS\",\"description\":\"\",\"publisher\":{\"@id\":\"https:\/\/assecobs.pl\/blog\/#organization\"},\"potentialAction\":[{\"@type\":\"SearchAction\",\"target\":{\"@type\":\"EntryPoint\",\"urlTemplate\":\"https:\/\/assecobs.pl\/blog\/?s={search_term_string}\"},\"query-input\":{\"@type\":\"PropertyValueSpecification\",\"valueRequired\":true,\"valueName\":\"search_term_string\"}}],\"inLanguage\":\"pl-PL\"},{\"@type\":\"Organization\",\"@id\":\"https:\/\/assecobs.pl\/blog\/#organization\",\"name\":\"Asseco Business Solutions\",\"url\":\"https:\/\/assecobs.pl\/blog\/\",\"logo\":{\"@type\":\"ImageObject\",\"inLanguage\":\"pl-PL\",\"@id\":\"https:\/\/assecobs.pl\/blog\/#\/schema\/logo\/image\/\",\"url\":\"https:\/\/assecobs.pl\/blog\/wp-content\/uploads\/sites\/14\/2020\/01\/abs-logo-user.jpg\",\"contentUrl\":\"https:\/\/assecobs.pl\/blog\/wp-content\/uploads\/sites\/14\/2020\/01\/abs-logo-user.jpg\",\"width\":250,\"height\":251,\"caption\":\"Asseco Business Solutions\"},\"image\":{\"@id\":\"https:\/\/assecobs.pl\/blog\/#\/schema\/logo\/image\/\"},\"sameAs\":[\"https:\/\/www.facebook.com\/erpbyasseco\/\",\"https:\/\/x.com\/asseco_bs\",\"https:\/\/pl.linkedin.com\/company\/asseco-business-solutions-sa\",\"https:\/\/www.youtube.com\/channel\/UCCU4su9i0ZMIrsS0P0bkYOA\/featured\",\"https:\/\/pl.wikipedia.org\/wiki\/Asseco_Business_Solutions\"]},{\"@type\":\"Person\",\"@id\":\"https:\/\/assecobs.pl\/blog\/#\/schema\/person\/5123d020f0d42a7906a4776f1e385f47\",\"name\":\"Zesp\u00f3\u0142 Asseco BS\",\"image\":{\"@type\":\"ImageObject\",\"inLanguage\":\"pl-PL\",\"@id\":\"https:\/\/assecobs.pl\/blog\/wp-content\/uploads\/sites\/14\/2019\/08\/abs-blue-150x150.png?wsr\",\"url\":\"https:\/\/assecobs.pl\/blog\/wp-content\/uploads\/sites\/14\/2019\/08\/abs-blue-150x150.png?wsr\",\"contentUrl\":\"https:\/\/assecobs.pl\/blog\/wp-content\/uploads\/sites\/14\/2019\/08\/abs-blue-150x150.png?wsr\",\"caption\":\"Zesp\u00f3\u0142 Asseco BS\"},\"url\":\"https:\/\/assecobs.pl\/blog\/author\/assecobs\/\"}]}<\/script>\n<!-- \/ Yoast SEO plugin. -->","yoast_head_json":{"title":"Relacja z konferencji dla u\u017cytkownik\u00f3w systemu Softlab ERP by Asseco - Produkcja","robots":{"index":"index","follow":"follow","max-snippet":"max-snippet:-1","max-image-preview":"max-image-preview:large","max-video-preview":"max-video-preview:-1"},"canonical":"https:\/\/assecobs.pl\/blog\/relacja-z-konferencji-dla-uzytkownikow-systemu-softlab-erp-by-asseco\/","og_locale":"pl_PL","og_type":"article","og_title":"Relacja z konferencji dla u\u017cytkownik\u00f3w systemu Softlab ERP by Asseco - Produkcja","og_description":"W dniu 27 wrze\u015bnia 2017 roku w Warszawie odby\u0142a si\u0119 konferencja przeznaczona dla kluczowych Klient\u00f3w Asseco Business Solutions, korzystaj\u0105cych w swojej pracy z rozwi\u0105zania Softlab ERP by Asseco. W trakcie spotkania poruszyli\u015bmy najwa\u017cniejsze tematy z obszaru WMS i produkcji. W trakcie spotkania poruszyli\u015bmy wa\u017cne i mamy nadziej\u0119 inspiruj\u0105ce tematy z obszaru WMS i produkcji: jak","og_url":"https:\/\/assecobs.pl\/blog\/relacja-z-konferencji-dla-uzytkownikow-systemu-softlab-erp-by-asseco\/","og_site_name":"Blog Asseco BS","article_publisher":"https:\/\/www.facebook.com\/erpbyasseco\/","article_published_time":"2017-09-27T12:35:10+00:00","article_modified_time":"2019-12-06T14:06:11+00:00","og_image":[{"width":1170,"height":515,"url":"https:\/\/assecobs.pl\/blog\/wp-content\/uploads\/sites\/14\/2017\/09\/relacja-z-konferencji-systemu-softlab-erp-wms.jpg","type":"image\/jpeg"}],"author":"Zesp\u00f3\u0142 Asseco BS","twitter_card":"summary_large_image","twitter_creator":"@asseco_bs","twitter_site":"@asseco_bs","twitter_misc":{"Napisane przez":"Zesp\u00f3\u0142 Asseco BS","Szacowany czas czytania":"1 minuta"},"schema":{"@context":"https:\/\/schema.org","@graph":[{"@type":"Article","@id":"https:\/\/assecobs.pl\/blog\/relacja-z-konferencji-dla-uzytkownikow-systemu-softlab-erp-by-asseco\/#article","isPartOf":{"@id":"https:\/\/assecobs.pl\/blog\/relacja-z-konferencji-dla-uzytkownikow-systemu-softlab-erp-by-asseco\/"},"author":{"name":"Zesp\u00f3\u0142 Asseco BS","@id":"https:\/\/assecobs.pl\/blog\/#\/schema\/person\/5123d020f0d42a7906a4776f1e385f47"},"headline":"Relacja z konferencji dla u\u017cytkownik\u00f3w systemu Softlab ERP by Asseco","datePublished":"2017-09-27T12:35:10+00:00","dateModified":"2019-12-06T14:06:11+00:00","mainEntityOfPage":{"@id":"https:\/\/assecobs.pl\/blog\/relacja-z-konferencji-dla-uzytkownikow-systemu-softlab-erp-by-asseco\/"},"wordCount":174,"publisher":{"@id":"https:\/\/assecobs.pl\/blog\/#organization"},"image":{"@id":"https:\/\/assecobs.pl\/blog\/relacja-z-konferencji-dla-uzytkownikow-systemu-softlab-erp-by-asseco\/#primaryimage"},"thumbnailUrl":"https:\/\/assecobs.pl\/blog\/wp-content\/uploads\/sites\/14\/2017\/09\/relacja-z-konferencji-systemu-softlab-erp-wms.jpg?wsr","keywords":["Wydarzenia","WMS","Softlab"],"articleSection":["Produkcja","WIDEO","Zarz\u0105dzanie magazynem"],"inLanguage":"pl-PL"},{"@type":"WebPage","@id":"https:\/\/assecobs.pl\/blog\/relacja-z-konferencji-dla-uzytkownikow-systemu-softlab-erp-by-asseco\/","url":"https:\/\/assecobs.pl\/blog\/relacja-z-konferencji-dla-uzytkownikow-systemu-softlab-erp-by-asseco\/","name":"Relacja z konferencji dla u\u017cytkownik\u00f3w systemu Softlab ERP by Asseco - Produkcja","isPartOf":{"@id":"https:\/\/assecobs.pl\/blog\/#website"},"primaryImageOfPage":{"@id":"https:\/\/assecobs.pl\/blog\/relacja-z-konferencji-dla-uzytkownikow-systemu-softlab-erp-by-asseco\/#primaryimage"},"image":{"@id":"https:\/\/assecobs.pl\/blog\/relacja-z-konferencji-dla-uzytkownikow-systemu-softlab-erp-by-asseco\/#primaryimage"},"thumbnailUrl":"https:\/\/assecobs.pl\/blog\/wp-content\/uploads\/sites\/14\/2017\/09\/relacja-z-konferencji-systemu-softlab-erp-wms.jpg?wsr","datePublished":"2017-09-27T12:35:10+00:00","dateModified":"2019-12-06T14:06:11+00:00","breadcrumb":{"@id":"https:\/\/assecobs.pl\/blog\/relacja-z-konferencji-dla-uzytkownikow-systemu-softlab-erp-by-asseco\/#breadcrumb"},"inLanguage":"pl-PL","potentialAction":[{"@type":"ReadAction","target":["https:\/\/assecobs.pl\/blog\/relacja-z-konferencji-dla-uzytkownikow-systemu-softlab-erp-by-asseco\/"]}]},{"@type":"ImageObject","inLanguage":"pl-PL","@id":"https:\/\/assecobs.pl\/blog\/relacja-z-konferencji-dla-uzytkownikow-systemu-softlab-erp-by-asseco\/#primaryimage","url":"https:\/\/assecobs.pl\/blog\/wp-content\/uploads\/sites\/14\/2017\/09\/relacja-z-konferencji-systemu-softlab-erp-wms.jpg?wsr","contentUrl":"https:\/\/assecobs.pl\/blog\/wp-content\/uploads\/sites\/14\/2017\/09\/relacja-z-konferencji-systemu-softlab-erp-wms.jpg?wsr","width":1170,"height":515,"caption":"relacja-z-konferencji-systemu-softlab-erp-wms"},{"@type":"BreadcrumbList","@id":"https:\/\/assecobs.pl\/blog\/relacja-z-konferencji-dla-uzytkownikow-systemu-softlab-erp-by-asseco\/#breadcrumb","itemListElement":[{"@type":"ListItem","position":1,"name":"Strona g\u0142\u00f3wna","item":"https:\/\/assecobs.pl\/blog\/"},{"@type":"ListItem","position":2,"name":"Relacja z&nbsp;konferencji dla u\u017cytkownik\u00f3w systemu Softlab ERP by&nbsp;Asseco"}]},{"@type":"WebSite","@id":"https:\/\/assecobs.pl\/blog\/#website","url":"https:\/\/assecobs.pl\/blog\/","name":"Blog Asseco BS","description":"","publisher":{"@id":"https:\/\/assecobs.pl\/blog\/#organization"},"potentialAction":[{"@type":"SearchAction","target":{"@type":"EntryPoint","urlTemplate":"https:\/\/assecobs.pl\/blog\/?s={search_term_string}"},"query-input":{"@type":"PropertyValueSpecification","valueRequired":true,"valueName":"search_term_string"}}],"inLanguage":"pl-PL"},{"@type":"Organization","@id":"https:\/\/assecobs.pl\/blog\/#organization","name":"Asseco Business Solutions","url":"https:\/\/assecobs.pl\/blog\/","logo":{"@type":"ImageObject","inLanguage":"pl-PL","@id":"https:\/\/assecobs.pl\/blog\/#\/schema\/logo\/image\/","url":"https:\/\/assecobs.pl\/blog\/wp-content\/uploads\/sites\/14\/2020\/01\/abs-logo-user.jpg","contentUrl":"https:\/\/assecobs.pl\/blog\/wp-content\/uploads\/sites\/14\/2020\/01\/abs-logo-user.jpg","width":250,"height":251,"caption":"Asseco Business Solutions"},"image":{"@id":"https:\/\/assecobs.pl\/blog\/#\/schema\/logo\/image\/"},"sameAs":["https:\/\/www.facebook.com\/erpbyasseco\/","https:\/\/x.com\/asseco_bs","https:\/\/pl.linkedin.com\/company\/asseco-business-solutions-sa","https:\/\/www.youtube.com\/channel\/UCCU4su9i0ZMIrsS0P0bkYOA\/featured","https:\/\/pl.wikipedia.org\/wiki\/Asseco_Business_Solutions"]},{"@type":"Person","@id":"https:\/\/assecobs.pl\/blog\/#\/schema\/person\/5123d020f0d42a7906a4776f1e385f47","name":"Zesp\u00f3\u0142 Asseco BS","image":{"@type":"ImageObject","inLanguage":"pl-PL","@id":"https:\/\/assecobs.pl\/blog\/wp-content\/uploads\/sites\/14\/2019\/08\/abs-blue-150x150.png?wsr","url":"https:\/\/assecobs.pl\/blog\/wp-content\/uploads\/sites\/14\/2019\/08\/abs-blue-150x150.png?wsr","contentUrl":"https:\/\/assecobs.pl\/blog\/wp-content\/uploads\/sites\/14\/2019\/08\/abs-blue-150x150.png?wsr","caption":"Zesp\u00f3\u0142 Asseco BS"},"url":"https:\/\/assecobs.pl\/blog\/author\/assecobs\/"}]}},"_links":{"self":[{"href":"https:\/\/assecobs.pl\/blog\/wp-json\/wp\/v2\/posts\/5192","targetHints":{"allow":["GET"]}}],"collection":[{"href":"https:\/\/assecobs.pl\/blog\/wp-json\/wp\/v2\/posts"}],"about":[{"href":"https:\/\/assecobs.pl\/blog\/wp-json\/wp\/v2\/types\/post"}],"author":[{"embeddable":true,"href":"https:\/\/assecobs.pl\/blog\/wp-json\/wp\/v2\/users\/6"}],"replies":[{"embeddable":true,"href":"https:\/\/assecobs.pl\/blog\/wp-json\/wp\/v2\/comments?post=5192"}],"version-history":[{"count":1,"href":"https:\/\/assecobs.pl\/blog\/wp-json\/wp\/v2\/posts\/5192\/revisions"}],"predecessor-version":[{"id":5194,"href":"https:\/\/assecobs.pl\/blog\/wp-json\/wp\/v2\/posts\/5192\/revisions\/5194"}],"wp:featuredmedia":[{"embeddable":true,"href":"https:\/\/assecobs.pl\/blog\/wp-json\/wp\/v2\/media\/5966"}],"wp:attachment":[{"href":"https:\/\/assecobs.pl\/blog\/wp-json\/wp\/v2\/media?parent=5192"}],"wp:term":[{"taxonomy":"category","embeddable":true,"href":"https:\/\/assecobs.pl\/blog\/wp-json\/wp\/v2\/categories?post=5192"},{"taxonomy":"post_tag","embeddable":true,"href":"https:\/\/assecobs.pl\/blog\/wp-json\/wp\/v2\/tags?post=5192"}],"curies":[{"name":"wp","href":"https:\/\/api.w.org\/{rel}","templated":true}]}}