{"id":521,"date":"2018-02-14T12:25:37","date_gmt":"2018-02-14T11:25:37","guid":{"rendered":"http:\/\/softlab.com.pl\/?p=521"},"modified":"2022-09-20T12:44:07","modified_gmt":"2022-09-20T10:44:07","slug":"rodo-utility-by-asseco-profesjonalne-zarzadzanie-ochrona-danych-osobowych","status":"publish","type":"post","link":"https:\/\/assecobs.pl\/blog\/rodo-utility-by-asseco-profesjonalne-zarzadzanie-ochrona-danych-osobowych\/","title":{"rendered":"RODO Utility by Asseco \u2013 profesjonalne zarz\u0105dzanie ochron\u0105 danych osobowych"},"content":{"rendered":"<p>Od 25 maja 2018 przedsi\u0119biorcy b\u0119d\u0105 zobowi\u0105zani do stosowania przepis\u00f3w Rozporz\u0105dzenia Parlamentu Europejskiego i Rady (UE) 2016\/679 z dnia 27 kwietnia 2016 r. w sprawie ochrony danych osobowych, tzw. RODO. W odpowiedzi na wyzwanie jakim jest dostosowanie prowadzonej dzia\u0142alno\u015bci do wymog\u00f3w RODO opracowali\u015bmy nowatorskie rozwi\u0105zanie: RODO Utility by Asseco.<\/p>\n<p><strong>RODO Utility by Asseco to program, kt\u00f3ry wspiera administratora danych \u2013 jakim jest ka\u017cda firma \u2013 w wykonywaniu jego niekt\u00f3rych obowi\u0105zk\u00f3w, wynikaj\u0105cych z RODO, m.in. obs\u0142ugi \u017c\u0105da\u0144 zg\u0142aszanych przez podmioty danych, prowadzenia rejestr\u00f3w okre\u015blonych w RODO, czy przechowywania dokumentacji zwi\u0105zanej z polityk\u0105 bezpiecze\u0144stwa. RODO Utility pozwala tak\u017ce zapanowa\u0107 nad terminami retencji danych powiadamiaj\u0105c do kiedy okre\u015blone dane powinny by\u0107 przechowywane ze wzgl\u0119du na ustanie celu ich przetwarzania.<\/strong><\/p>\n<p>Co szczeg\u00f3lnie wa\u017cne dla du\u017cych organizacji, RODO Utility by Asseco umo\u017cliwia centralne zarz\u0105dzanie ochron\u0105 danych osobowych w ramach struktur rozproszonych, gdzie istnieje wiele punkt\u00f3w kontaktu z podmiotem danych i rozproszona dokumentacja przetwarzania danych. Dzi\u0119ki udost\u0119pnionemu interfejsowi (API), RODO Utility mo\u017ce by\u0107 zintegrowany z aplikacjami dziedzinowymi jak np. Softlab ERP by Asseco, ale r\u00f3wnie\u017c z oprogramowaniem pochodz\u0105cym od innych dostawc\u00f3w. Pozwala to na scentralizowane zarz\u0105dzanie danymi osobowymi administrowanymi przez firm\u0119 bez konieczno\u015bci gruntownej przebudowy dotychczasowych system\u00f3w firmy.<\/p>\n<p>Wi\u0119cej na temat RODO Utility by Asseco na <a href=\"http:\/\/www.rodoutility.pl\">www.rodoutility.pl<\/a><\/p>\n","protected":false},"excerpt":{"rendered":"<p>Od 25 maja 2018 przedsi\u0119biorcy b\u0119d\u0105 zobowi\u0105zani do stosowania przepis\u00f3w Rozporz\u0105dzenia Parlamentu Europejskiego i Rady (UE) 2016\/679 z dnia 27 kwietnia 2016 r. w sprawie ochrony danych osobowych, tzw. RODO. W odpowiedzi na wyzwanie jakim jest dostosowanie prowadzonej dzia\u0142alno\u015bci do wymog\u00f3w RODO opracowali\u015bmy nowatorskie rozwi\u0105zanie: RODO Utility by Asseco.<\/p>\n","protected":false},"author":6,"featured_media":5975,"comment_status":"closed","ping_status":"closed","sticky":false,"template":"","format":"standard","meta":{"_acf_changed":false,"inline_featured_image":false,"footnotes":""},"categories":[185,113],"tags":[170,51,112,116,117],"class_list":{"0":"post-521","1":"post","2":"type-post","3":"status-publish","4":"format-standard","5":"has-post-thumbnail","7":"category-bezpieczenstwo","8":"category-zmiany-prawne","9":"tag-zmiany-prawne","10":"tag-rodo","11":"tag-softlab","12":"tag-macrologic","13":"tag-wapro"},"acf":[],"yoast_head":"<!-- This site is optimized with the Yoast SEO plugin v27.2 - https:\/\/yoast.com\/product\/yoast-seo-wordpress\/ -->\n<title>RODO Utility by Asseco \u2013 profesjonalne zarz\u0105dzanie ochron\u0105 danych osobowych -<\/title>\n<meta name=\"robots\" content=\"index, follow, max-snippet:-1, max-image-preview:large, max-video-preview:-1\" \/>\n<link rel=\"canonical\" href=\"https:\/\/assecobs.pl\/blog\/rodo-utility-by-asseco-profesjonalne-zarzadzanie-ochrona-danych-osobowych\/\" \/>\n<meta property=\"og:locale\" content=\"pl_PL\" \/>\n<meta property=\"og:type\" content=\"article\" \/>\n<meta property=\"og:title\" content=\"RODO Utility by Asseco \u2013 profesjonalne zarz\u0105dzanie ochron\u0105 danych osobowych -\" \/>\n<meta property=\"og:description\" content=\"Od 25 maja 2018 przedsi\u0119biorcy b\u0119d\u0105 zobowi\u0105zani do stosowania przepis\u00f3w Rozporz\u0105dzenia Parlamentu Europejskiego i Rady (UE) 2016\/679 z dnia 27 kwietnia 2016 r. w sprawie ochrony danych osobowych, tzw. RODO. W odpowiedzi na wyzwanie jakim jest dostosowanie prowadzonej dzia\u0142alno\u015bci do wymog\u00f3w RODO opracowali\u015bmy nowatorskie rozwi\u0105zanie: RODO Utility by Asseco.\" \/>\n<meta property=\"og:url\" content=\"https:\/\/assecobs.pl\/blog\/rodo-utility-by-asseco-profesjonalne-zarzadzanie-ochrona-danych-osobowych\/\" \/>\n<meta property=\"og:site_name\" content=\"Blog Asseco BS\" \/>\n<meta property=\"article:publisher\" content=\"https:\/\/www.facebook.com\/erpbyasseco\/\" \/>\n<meta property=\"article:published_time\" content=\"2018-02-14T11:25:37+00:00\" \/>\n<meta property=\"article:modified_time\" content=\"2022-09-20T10:44:07+00:00\" \/>\n<meta property=\"og:image\" content=\"https:\/\/assecobs.pl\/blog\/wp-content\/uploads\/sites\/14\/2018\/02\/rodo-utility-by-asseco-profesjonalne-zarzadzanie-odo.jpg\" \/>\n\t<meta property=\"og:image:width\" content=\"1172\" \/>\n\t<meta property=\"og:image:height\" content=\"515\" \/>\n\t<meta property=\"og:image:type\" content=\"image\/jpeg\" \/>\n<meta name=\"author\" content=\"Zesp\u00f3\u0142 Asseco BS\" \/>\n<meta name=\"twitter:card\" content=\"summary_large_image\" \/>\n<meta name=\"twitter:creator\" content=\"@asseco_bs\" \/>\n<meta name=\"twitter:site\" content=\"@asseco_bs\" \/>\n<meta name=\"twitter:label1\" content=\"Napisane przez\" \/>\n\t<meta name=\"twitter:data1\" content=\"Zesp\u00f3\u0142 Asseco BS\" \/>\n\t<meta name=\"twitter:label2\" content=\"Szacowany czas czytania\" \/>\n\t<meta name=\"twitter:data2\" content=\"1 minuta\" \/>\n<script type=\"application\/ld+json\" class=\"yoast-schema-graph\">{\"@context\":\"https:\/\/schema.org\",\"@graph\":[{\"@type\":\"Article\",\"@id\":\"https:\/\/assecobs.pl\/blog\/rodo-utility-by-asseco-profesjonalne-zarzadzanie-ochrona-danych-osobowych\/#article\",\"isPartOf\":{\"@id\":\"https:\/\/assecobs.pl\/blog\/rodo-utility-by-asseco-profesjonalne-zarzadzanie-ochrona-danych-osobowych\/\"},\"author\":{\"name\":\"Zesp\u00f3\u0142 Asseco BS\",\"@id\":\"https:\/\/assecobs.pl\/blog\/#\/schema\/person\/5123d020f0d42a7906a4776f1e385f47\"},\"headline\":\"RODO Utility by Asseco \u2013 profesjonalne zarz\u0105dzanie ochron\u0105 danych osobowych\",\"datePublished\":\"2018-02-14T11:25:37+00:00\",\"dateModified\":\"2022-09-20T10:44:07+00:00\",\"mainEntityOfPage\":{\"@id\":\"https:\/\/assecobs.pl\/blog\/rodo-utility-by-asseco-profesjonalne-zarzadzanie-ochrona-danych-osobowych\/\"},\"wordCount\":249,\"publisher\":{\"@id\":\"https:\/\/assecobs.pl\/blog\/#organization\"},\"image\":{\"@id\":\"https:\/\/assecobs.pl\/blog\/rodo-utility-by-asseco-profesjonalne-zarzadzanie-ochrona-danych-osobowych\/#primaryimage\"},\"thumbnailUrl\":\"https:\/\/assecobs.pl\/blog\/wp-content\/uploads\/sites\/14\/2018\/02\/rodo-utility-by-asseco-profesjonalne-zarzadzanie-odo.jpg?wsr\",\"keywords\":[\"Zmiany prawne\",\"RODO\",\"Softlab\",\"Macrologic\",\"Wapro\"],\"articleSection\":[\"Bezpiecze\u0144stwo\",\"Zmiany prawne\"],\"inLanguage\":\"pl-PL\"},{\"@type\":\"WebPage\",\"@id\":\"https:\/\/assecobs.pl\/blog\/rodo-utility-by-asseco-profesjonalne-zarzadzanie-ochrona-danych-osobowych\/\",\"url\":\"https:\/\/assecobs.pl\/blog\/rodo-utility-by-asseco-profesjonalne-zarzadzanie-ochrona-danych-osobowych\/\",\"name\":\"RODO Utility by Asseco \u2013 profesjonalne zarz\u0105dzanie ochron\u0105 danych osobowych -\",\"isPartOf\":{\"@id\":\"https:\/\/assecobs.pl\/blog\/#website\"},\"primaryImageOfPage\":{\"@id\":\"https:\/\/assecobs.pl\/blog\/rodo-utility-by-asseco-profesjonalne-zarzadzanie-ochrona-danych-osobowych\/#primaryimage\"},\"image\":{\"@id\":\"https:\/\/assecobs.pl\/blog\/rodo-utility-by-asseco-profesjonalne-zarzadzanie-ochrona-danych-osobowych\/#primaryimage\"},\"thumbnailUrl\":\"https:\/\/assecobs.pl\/blog\/wp-content\/uploads\/sites\/14\/2018\/02\/rodo-utility-by-asseco-profesjonalne-zarzadzanie-odo.jpg?wsr\",\"datePublished\":\"2018-02-14T11:25:37+00:00\",\"dateModified\":\"2022-09-20T10:44:07+00:00\",\"breadcrumb\":{\"@id\":\"https:\/\/assecobs.pl\/blog\/rodo-utility-by-asseco-profesjonalne-zarzadzanie-ochrona-danych-osobowych\/#breadcrumb\"},\"inLanguage\":\"pl-PL\",\"potentialAction\":[{\"@type\":\"ReadAction\",\"target\":[\"https:\/\/assecobs.pl\/blog\/rodo-utility-by-asseco-profesjonalne-zarzadzanie-ochrona-danych-osobowych\/\"]}]},{\"@type\":\"ImageObject\",\"inLanguage\":\"pl-PL\",\"@id\":\"https:\/\/assecobs.pl\/blog\/rodo-utility-by-asseco-profesjonalne-zarzadzanie-ochrona-danych-osobowych\/#primaryimage\",\"url\":\"https:\/\/assecobs.pl\/blog\/wp-content\/uploads\/sites\/14\/2018\/02\/rodo-utility-by-asseco-profesjonalne-zarzadzanie-odo.jpg?wsr\",\"contentUrl\":\"https:\/\/assecobs.pl\/blog\/wp-content\/uploads\/sites\/14\/2018\/02\/rodo-utility-by-asseco-profesjonalne-zarzadzanie-odo.jpg?wsr\",\"width\":1172,\"height\":515,\"caption\":\"rodo-utility-by-asseco-profesjonalne-zarzadzanie-odo\"},{\"@type\":\"BreadcrumbList\",\"@id\":\"https:\/\/assecobs.pl\/blog\/rodo-utility-by-asseco-profesjonalne-zarzadzanie-ochrona-danych-osobowych\/#breadcrumb\",\"itemListElement\":[{\"@type\":\"ListItem\",\"position\":1,\"name\":\"Strona g\u0142\u00f3wna\",\"item\":\"https:\/\/assecobs.pl\/blog\/\"},{\"@type\":\"ListItem\",\"position\":2,\"name\":\"RODO Utility by&nbsp;Asseco \u2013 profesjonalne zarz\u0105dzanie ochron\u0105 danych osobowych\"}]},{\"@type\":\"WebSite\",\"@id\":\"https:\/\/assecobs.pl\/blog\/#website\",\"url\":\"https:\/\/assecobs.pl\/blog\/\",\"name\":\"Blog Asseco BS\",\"description\":\"\",\"publisher\":{\"@id\":\"https:\/\/assecobs.pl\/blog\/#organization\"},\"potentialAction\":[{\"@type\":\"SearchAction\",\"target\":{\"@type\":\"EntryPoint\",\"urlTemplate\":\"https:\/\/assecobs.pl\/blog\/?s={search_term_string}\"},\"query-input\":{\"@type\":\"PropertyValueSpecification\",\"valueRequired\":true,\"valueName\":\"search_term_string\"}}],\"inLanguage\":\"pl-PL\"},{\"@type\":\"Organization\",\"@id\":\"https:\/\/assecobs.pl\/blog\/#organization\",\"name\":\"Asseco Business Solutions\",\"url\":\"https:\/\/assecobs.pl\/blog\/\",\"logo\":{\"@type\":\"ImageObject\",\"inLanguage\":\"pl-PL\",\"@id\":\"https:\/\/assecobs.pl\/blog\/#\/schema\/logo\/image\/\",\"url\":\"https:\/\/assecobs.pl\/blog\/wp-content\/uploads\/sites\/14\/2020\/01\/abs-logo-user.jpg\",\"contentUrl\":\"https:\/\/assecobs.pl\/blog\/wp-content\/uploads\/sites\/14\/2020\/01\/abs-logo-user.jpg\",\"width\":250,\"height\":251,\"caption\":\"Asseco Business Solutions\"},\"image\":{\"@id\":\"https:\/\/assecobs.pl\/blog\/#\/schema\/logo\/image\/\"},\"sameAs\":[\"https:\/\/www.facebook.com\/erpbyasseco\/\",\"https:\/\/x.com\/asseco_bs\",\"https:\/\/pl.linkedin.com\/company\/asseco-business-solutions-sa\",\"https:\/\/www.youtube.com\/channel\/UCCU4su9i0ZMIrsS0P0bkYOA\/featured\",\"https:\/\/pl.wikipedia.org\/wiki\/Asseco_Business_Solutions\"]},{\"@type\":\"Person\",\"@id\":\"https:\/\/assecobs.pl\/blog\/#\/schema\/person\/5123d020f0d42a7906a4776f1e385f47\",\"name\":\"Zesp\u00f3\u0142 Asseco BS\",\"image\":{\"@type\":\"ImageObject\",\"inLanguage\":\"pl-PL\",\"@id\":\"https:\/\/assecobs.pl\/blog\/wp-content\/uploads\/sites\/14\/2019\/08\/abs-blue-150x150.png?wsr\",\"url\":\"https:\/\/assecobs.pl\/blog\/wp-content\/uploads\/sites\/14\/2019\/08\/abs-blue-150x150.png?wsr\",\"contentUrl\":\"https:\/\/assecobs.pl\/blog\/wp-content\/uploads\/sites\/14\/2019\/08\/abs-blue-150x150.png?wsr\",\"caption\":\"Zesp\u00f3\u0142 Asseco BS\"},\"url\":\"https:\/\/assecobs.pl\/blog\/author\/assecobs\/\"}]}<\/script>\n<!-- \/ Yoast SEO plugin. -->","yoast_head_json":{"title":"RODO Utility by Asseco \u2013 profesjonalne zarz\u0105dzanie ochron\u0105 danych osobowych -","robots":{"index":"index","follow":"follow","max-snippet":"max-snippet:-1","max-image-preview":"max-image-preview:large","max-video-preview":"max-video-preview:-1"},"canonical":"https:\/\/assecobs.pl\/blog\/rodo-utility-by-asseco-profesjonalne-zarzadzanie-ochrona-danych-osobowych\/","og_locale":"pl_PL","og_type":"article","og_title":"RODO Utility by Asseco \u2013 profesjonalne zarz\u0105dzanie ochron\u0105 danych osobowych -","og_description":"Od 25 maja 2018 przedsi\u0119biorcy b\u0119d\u0105 zobowi\u0105zani do stosowania przepis\u00f3w Rozporz\u0105dzenia Parlamentu Europejskiego i Rady (UE) 2016\/679 z dnia 27 kwietnia 2016 r. w sprawie ochrony danych osobowych, tzw. RODO. W odpowiedzi na wyzwanie jakim jest dostosowanie prowadzonej dzia\u0142alno\u015bci do wymog\u00f3w RODO opracowali\u015bmy nowatorskie rozwi\u0105zanie: RODO Utility by Asseco.","og_url":"https:\/\/assecobs.pl\/blog\/rodo-utility-by-asseco-profesjonalne-zarzadzanie-ochrona-danych-osobowych\/","og_site_name":"Blog Asseco BS","article_publisher":"https:\/\/www.facebook.com\/erpbyasseco\/","article_published_time":"2018-02-14T11:25:37+00:00","article_modified_time":"2022-09-20T10:44:07+00:00","og_image":[{"width":1172,"height":515,"url":"https:\/\/assecobs.pl\/blog\/wp-content\/uploads\/sites\/14\/2018\/02\/rodo-utility-by-asseco-profesjonalne-zarzadzanie-odo.jpg","type":"image\/jpeg"}],"author":"Zesp\u00f3\u0142 Asseco BS","twitter_card":"summary_large_image","twitter_creator":"@asseco_bs","twitter_site":"@asseco_bs","twitter_misc":{"Napisane przez":"Zesp\u00f3\u0142 Asseco BS","Szacowany czas czytania":"1 minuta"},"schema":{"@context":"https:\/\/schema.org","@graph":[{"@type":"Article","@id":"https:\/\/assecobs.pl\/blog\/rodo-utility-by-asseco-profesjonalne-zarzadzanie-ochrona-danych-osobowych\/#article","isPartOf":{"@id":"https:\/\/assecobs.pl\/blog\/rodo-utility-by-asseco-profesjonalne-zarzadzanie-ochrona-danych-osobowych\/"},"author":{"name":"Zesp\u00f3\u0142 Asseco BS","@id":"https:\/\/assecobs.pl\/blog\/#\/schema\/person\/5123d020f0d42a7906a4776f1e385f47"},"headline":"RODO Utility by Asseco \u2013 profesjonalne zarz\u0105dzanie ochron\u0105 danych osobowych","datePublished":"2018-02-14T11:25:37+00:00","dateModified":"2022-09-20T10:44:07+00:00","mainEntityOfPage":{"@id":"https:\/\/assecobs.pl\/blog\/rodo-utility-by-asseco-profesjonalne-zarzadzanie-ochrona-danych-osobowych\/"},"wordCount":249,"publisher":{"@id":"https:\/\/assecobs.pl\/blog\/#organization"},"image":{"@id":"https:\/\/assecobs.pl\/blog\/rodo-utility-by-asseco-profesjonalne-zarzadzanie-ochrona-danych-osobowych\/#primaryimage"},"thumbnailUrl":"https:\/\/assecobs.pl\/blog\/wp-content\/uploads\/sites\/14\/2018\/02\/rodo-utility-by-asseco-profesjonalne-zarzadzanie-odo.jpg?wsr","keywords":["Zmiany prawne","RODO","Softlab","Macrologic","Wapro"],"articleSection":["Bezpiecze\u0144stwo","Zmiany prawne"],"inLanguage":"pl-PL"},{"@type":"WebPage","@id":"https:\/\/assecobs.pl\/blog\/rodo-utility-by-asseco-profesjonalne-zarzadzanie-ochrona-danych-osobowych\/","url":"https:\/\/assecobs.pl\/blog\/rodo-utility-by-asseco-profesjonalne-zarzadzanie-ochrona-danych-osobowych\/","name":"RODO Utility by Asseco \u2013 profesjonalne zarz\u0105dzanie ochron\u0105 danych osobowych -","isPartOf":{"@id":"https:\/\/assecobs.pl\/blog\/#website"},"primaryImageOfPage":{"@id":"https:\/\/assecobs.pl\/blog\/rodo-utility-by-asseco-profesjonalne-zarzadzanie-ochrona-danych-osobowych\/#primaryimage"},"image":{"@id":"https:\/\/assecobs.pl\/blog\/rodo-utility-by-asseco-profesjonalne-zarzadzanie-ochrona-danych-osobowych\/#primaryimage"},"thumbnailUrl":"https:\/\/assecobs.pl\/blog\/wp-content\/uploads\/sites\/14\/2018\/02\/rodo-utility-by-asseco-profesjonalne-zarzadzanie-odo.jpg?wsr","datePublished":"2018-02-14T11:25:37+00:00","dateModified":"2022-09-20T10:44:07+00:00","breadcrumb":{"@id":"https:\/\/assecobs.pl\/blog\/rodo-utility-by-asseco-profesjonalne-zarzadzanie-ochrona-danych-osobowych\/#breadcrumb"},"inLanguage":"pl-PL","potentialAction":[{"@type":"ReadAction","target":["https:\/\/assecobs.pl\/blog\/rodo-utility-by-asseco-profesjonalne-zarzadzanie-ochrona-danych-osobowych\/"]}]},{"@type":"ImageObject","inLanguage":"pl-PL","@id":"https:\/\/assecobs.pl\/blog\/rodo-utility-by-asseco-profesjonalne-zarzadzanie-ochrona-danych-osobowych\/#primaryimage","url":"https:\/\/assecobs.pl\/blog\/wp-content\/uploads\/sites\/14\/2018\/02\/rodo-utility-by-asseco-profesjonalne-zarzadzanie-odo.jpg?wsr","contentUrl":"https:\/\/assecobs.pl\/blog\/wp-content\/uploads\/sites\/14\/2018\/02\/rodo-utility-by-asseco-profesjonalne-zarzadzanie-odo.jpg?wsr","width":1172,"height":515,"caption":"rodo-utility-by-asseco-profesjonalne-zarzadzanie-odo"},{"@type":"BreadcrumbList","@id":"https:\/\/assecobs.pl\/blog\/rodo-utility-by-asseco-profesjonalne-zarzadzanie-ochrona-danych-osobowych\/#breadcrumb","itemListElement":[{"@type":"ListItem","position":1,"name":"Strona g\u0142\u00f3wna","item":"https:\/\/assecobs.pl\/blog\/"},{"@type":"ListItem","position":2,"name":"RODO Utility by&nbsp;Asseco \u2013 profesjonalne zarz\u0105dzanie ochron\u0105 danych osobowych"}]},{"@type":"WebSite","@id":"https:\/\/assecobs.pl\/blog\/#website","url":"https:\/\/assecobs.pl\/blog\/","name":"Blog Asseco BS","description":"","publisher":{"@id":"https:\/\/assecobs.pl\/blog\/#organization"},"potentialAction":[{"@type":"SearchAction","target":{"@type":"EntryPoint","urlTemplate":"https:\/\/assecobs.pl\/blog\/?s={search_term_string}"},"query-input":{"@type":"PropertyValueSpecification","valueRequired":true,"valueName":"search_term_string"}}],"inLanguage":"pl-PL"},{"@type":"Organization","@id":"https:\/\/assecobs.pl\/blog\/#organization","name":"Asseco Business Solutions","url":"https:\/\/assecobs.pl\/blog\/","logo":{"@type":"ImageObject","inLanguage":"pl-PL","@id":"https:\/\/assecobs.pl\/blog\/#\/schema\/logo\/image\/","url":"https:\/\/assecobs.pl\/blog\/wp-content\/uploads\/sites\/14\/2020\/01\/abs-logo-user.jpg","contentUrl":"https:\/\/assecobs.pl\/blog\/wp-content\/uploads\/sites\/14\/2020\/01\/abs-logo-user.jpg","width":250,"height":251,"caption":"Asseco Business Solutions"},"image":{"@id":"https:\/\/assecobs.pl\/blog\/#\/schema\/logo\/image\/"},"sameAs":["https:\/\/www.facebook.com\/erpbyasseco\/","https:\/\/x.com\/asseco_bs","https:\/\/pl.linkedin.com\/company\/asseco-business-solutions-sa","https:\/\/www.youtube.com\/channel\/UCCU4su9i0ZMIrsS0P0bkYOA\/featured","https:\/\/pl.wikipedia.org\/wiki\/Asseco_Business_Solutions"]},{"@type":"Person","@id":"https:\/\/assecobs.pl\/blog\/#\/schema\/person\/5123d020f0d42a7906a4776f1e385f47","name":"Zesp\u00f3\u0142 Asseco BS","image":{"@type":"ImageObject","inLanguage":"pl-PL","@id":"https:\/\/assecobs.pl\/blog\/wp-content\/uploads\/sites\/14\/2019\/08\/abs-blue-150x150.png?wsr","url":"https:\/\/assecobs.pl\/blog\/wp-content\/uploads\/sites\/14\/2019\/08\/abs-blue-150x150.png?wsr","contentUrl":"https:\/\/assecobs.pl\/blog\/wp-content\/uploads\/sites\/14\/2019\/08\/abs-blue-150x150.png?wsr","caption":"Zesp\u00f3\u0142 Asseco BS"},"url":"https:\/\/assecobs.pl\/blog\/author\/assecobs\/"}]}},"_links":{"self":[{"href":"https:\/\/assecobs.pl\/blog\/wp-json\/wp\/v2\/posts\/521","targetHints":{"allow":["GET"]}}],"collection":[{"href":"https:\/\/assecobs.pl\/blog\/wp-json\/wp\/v2\/posts"}],"about":[{"href":"https:\/\/assecobs.pl\/blog\/wp-json\/wp\/v2\/types\/post"}],"author":[{"embeddable":true,"href":"https:\/\/assecobs.pl\/blog\/wp-json\/wp\/v2\/users\/6"}],"replies":[{"embeddable":true,"href":"https:\/\/assecobs.pl\/blog\/wp-json\/wp\/v2\/comments?post=521"}],"version-history":[{"count":3,"href":"https:\/\/assecobs.pl\/blog\/wp-json\/wp\/v2\/posts\/521\/revisions"}],"predecessor-version":[{"id":4410,"href":"https:\/\/assecobs.pl\/blog\/wp-json\/wp\/v2\/posts\/521\/revisions\/4410"}],"wp:featuredmedia":[{"embeddable":true,"href":"https:\/\/assecobs.pl\/blog\/wp-json\/wp\/v2\/media\/5975"}],"wp:attachment":[{"href":"https:\/\/assecobs.pl\/blog\/wp-json\/wp\/v2\/media?parent=521"}],"wp:term":[{"taxonomy":"category","embeddable":true,"href":"https:\/\/assecobs.pl\/blog\/wp-json\/wp\/v2\/categories?post=521"},{"taxonomy":"post_tag","embeddable":true,"href":"https:\/\/assecobs.pl\/blog\/wp-json\/wp\/v2\/tags?post=521"}],"curies":[{"name":"wp","href":"https:\/\/api.w.org\/{rel}","templated":true}]}}