{"id":5587,"date":"2019-10-30T09:33:40","date_gmt":"2019-10-30T08:33:40","guid":{"rendered":"https:\/\/test-blog.assecobs.pl\/?p=5587"},"modified":"2021-03-10T11:53:33","modified_gmt":"2021-03-10T10:53:33","slug":"biuletyn-hr-puls-10-2019","status":"publish","type":"post","link":"https:\/\/assecobs.pl\/blog\/biuletyn-hr-puls-10-2019\/","title":{"rendered":"Biuletyn HR Puls 10\/2019"},"content":{"rendered":"<p><strong>Przedstawiamy Pa\u0144stwu ostatnie, najbardziej istotne zmiany w przepisach, kt\u00f3re maj\u0105 wp\u0142yw na prac\u0119 z u\u017cytkowanymi przez Pa\u0144stwa aplikacjami HR produkt\u00f3w Softlab, Macrologic i WAPRO z rodziny by Asseco.<\/strong><\/p>\n<h2>Odmro\u017cenie odpisu na fundusz \u015bwiadcze\u0144 socjalnych 2019<\/h2>\n<p><strong>3 pa\u017adziernika 2019 roku Prezydent podpisa\u0142 \u00a0<\/strong><strong>ustaw\u0119 z dnia 11 wrze\u015bnia 2019 roku<\/strong> <strong>o zmianie ustawy o szczeg\u00f3lnych rozwi\u0105zaniach s\u0142u\u017c\u0105cych realizacji ustawy bud\u017cetowej na rok 2019, ustawy o zak\u0142adowym funduszu \u015bwiadcze\u0144 socjalnych oraz ustawy o Karcie Du\u017cej Rodziny.<\/strong><\/p>\n<p>Celem nowelizacji ustawy jest \u201eodmro\u017cenie\u201d od 1 sierpnia 2019 r. funduszu \u015bwiadcze\u0144 socjalnych w stosunku do wielko\u015bci okre\u015blonej w ustawie z dnia 9 listopada 2018 r. o\u00a0szczeg\u00f3lnych rozwi\u0105zaniach s\u0142u\u017c\u0105cych realizacji ustawy bud\u017cetowej na rok 2019 (Dz. U. poz. 2435).<\/p>\n<p>Konsekwencj\u0105 znowelizowanych przepis\u00f3w jest zmiana wysoko\u015bci naliczania od 1 sierpnia 2019 r. odpisu na zak\u0142adowy fundusz \u015bwiadcze\u0144 socjalnych.<\/p>\n<p><strong>W wyniku tych zmian podstaw\u0105 naliczania odpisu na fundusz b\u0119dzie w okresie od dnia:<\/strong><\/p>\n<ul>\n<li><strong>1 stycznia 2019 r. do dnia 31 lipca 2019 r. \u2013 przeci\u0119tne wynagrodzenie miesi\u0119czne w gospodarce narodowej w drugim p\u00f3\u0142roczu 2013 r., w wysoko\u015bci 3278,14 z\u0142;<\/strong><\/li>\n<li><strong>1 sierpnia 2019 r. do dnia 31 grudnia 2019 r. \u2013 przeci\u0119tne wynagrodzenie miesi\u0119czne w gospodarce narodowej w drugim p\u00f3\u0142roczu 2014 r., w wysoko\u015bci 3389,90 z\u0142.<\/strong><\/li>\n<\/ul>\n<p><strong>Ustawa nowelizuj\u0105ca wesz\u0142a w\u00a0\u017cycie z\u00a0dniem 23 pa\u017adziernika 2019 r.<\/strong><\/p>\n<p>Zmiana przepis\u00f3w podwy\u017cszaj\u0105cych kwot\u0119 odpisu na fundusz liczon\u0105 od sierpnia 2019 r. powoduje konieczno\u015b\u0107 odprowadzenia dodatkowych \u015brodk\u00f3w z tytu\u0142u uzupe\u0142nienia odpisu na rachunek zak\u0142adowego funduszu \u015bwiadcze\u0144 socjalnych. R\u00f3\u017cnic\u0119 mi\u0119dzy dokonanymi wp\u0142atami a warto\u015bci\u0105 odpis\u00f3w i zwi\u0119ksze\u0144 po ich proporcjonalnym przeliczeniu z uwzgl\u0119dnieniem podwy\u017cszonej podstawy za okres 1 sierpnia \u2013 31 grudnia 2019 r. mo\u017cna b\u0119dzie wp\u0142aci\u0107 do 31 pa\u017adziernika.<\/p>\n<h2>Nowe wzory formularzy podatkowych<\/h2>\n<p><strong>Ministerstwo Finans\u00f3w przygotowa\u0142o projekt rozporz\u0105dzenia w sprawie okre\u015blenia niekt\u00f3rych wzor\u00f3w o\u015bwiadcze\u0144, deklaracji i informacji podatkowych obowi\u0105zuj\u0105cych w zakresie podatku dochodowego od os\u00f3b fizycznych (z 16 pa\u017adziernika 2019 roku).<\/strong><\/p>\n<p>Nowe formularze podatkowe uwzgl\u0119dniaj\u0105 zmiany w zakresie podatku PIT wprowadzone w roku 2019. Projektowane rozporz\u0105dzenie zosta\u0142o skierowane do konsultacji publicznych.<\/p>\n<p>Rozporz\u0105dzenia okre\u015bla nowe wzory:<\/p>\n<ul>\n<li><strong>o\u015bwiadcze\u0144<\/strong>:\n<ul>\n<li>PIT-2 \u2013 pracownika dla cel\u00f3w obliczania miesi\u0119cznych zaliczek na podatek dochodowy od os\u00f3b fizycznych,<\/li>\n<li>PIT-2A \u2013 dla cel\u00f3w obliczania miesi\u0119cznych zaliczek na podatek dochodowy od os\u00f3b fizycznych osoby otrzymuj\u0105cej rent\u0119 lub emerytur\u0119 z zagranicy, osoby otrzymuj\u0105cej stypendium, osoby tymczasowo aresztowanej lub skazanej, otrzymuj\u0105cej nale\u017cno\u015bci za prac\u0119, osoby otrzymuj\u0105cej \u015bwiadczenie integracyjne,<\/li>\n<li>PIT-3 \u2013 osoby otrzymuj\u0105cej zasi\u0142ki pieni\u0119\u017cne z ubezpieczenia spo\u0142ecznego (przez okres pe\u0142nego miesi\u0105ca kalendarzowego) dla cel\u00f3w obliczania miesi\u0119cznych zaliczek na podatek dochodowy od os\u00f3b fizycznych;<\/li>\n<\/ul>\n<\/li>\n<li><strong>deklaracji:<\/strong>\n<ul>\n<li>PIT\u20134R \u2013 rocznej o zaliczkach na podatek dochodowy,<\/li>\n<li>PIT-6 \u2013 do wymiaru zaliczek podatku dochodowego od dochod\u00f3w z dzia\u0142\u00f3w specjalnych produkcji rolnej ustalanych przy zastosowaniu norm szacunkowych dochodu,<\/li>\n<li>PIT-8AR \u2013 rocznej o zrycza\u0142towanym podatku dochodowym;<\/li>\n<\/ul>\n<\/li>\n<li><strong>informacji:<\/strong>\n<ul>\n<li>PIT-8C \u2013 o niekt\u00f3rych dochodach z kapita\u0142\u00f3w pieni\u0119\u017cnych,<\/li>\n<li>PIT-11 \u2013 o przychodach z innych \u017ar\u00f3de\u0142 oraz o dochodach i pobranych zaliczkach na podatek dochodowy,<\/li>\n<li>PIT-R \u2013 o wyp\u0142aconych podatnikowi kwotach z tytu\u0142u pe\u0142nienia obowi\u0105zk\u00f3w spo\u0142ecznych i obywatelskich,<\/li>\n<li>IFT-1\/IFT-1R \u2013 o wysoko\u015bci przychodu (dochodu) uzyskanego przez osoby fizyczne niemaj\u0105ce w Rzeczypospolitej Polskiej miejsca zamieszkania.<\/li>\n<\/ul>\n<\/li>\n<\/ul>\n<p><strong>Przepisy powy\u017cszego rozporz\u0105dzenia maj\u0105 wej\u015b\u0107 w \u017cycie 1 stycznia 2020 r.<\/strong><\/p>\n<p>Wzory o\u015bwiadcze\u0144, deklaracji i informacji podatkowych co do zasady b\u0119d\u0105 mia\u0142y zastosowanie do przychod\u00f3w, dochod\u00f3w (strat) uzyskanych (poniesionych) od dnia 1 stycznia 2019 r., z wyj\u0105tkiem wzor\u00f3w o\u015bwiadcze\u0144 PIT-2, PIT-2A i PIT-3, kt\u00f3re b\u0119d\u0105 mia\u0142y zastosowanie do dochod\u00f3w (strat) uzyskanych (poniesionych) od dnia 1 stycznia 2020 r.<\/p>\n<h2>Zniesienie limitu 30-krotno\u015bci sk\u0142adek w 2020 roku<\/h2>\n<p><strong>Projekt ustawy bud\u017cetowej na rok 2020 zak\u0142ada o zniesienie ograniczenia rocznej podstawy wymiaru sk\u0142adek na ubezpieczenia emerytalne i rentowe (trzydziestokrotno\u015bci prognozowanego przeci\u0119tnego wynagrodzenia w gospodarce.<\/strong><\/p>\n<p>Kwestia zniesienia limitu sk\u0142adek ZUS stoi obecnie pod znakiem zapytania. Wiele wskazuje na to, \u017ce do likwidacji limitu w przysz\u0142ym roku nie dojdzie.<\/p>\n","protected":false},"excerpt":{"rendered":"<p>Informacyjny Biuletyn HR Puls, a w nim ostatnie, najbardziej istotne zmiany w przepisach, kt\u00f3re maj\u0105 wp\u0142yw na prac\u0119 z u\u017cytkowanymi przez Pa\u0144stwa aplikacjami HR produkt\u00f3w Softlab, Macrologic i WAPRO z rodziny by Asseco.<\/p>\n","protected":false},"author":9,"featured_media":6033,"comment_status":"closed","ping_status":"open","sticky":false,"template":"","format":"standard","meta":{"_acf_changed":false,"inline_featured_image":false,"footnotes":""},"categories":[120,113],"tags":[238,236,237,212,112,116],"class_list":{"0":"post-5587","1":"post","2":"type-post","3":"status-publish","4":"format-standard","5":"has-post-thumbnail","7":"category-hr","8":"category-zmiany-prawne","9":"tag-duze-firmy","10":"tag-male-firmy","11":"tag-srednie-firmy","12":"tag-biuletyn-hr","13":"tag-softlab","14":"tag-macrologic"},"acf":[],"yoast_head":"<!-- This site is optimized with the Yoast SEO plugin v27.2 - https:\/\/yoast.com\/product\/yoast-seo-wordpress\/ -->\n<title>Biuletyn HR Puls 10\/2019 -<\/title>\n<meta name=\"description\" content=\"Przeczytaj o ostatnich, najbardziej istotnych zmianach w przepisach, kt\u00f3re maj\u0105 wp\u0142yw na prac\u0119 z aplikacjami HR Asseco Business Solutions.\" \/>\n<meta name=\"robots\" content=\"index, follow, max-snippet:-1, max-image-preview:large, max-video-preview:-1\" \/>\n<link rel=\"canonical\" href=\"https:\/\/assecobs.pl\/blog\/biuletyn-hr-puls-10-2019\/\" \/>\n<meta property=\"og:locale\" content=\"pl_PL\" \/>\n<meta property=\"og:type\" content=\"article\" \/>\n<meta property=\"og:title\" content=\"Biuletyn HR Puls 10\/2019 -\" \/>\n<meta property=\"og:description\" content=\"Przeczytaj o ostatnich, najbardziej istotnych zmianach w przepisach, kt\u00f3re maj\u0105 wp\u0142yw na prac\u0119 z aplikacjami HR Asseco Business Solutions.\" \/>\n<meta property=\"og:url\" content=\"https:\/\/assecobs.pl\/blog\/biuletyn-hr-puls-10-2019\/\" \/>\n<meta property=\"og:site_name\" content=\"Blog Asseco BS\" \/>\n<meta property=\"article:publisher\" content=\"https:\/\/www.facebook.com\/erpbyasseco\/\" \/>\n<meta property=\"article:published_time\" content=\"2019-10-30T08:33:40+00:00\" \/>\n<meta property=\"article:modified_time\" content=\"2021-03-10T10:53:33+00:00\" \/>\n<meta property=\"og:image\" content=\"https:\/\/assecobs.pl\/blog\/wp-content\/uploads\/sites\/14\/2019\/10\/biuletyn-hr-puls2.jpg\" \/>\n\t<meta property=\"og:image:width\" content=\"1170\" \/>\n\t<meta property=\"og:image:height\" content=\"515\" \/>\n\t<meta property=\"og:image:type\" content=\"image\/jpeg\" \/>\n<meta name=\"author\" content=\"Anna Klepka-Zakrzewska\" \/>\n<meta name=\"twitter:card\" content=\"summary_large_image\" \/>\n<meta name=\"twitter:creator\" content=\"@asseco_bs\" \/>\n<meta name=\"twitter:site\" content=\"@asseco_bs\" \/>\n<meta name=\"twitter:label1\" content=\"Napisane przez\" \/>\n\t<meta name=\"twitter:data1\" content=\"Anna Klepka-Zakrzewska\" \/>\n\t<meta name=\"twitter:label2\" content=\"Szacowany czas czytania\" \/>\n\t<meta name=\"twitter:data2\" content=\"3 minuty\" \/>\n<script type=\"application\/ld+json\" class=\"yoast-schema-graph\">{\"@context\":\"https:\/\/schema.org\",\"@graph\":[{\"@type\":\"Article\",\"@id\":\"https:\/\/assecobs.pl\/blog\/biuletyn-hr-puls-10-2019\/#article\",\"isPartOf\":{\"@id\":\"https:\/\/assecobs.pl\/blog\/biuletyn-hr-puls-10-2019\/\"},\"author\":{\"name\":\"Anna Klepka-Zakrzewska\",\"@id\":\"https:\/\/assecobs.pl\/blog\/#\/schema\/person\/3070ce73e6544e9492af11ffa925e2a9\"},\"headline\":\"Biuletyn HR Puls 10\/2019\",\"datePublished\":\"2019-10-30T08:33:40+00:00\",\"dateModified\":\"2021-03-10T10:53:33+00:00\",\"mainEntityOfPage\":{\"@id\":\"https:\/\/assecobs.pl\/blog\/biuletyn-hr-puls-10-2019\/\"},\"wordCount\":689,\"publisher\":{\"@id\":\"https:\/\/assecobs.pl\/blog\/#organization\"},\"image\":{\"@id\":\"https:\/\/assecobs.pl\/blog\/biuletyn-hr-puls-10-2019\/#primaryimage\"},\"thumbnailUrl\":\"https:\/\/assecobs.pl\/blog\/wp-content\/uploads\/sites\/14\/2019\/10\/biuletyn-hr-puls2.jpg?wsr\",\"keywords\":[\"Du\u017ce firmy\",\"Ma\u0142e firmy\",\"\u015arednie firmy\",\"biuletyn hr\",\"Softlab\",\"Macrologic\"],\"articleSection\":[\"HR\",\"Zmiany prawne\"],\"inLanguage\":\"pl-PL\"},{\"@type\":\"WebPage\",\"@id\":\"https:\/\/assecobs.pl\/blog\/biuletyn-hr-puls-10-2019\/\",\"url\":\"https:\/\/assecobs.pl\/blog\/biuletyn-hr-puls-10-2019\/\",\"name\":\"Biuletyn HR Puls 10\/2019 -\",\"isPartOf\":{\"@id\":\"https:\/\/assecobs.pl\/blog\/#website\"},\"primaryImageOfPage\":{\"@id\":\"https:\/\/assecobs.pl\/blog\/biuletyn-hr-puls-10-2019\/#primaryimage\"},\"image\":{\"@id\":\"https:\/\/assecobs.pl\/blog\/biuletyn-hr-puls-10-2019\/#primaryimage\"},\"thumbnailUrl\":\"https:\/\/assecobs.pl\/blog\/wp-content\/uploads\/sites\/14\/2019\/10\/biuletyn-hr-puls2.jpg?wsr\",\"datePublished\":\"2019-10-30T08:33:40+00:00\",\"dateModified\":\"2021-03-10T10:53:33+00:00\",\"description\":\"Przeczytaj o ostatnich, najbardziej istotnych zmianach w przepisach, kt\u00f3re maj\u0105 wp\u0142yw na prac\u0119 z aplikacjami HR Asseco Business Solutions.\",\"breadcrumb\":{\"@id\":\"https:\/\/assecobs.pl\/blog\/biuletyn-hr-puls-10-2019\/#breadcrumb\"},\"inLanguage\":\"pl-PL\",\"potentialAction\":[{\"@type\":\"ReadAction\",\"target\":[\"https:\/\/assecobs.pl\/blog\/biuletyn-hr-puls-10-2019\/\"]}]},{\"@type\":\"ImageObject\",\"inLanguage\":\"pl-PL\",\"@id\":\"https:\/\/assecobs.pl\/blog\/biuletyn-hr-puls-10-2019\/#primaryimage\",\"url\":\"https:\/\/assecobs.pl\/blog\/wp-content\/uploads\/sites\/14\/2019\/10\/biuletyn-hr-puls2.jpg?wsr\",\"contentUrl\":\"https:\/\/assecobs.pl\/blog\/wp-content\/uploads\/sites\/14\/2019\/10\/biuletyn-hr-puls2.jpg?wsr\",\"width\":1170,\"height\":515,\"caption\":\"biuletyn-hr-puls\"},{\"@type\":\"BreadcrumbList\",\"@id\":\"https:\/\/assecobs.pl\/blog\/biuletyn-hr-puls-10-2019\/#breadcrumb\",\"itemListElement\":[{\"@type\":\"ListItem\",\"position\":1,\"name\":\"Strona g\u0142\u00f3wna\",\"item\":\"https:\/\/assecobs.pl\/blog\/\"},{\"@type\":\"ListItem\",\"position\":2,\"name\":\"Biuletyn HR Puls 10\/2019\"}]},{\"@type\":\"WebSite\",\"@id\":\"https:\/\/assecobs.pl\/blog\/#website\",\"url\":\"https:\/\/assecobs.pl\/blog\/\",\"name\":\"Blog Asseco BS\",\"description\":\"\",\"publisher\":{\"@id\":\"https:\/\/assecobs.pl\/blog\/#organization\"},\"potentialAction\":[{\"@type\":\"SearchAction\",\"target\":{\"@type\":\"EntryPoint\",\"urlTemplate\":\"https:\/\/assecobs.pl\/blog\/?s={search_term_string}\"},\"query-input\":{\"@type\":\"PropertyValueSpecification\",\"valueRequired\":true,\"valueName\":\"search_term_string\"}}],\"inLanguage\":\"pl-PL\"},{\"@type\":\"Organization\",\"@id\":\"https:\/\/assecobs.pl\/blog\/#organization\",\"name\":\"Asseco Business Solutions\",\"url\":\"https:\/\/assecobs.pl\/blog\/\",\"logo\":{\"@type\":\"ImageObject\",\"inLanguage\":\"pl-PL\",\"@id\":\"https:\/\/assecobs.pl\/blog\/#\/schema\/logo\/image\/\",\"url\":\"https:\/\/assecobs.pl\/blog\/wp-content\/uploads\/sites\/14\/2020\/01\/abs-logo-user.jpg\",\"contentUrl\":\"https:\/\/assecobs.pl\/blog\/wp-content\/uploads\/sites\/14\/2020\/01\/abs-logo-user.jpg\",\"width\":250,\"height\":251,\"caption\":\"Asseco Business Solutions\"},\"image\":{\"@id\":\"https:\/\/assecobs.pl\/blog\/#\/schema\/logo\/image\/\"},\"sameAs\":[\"https:\/\/www.facebook.com\/erpbyasseco\/\",\"https:\/\/x.com\/asseco_bs\",\"https:\/\/pl.linkedin.com\/company\/asseco-business-solutions-sa\",\"https:\/\/www.youtube.com\/channel\/UCCU4su9i0ZMIrsS0P0bkYOA\/featured\",\"https:\/\/pl.wikipedia.org\/wiki\/Asseco_Business_Solutions\"]},{\"@type\":\"Person\",\"@id\":\"https:\/\/assecobs.pl\/blog\/#\/schema\/person\/3070ce73e6544e9492af11ffa925e2a9\",\"name\":\"Anna Klepka-Zakrzewska\",\"image\":{\"@type\":\"ImageObject\",\"inLanguage\":\"pl-PL\",\"@id\":\"https:\/\/assecobs.pl\/blog\/wp-content\/uploads\/sites\/14\/2025\/01\/annaklepka-blog-150x150.png?wsr\",\"url\":\"https:\/\/assecobs.pl\/blog\/wp-content\/uploads\/sites\/14\/2025\/01\/annaklepka-blog-150x150.png?wsr\",\"contentUrl\":\"https:\/\/assecobs.pl\/blog\/wp-content\/uploads\/sites\/14\/2025\/01\/annaklepka-blog-150x150.png?wsr\",\"caption\":\"Anna Klepka-Zakrzewska\"},\"description\":\"Szefowa zespo\u0142u w Wydziale Zapewnienia Jako\u015bci System\u00f3w ERP w Dziale Produkcji System\u00f3w ERP Asseco Business Solutions S.A.\",\"url\":\"https:\/\/assecobs.pl\/blog\/author\/annaklepka\/\"}]}<\/script>\n<!-- \/ Yoast SEO plugin. -->","yoast_head_json":{"title":"Biuletyn HR Puls 10\/2019 -","description":"Przeczytaj o ostatnich, najbardziej istotnych zmianach w przepisach, kt\u00f3re maj\u0105 wp\u0142yw na prac\u0119 z aplikacjami HR Asseco Business Solutions.","robots":{"index":"index","follow":"follow","max-snippet":"max-snippet:-1","max-image-preview":"max-image-preview:large","max-video-preview":"max-video-preview:-1"},"canonical":"https:\/\/assecobs.pl\/blog\/biuletyn-hr-puls-10-2019\/","og_locale":"pl_PL","og_type":"article","og_title":"Biuletyn HR Puls 10\/2019 -","og_description":"Przeczytaj o ostatnich, najbardziej istotnych zmianach w przepisach, kt\u00f3re maj\u0105 wp\u0142yw na prac\u0119 z aplikacjami HR Asseco Business Solutions.","og_url":"https:\/\/assecobs.pl\/blog\/biuletyn-hr-puls-10-2019\/","og_site_name":"Blog Asseco BS","article_publisher":"https:\/\/www.facebook.com\/erpbyasseco\/","article_published_time":"2019-10-30T08:33:40+00:00","article_modified_time":"2021-03-10T10:53:33+00:00","og_image":[{"width":1170,"height":515,"url":"https:\/\/assecobs.pl\/blog\/wp-content\/uploads\/sites\/14\/2019\/10\/biuletyn-hr-puls2.jpg","type":"image\/jpeg"}],"author":"Anna Klepka-Zakrzewska","twitter_card":"summary_large_image","twitter_creator":"@asseco_bs","twitter_site":"@asseco_bs","twitter_misc":{"Napisane przez":"Anna Klepka-Zakrzewska","Szacowany czas czytania":"3 minuty"},"schema":{"@context":"https:\/\/schema.org","@graph":[{"@type":"Article","@id":"https:\/\/assecobs.pl\/blog\/biuletyn-hr-puls-10-2019\/#article","isPartOf":{"@id":"https:\/\/assecobs.pl\/blog\/biuletyn-hr-puls-10-2019\/"},"author":{"name":"Anna Klepka-Zakrzewska","@id":"https:\/\/assecobs.pl\/blog\/#\/schema\/person\/3070ce73e6544e9492af11ffa925e2a9"},"headline":"Biuletyn HR Puls 10\/2019","datePublished":"2019-10-30T08:33:40+00:00","dateModified":"2021-03-10T10:53:33+00:00","mainEntityOfPage":{"@id":"https:\/\/assecobs.pl\/blog\/biuletyn-hr-puls-10-2019\/"},"wordCount":689,"publisher":{"@id":"https:\/\/assecobs.pl\/blog\/#organization"},"image":{"@id":"https:\/\/assecobs.pl\/blog\/biuletyn-hr-puls-10-2019\/#primaryimage"},"thumbnailUrl":"https:\/\/assecobs.pl\/blog\/wp-content\/uploads\/sites\/14\/2019\/10\/biuletyn-hr-puls2.jpg?wsr","keywords":["Du\u017ce firmy","Ma\u0142e firmy","\u015arednie firmy","biuletyn hr","Softlab","Macrologic"],"articleSection":["HR","Zmiany prawne"],"inLanguage":"pl-PL"},{"@type":"WebPage","@id":"https:\/\/assecobs.pl\/blog\/biuletyn-hr-puls-10-2019\/","url":"https:\/\/assecobs.pl\/blog\/biuletyn-hr-puls-10-2019\/","name":"Biuletyn HR Puls 10\/2019 -","isPartOf":{"@id":"https:\/\/assecobs.pl\/blog\/#website"},"primaryImageOfPage":{"@id":"https:\/\/assecobs.pl\/blog\/biuletyn-hr-puls-10-2019\/#primaryimage"},"image":{"@id":"https:\/\/assecobs.pl\/blog\/biuletyn-hr-puls-10-2019\/#primaryimage"},"thumbnailUrl":"https:\/\/assecobs.pl\/blog\/wp-content\/uploads\/sites\/14\/2019\/10\/biuletyn-hr-puls2.jpg?wsr","datePublished":"2019-10-30T08:33:40+00:00","dateModified":"2021-03-10T10:53:33+00:00","description":"Przeczytaj o ostatnich, najbardziej istotnych zmianach w przepisach, kt\u00f3re maj\u0105 wp\u0142yw na prac\u0119 z aplikacjami HR Asseco Business Solutions.","breadcrumb":{"@id":"https:\/\/assecobs.pl\/blog\/biuletyn-hr-puls-10-2019\/#breadcrumb"},"inLanguage":"pl-PL","potentialAction":[{"@type":"ReadAction","target":["https:\/\/assecobs.pl\/blog\/biuletyn-hr-puls-10-2019\/"]}]},{"@type":"ImageObject","inLanguage":"pl-PL","@id":"https:\/\/assecobs.pl\/blog\/biuletyn-hr-puls-10-2019\/#primaryimage","url":"https:\/\/assecobs.pl\/blog\/wp-content\/uploads\/sites\/14\/2019\/10\/biuletyn-hr-puls2.jpg?wsr","contentUrl":"https:\/\/assecobs.pl\/blog\/wp-content\/uploads\/sites\/14\/2019\/10\/biuletyn-hr-puls2.jpg?wsr","width":1170,"height":515,"caption":"biuletyn-hr-puls"},{"@type":"BreadcrumbList","@id":"https:\/\/assecobs.pl\/blog\/biuletyn-hr-puls-10-2019\/#breadcrumb","itemListElement":[{"@type":"ListItem","position":1,"name":"Strona g\u0142\u00f3wna","item":"https:\/\/assecobs.pl\/blog\/"},{"@type":"ListItem","position":2,"name":"Biuletyn HR Puls 10\/2019"}]},{"@type":"WebSite","@id":"https:\/\/assecobs.pl\/blog\/#website","url":"https:\/\/assecobs.pl\/blog\/","name":"Blog Asseco BS","description":"","publisher":{"@id":"https:\/\/assecobs.pl\/blog\/#organization"},"potentialAction":[{"@type":"SearchAction","target":{"@type":"EntryPoint","urlTemplate":"https:\/\/assecobs.pl\/blog\/?s={search_term_string}"},"query-input":{"@type":"PropertyValueSpecification","valueRequired":true,"valueName":"search_term_string"}}],"inLanguage":"pl-PL"},{"@type":"Organization","@id":"https:\/\/assecobs.pl\/blog\/#organization","name":"Asseco Business Solutions","url":"https:\/\/assecobs.pl\/blog\/","logo":{"@type":"ImageObject","inLanguage":"pl-PL","@id":"https:\/\/assecobs.pl\/blog\/#\/schema\/logo\/image\/","url":"https:\/\/assecobs.pl\/blog\/wp-content\/uploads\/sites\/14\/2020\/01\/abs-logo-user.jpg","contentUrl":"https:\/\/assecobs.pl\/blog\/wp-content\/uploads\/sites\/14\/2020\/01\/abs-logo-user.jpg","width":250,"height":251,"caption":"Asseco Business Solutions"},"image":{"@id":"https:\/\/assecobs.pl\/blog\/#\/schema\/logo\/image\/"},"sameAs":["https:\/\/www.facebook.com\/erpbyasseco\/","https:\/\/x.com\/asseco_bs","https:\/\/pl.linkedin.com\/company\/asseco-business-solutions-sa","https:\/\/www.youtube.com\/channel\/UCCU4su9i0ZMIrsS0P0bkYOA\/featured","https:\/\/pl.wikipedia.org\/wiki\/Asseco_Business_Solutions"]},{"@type":"Person","@id":"https:\/\/assecobs.pl\/blog\/#\/schema\/person\/3070ce73e6544e9492af11ffa925e2a9","name":"Anna Klepka-Zakrzewska","image":{"@type":"ImageObject","inLanguage":"pl-PL","@id":"https:\/\/assecobs.pl\/blog\/wp-content\/uploads\/sites\/14\/2025\/01\/annaklepka-blog-150x150.png?wsr","url":"https:\/\/assecobs.pl\/blog\/wp-content\/uploads\/sites\/14\/2025\/01\/annaklepka-blog-150x150.png?wsr","contentUrl":"https:\/\/assecobs.pl\/blog\/wp-content\/uploads\/sites\/14\/2025\/01\/annaklepka-blog-150x150.png?wsr","caption":"Anna Klepka-Zakrzewska"},"description":"Szefowa zespo\u0142u w Wydziale Zapewnienia Jako\u015bci System\u00f3w ERP w Dziale Produkcji System\u00f3w ERP Asseco Business Solutions S.A.","url":"https:\/\/assecobs.pl\/blog\/author\/annaklepka\/"}]}},"_links":{"self":[{"href":"https:\/\/assecobs.pl\/blog\/wp-json\/wp\/v2\/posts\/5587","targetHints":{"allow":["GET"]}}],"collection":[{"href":"https:\/\/assecobs.pl\/blog\/wp-json\/wp\/v2\/posts"}],"about":[{"href":"https:\/\/assecobs.pl\/blog\/wp-json\/wp\/v2\/types\/post"}],"author":[{"embeddable":true,"href":"https:\/\/assecobs.pl\/blog\/wp-json\/wp\/v2\/users\/9"}],"replies":[{"embeddable":true,"href":"https:\/\/assecobs.pl\/blog\/wp-json\/wp\/v2\/comments?post=5587"}],"version-history":[{"count":8,"href":"https:\/\/assecobs.pl\/blog\/wp-json\/wp\/v2\/posts\/5587\/revisions"}],"predecessor-version":[{"id":6130,"href":"https:\/\/assecobs.pl\/blog\/wp-json\/wp\/v2\/posts\/5587\/revisions\/6130"}],"wp:featuredmedia":[{"embeddable":true,"href":"https:\/\/assecobs.pl\/blog\/wp-json\/wp\/v2\/media\/6033"}],"wp:attachment":[{"href":"https:\/\/assecobs.pl\/blog\/wp-json\/wp\/v2\/media?parent=5587"}],"wp:term":[{"taxonomy":"category","embeddable":true,"href":"https:\/\/assecobs.pl\/blog\/wp-json\/wp\/v2\/categories?post=5587"},{"taxonomy":"post_tag","embeddable":true,"href":"https:\/\/assecobs.pl\/blog\/wp-json\/wp\/v2\/tags?post=5587"}],"curies":[{"name":"wp","href":"https:\/\/api.w.org\/{rel}","templated":true}]}}