{"id":6168,"date":"2020-01-13T12:07:27","date_gmt":"2020-01-13T11:07:27","guid":{"rendered":"https:\/\/blog.assecobs.pl\/?p=6168"},"modified":"2020-01-13T12:49:48","modified_gmt":"2020-01-13T11:49:48","slug":"obsluga-procesu-kadrowego-w-jednym-miejscu","status":"publish","type":"post","link":"https:\/\/assecobs.pl\/blog\/obsluga-procesu-kadrowego-w-jednym-miejscu\/","title":{"rendered":"Obs\u0142uga procesu kadrowego w jednym miejscu"},"content":{"rendered":"<p><strong>Kszta\u0142towanie polityki personalnej w firmie jest jednym z kluczowych element\u00f3w zarz\u0105dzania przedsi\u0119biorstwem. W\u0142a\u015bciwe zarz\u0105dzanie kapita\u0142em ludzkim pozwala zaoszcz\u0119dzi\u0107 czas i \u015brodki finansowe. To przek\u0142ada si\u0119 na jako\u015b\u0107 prowadzenia biznesu. Wykorzystanie nowoczesnych technologii w ramach procesu kadrowego stanowi znaczne u\u0142atwienie w codziennej pracy dzia\u0142u HR, zarz\u0105du oraz wszystkich pracownik\u00f3w organizacji.<\/strong><\/p>\n<h2>Co wchodzi w sk\u0142ad procesu kadrowego?<\/h2>\n<p>Niezale\u017cnie od wielko\u015bci przedsi\u0119biorstwa czy prowadzonego biznesu obs\u0142uga procesu kadrowego sk\u0142ada si\u0119 z element\u00f3w \u201etwardych\u201d oraz \u201emi\u0119kkich\u201d. Cz\u0119\u015b\u0107 \u201etwarda\u201d jest mocno powi\u0105zana z czynno\u015bciami ewidencyjnymi wynikaj\u0105cymi z konieczno\u015bci realizowania przepis\u00f3w dotycz\u0105cych rozliczania wynagrodze\u0144, obs\u0142ugi zdarze\u0144 kadrowych czy ewidencji urlop\u00f3w. Cz\u0119\u015b\u0107 \u201emi\u0119kka\u201d k\u0142adzie wi\u0119kszy nacisk na indywidualne podej\u015bcie do ka\u017cdego z pracownik\u00f3w. Mo\u017ce dotyczy\u0107 proces\u00f3w adaptacji pracownika, organizacji szkole\u0144, ocen okresowych czy te\u017c planowania rozwoju kompetencji.<\/p>\n<p>Wszystkie dzia\u0142ania realizowane w \u00a0ramach procesu kadrowego anga\u017cuj\u0105 wiele os\u00f3b w organizacji. Przedstawicieli dzia\u0142u personalnego, samych pracownik\u00f3w, kierownik\u00f3w poszczeg\u00f3lnych kom\u00f3rek i zarz\u0105d. Odpowiednio przygotowana i realizowana \u00a0polityka personalna umo\u017cliwia nie tylko efektywne wykorzystanie zasob\u00f3w ludzkich. Dzieje si\u0119 to poprzez delegowanie zada\u0144, zgodnych z posiadan\u0105 wiedz\u0105 oraz umiej\u0119tno\u015bciami, ale tak\u017ce w znacznej mierze upraszcza komunikacj\u0119 mi\u0119dzy wszystkimi uczestnikami procesu obs\u0142ugi pracownika.<\/p>\n<div class=\"wstawka-edytowalna\" style=\"background: url('\/blog\/wp-content\/uploads\/sites\/14\/2020\/01\/czytaj-artykuly.jpg'); background-size: cover;\">\n<h1>Zarz\u0105dzanie kapita\u0142em ludzkim<\/h1>\n<h2>Dowiedz si\u0119 wi\u0119cej o prowadzeniu i obs\u0142udze spraw personalnych<\/h2>\n<p><a class=\"load-button\" href=\"https:\/\/assecobs.pl\/blog\/category\/hr\">Przejd\u017a do artyku\u0142\u00f3w<\/a><\/p>\n<\/div>\n<h2>Wszystkie dane personalne w jednym miejscu<\/h2>\n<p>Dzisiaj efektywne zarz\u0105dzanie personelem nie by\u0142oby mo\u017cliwe bez wsparcia ze strony odpowiedniego systemu informatycznego. Odpowiednie narz\u0119dzie pozwala na prowadzenie wszystkich czynno\u015bci zwi\u0105zanych z obs\u0142ug\u0105 kadr w jednym miejscu. System HR umo\u017cliwia przede wszystkim p\u0142ynn\u0105 wymian\u0119 informacji.\u00a0 Od momentu zatrudnienia pracownika, przez adaptacj\u0119, rejestracj\u0119 jego czasu pracy, naliczanie wynagrodzenia, ocen\u0119 okresow\u0105, szkolenia, a\u017c po rozwi\u0105zanie umowy o prac\u0119.<\/p>\n<p>Dzi\u0119ki integracji rozwi\u0105zania HR z innymi programami dost\u0119pnymi w firmie (np. systemy <a href=\"https:\/\/macrologic.pl\/\">Macrologic ERP<\/a> ), przedsi\u0119biorstwo uzyskuje dost\u0119p do wielowymiarowych analiz. Ma mo\u017cliwo\u015b\u0107 tworzenia niemal dowolnie zdefiniowanych raport\u00f3w, plan\u00f3w, bud\u017cet\u00f3w i prognoz w zakresie wynagrodze\u0144, szkole\u0144 czy poziomu zatrudnienia.<\/p>\n<h2>Elektroniczne rozliczenia<\/h2>\n<p>W\u0142a\u015bciwe narz\u0119dzie, dedykowane do obs\u0142ugi procesu kadrowego wspomaga r\u00f3wnie\u017c organizacj\u0119 w innych dzia\u0142aniach, maj\u0105cych wp\u0142yw na finanse. S\u0105 to m.in. bud\u017cetowanie, kontrola koszt\u00f3w pracowniczych (w tym wynagrodze\u0144), \u015brodk\u00f3w przeznaczonych na szkolenia itd. System pomaga w rozliczaniu zaliczek, benefit\u00f3w, potr\u0105ce\u0144 z tytu\u0142u opieki zdrowotnej, ubezpiecze\u0144 pracowniczych czy te\u017c wspiera obs\u0142ug\u0119 systemu kafeteryjnego. Dzi\u0119ki niemu planowanie i rozliczanie delegacji,\u00a0 zarz\u0105dzanie urlopami ze szczeg\u00f3lnym uwzgl\u0119dnieniem pracy w strukturze rozproszonej (obieg wniosk\u00f3w elektronicznych) oraz samo planowanie czasu pracy pracownik\u00f3w, staje si\u0119 znacznie prostsze i mniej czasoch\u0142onne.<\/p>\n<h2>Wyszukiwanie talent\u00f3w i ich doskonalenie<\/h2>\n<p>Planowanie szkole\u0144 jest dla organizacji cz\u0119sto pracoch\u0142onnym procesem. Specjalna matryca pomaga w zdefiniowaniu szkole\u0144 niezb\u0119dnych do wykonywania zada\u0144 na konkretnych stanowiskach. Dzi\u0119ki niej \u0142atwiej mo\u017cna planowa\u0107 dedykowane kursy. Co za tym idzie niezb\u0119dny do ich przeprowadzenia bud\u017cet oraz jego rozliczanie, a\u017c wreszcie walidacj\u0119 i ocen\u0119 szkole\u0144. W efekcie pracownik ma szans\u0119 doskonalenia swojej wiedzy. Otrzymuje te\u017c mo\u017cliwo\u015b\u0107 rozwoju osobistego, maj\u0105c znacznie prostsz\u0105 drog\u0119 do awansu i rozwoju kariery zawodowej.<\/p>\n<p><a href=\"https:\/\/assecobs.pl\/blog\/jak-z-szefa-dzialu-hr-zmienic-sie-we-wplywowego-hr-business-partnera-cz-2\/\">&#8222;Jak z szefa dzia\u0142u HR zmieni\u0107 si\u0119 we wp\u0142ywowego HR business partnera?&#8221;<\/a><br \/>\n<span style=\"color: #777777;\">Dowiedz si\u0119 z artyku\u0142u, jak odnajdywa\u0107 potencja\u0142 pracownik\u00f3w i zosta\u0107 szlifierzem kadrowych diament\u00f3w.&#8221;<\/span><\/p>\n<p>Z drugiej strony system HR u\u0142atwia kierownikom budowanie zespo\u0142\u00f3w projektowych. Wyszukuje osoby posiadaj\u0105ce dan\u0105 kompetencj\u0119 na najwy\u017cszym poziomie lub wyr\u00f3\u017cniaj\u0105c\u0105 si\u0119 na tle organizacji. Dzi\u0119ki temu \u0142atwiej jest wyszukiwa\u0107 niebanalne osobowo\u015bci i talenty w firmie. \u0141atwiej jest\u00a0 tak\u017ce zdiagnozowa\u0107 obszary \u00a0wymagaj\u0105ce poprawy, a tym samym zainicjowa\u0107 wprowadzanie zmian.<\/p>\n<h2>Sta\u0142y kontakt z pracownikiem \u2013 sprawniejszy obieg dokument\u00f3w<\/h2>\n<p>Zastosowanie elektronicznego obiegu dokument\u00f3w w przedsi\u0119biorstwie (r\u00f3wnie\u017c w obszarze kadrowym), pozwala oszcz\u0119dzi\u0107 czas. System przekazuje, a potem archiwizuje informacje personalne. System HR mo\u017ce udost\u0119pni\u0107 zar\u00f3wno kadrze zarz\u0105dzaj\u0105cej, jak i pozosta\u0142ym pracownikom tzw. portale mened\u017cerskie i pracownicze, kt\u00f3re pozwalaj\u0105 zatrudnionym osobom na samodzielny dost\u0119p do danych kadrowo-p\u0142acowych, zewidencjonowanych w systemie HR.<\/p>\n<p>Za pomoc\u0105 portali mened\u017cerowie s\u0105 w stanie rozlicza\u0107 swoich pracownik\u00f3w z twardych fakt\u00f3w (np. finanse, urlopy, itp.). <a href=\"https:\/\/macrologic.pl\/samoobsluga-pracownika\/\">Portal<\/a> wspiera r\u00f3wnie\u017c komunikacj\u0119 na linii pracownik-firma w zakresie kadr i p\u0142ac. Tam w\u0142a\u015bnie (w jednym miejscu w aplikacji HR) znajduje si\u0119 ca\u0142a historia kontakt\u00f3w z zatrudnion\u0105 osob\u0105. Pracownicy mog\u0105 za po\u015brednictwem takiego narz\u0119dzia dokonywa\u0107 samodzielnie takich czynno\u015bci jak sk\u0142adanie wniosk\u00f3w, aktualizowanie danych, wysy\u0142anie zapyta\u0144 do dzia\u0142u HR itp.<\/p>\n<h2><strong>P\u0142ynne sterowanie zdarzeniami<\/strong><\/h2>\n<p>Ka\u017cde przedsi\u0119biorstwo posiada w\u0142asn\u0105 strategi\u0119 zarz\u0105dzania personelem. W zale\u017cno\u015bci od priorytet\u00f3w mo\u017ce stworzy\u0107 w\u0142asn\u0105 \u2013 bardzo skuteczn\u0105 koncepcj\u0119 rozwoju obszaru HR przy efektywnym wykorzystaniu rozwi\u0105za\u0144 informatycznych. Na rynku dost\u0119pnych jest wiele system\u00f3w HR. Aby dokona\u0107 dobrego wyboru takiego rozwi\u0105zania, warto zwr\u00f3ci\u0107 uwag\u0119 &#8211; czy spe\u0142nia ono kryteria wa\u017cne dla konkretnej organizacji.<\/p>\n<p>System do zarz\u0105dzania personelem <a href=\"https:\/\/macrologic.pl\/\">Merit ERP by Asseco<\/a> pozwala na sprawn\u0105 realizacj\u0119 dzia\u0142a\u0144. Wspiera kluczowe procesy obs\u0142ugi zasob\u00f3w ludzkich we wszystkich niezb\u0119dnych aspektach &#8211; przez ca\u0142y okres zatrudnienia pracownika. Kompleksowo\u015b\u0107 tego narz\u0119dzia umo\u017cliwia p\u0142ynne sterowanie wszystkimi zdarzeniami. Dzi\u0119ki temu zar\u00f3wno prze\u0142o\u017ceni jak i pracownicy otrzymuj\u0105 wszystkie informacje, kt\u00f3re s\u0105 im niezb\u0119dne do realizacji przypisanych do nich zada\u0144.<\/p>\n<p><a href=\"https:\/\/assecobs.pl\/blog\/tag\/macrologic\/\">Dowiedz si\u0119 wi\u0119cej o produktach Macrologic ERP by Asseco z artyku\u0142\u00f3w ekspert\u00f3w.<\/a><\/p>\n","protected":false},"excerpt":{"rendered":"<p>Wykorzystanie nowoczesnych technologii w ramach procesu kadrowego znacznie u\u0142atwia codzienn\u0105 prac\u0119 dzia\u0142u HR, zarz\u0105du oraz wszystkich pracownik\u00f3w organizacji. Macrologic ERP skupia w jednym miejscu szeroki wachlarz czynno\u015bci kadrowych. Jak &#8222;kadrowe centrum dowodzenia&#8221; mo\u017ce poprawi\u0107 jako\u015b\u0107 biznesu, oszcz\u0119dzaj\u0105c jednocze\u015bnie czas i \u015brodki finansowe?<\/p>\n","protected":false},"author":23,"featured_media":6234,"comment_status":"closed","ping_status":"open","sticky":false,"template":"","format":"standard","meta":{"_acf_changed":false,"inline_featured_image":false,"footnotes":""},"categories":[120],"tags":[116],"class_list":{"0":"post-6168","1":"post","2":"type-post","3":"status-publish","4":"format-standard","5":"has-post-thumbnail","7":"category-hr","8":"tag-macrologic"},"acf":[],"yoast_head":"<!-- This site is optimized with the Yoast SEO plugin v27.5 - https:\/\/yoast.com\/product\/yoast-seo-wordpress\/ -->\n<title>Obs\u0142uga procesu kadrowego w jednym miejscu - HR<\/title>\n<meta name=\"description\" content=\"Czy wiesz, \u017ce mo\u017cesz obs\u0142ugiwa\u0107 wiele spraw kadrowych w jednym miejscu? Dowiedz si\u0119, jak Macrologic ERP usprawnia zarz\u0105dzanie kapita\u0142em ludzkim.\" \/>\n<meta name=\"robots\" content=\"index, follow, max-snippet:-1, max-image-preview:large, max-video-preview:-1\" \/>\n<link rel=\"canonical\" href=\"https:\/\/assecobs.pl\/blog\/obsluga-procesu-kadrowego-w-jednym-miejscu\/\" \/>\n<meta property=\"og:locale\" content=\"pl_PL\" \/>\n<meta property=\"og:type\" content=\"article\" \/>\n<meta property=\"og:title\" content=\"Obs\u0142uga procesu kadrowego w jednym miejscu - HR\" \/>\n<meta property=\"og:description\" content=\"Czy wiesz, \u017ce mo\u017cesz obs\u0142ugiwa\u0107 wiele spraw kadrowych w jednym miejscu? Dowiedz si\u0119, jak Macrologic ERP usprawnia zarz\u0105dzanie kapita\u0142em ludzkim.\" \/>\n<meta property=\"og:url\" content=\"https:\/\/assecobs.pl\/blog\/obsluga-procesu-kadrowego-w-jednym-miejscu\/\" \/>\n<meta property=\"og:site_name\" content=\"Blog Asseco BS\" \/>\n<meta property=\"article:publisher\" content=\"https:\/\/www.facebook.com\/erpbyasseco\/\" \/>\n<meta property=\"article:published_time\" content=\"2020-01-13T11:07:27+00:00\" \/>\n<meta property=\"article:modified_time\" content=\"2020-01-13T11:49:48+00:00\" \/>\n<meta property=\"og:image\" content=\"https:\/\/assecobs.pl\/blog\/wp-content\/uploads\/sites\/14\/2020\/01\/procesy-kadrowe-w-jednym-miejscu.jpg\" \/>\n\t<meta property=\"og:image:width\" content=\"1170\" \/>\n\t<meta property=\"og:image:height\" content=\"515\" \/>\n\t<meta property=\"og:image:type\" content=\"image\/jpeg\" \/>\n<meta name=\"author\" content=\"Adam Tarkowski\" \/>\n<meta name=\"twitter:card\" content=\"summary_large_image\" \/>\n<meta name=\"twitter:creator\" content=\"@asseco_bs\" \/>\n<meta name=\"twitter:site\" content=\"@asseco_bs\" \/>\n<meta name=\"twitter:label1\" content=\"Napisane przez\" \/>\n\t<meta name=\"twitter:data1\" content=\"Adam Tarkowski\" \/>\n\t<meta name=\"twitter:label2\" content=\"Szacowany czas czytania\" \/>\n\t<meta name=\"twitter:data2\" content=\"5 minut\" \/>\n<script type=\"application\/ld+json\" class=\"yoast-schema-graph\">{\"@context\":\"https:\\\/\\\/schema.org\",\"@graph\":[{\"@type\":\"Article\",\"@id\":\"https:\\\/\\\/assecobs.pl\\\/blog\\\/obsluga-procesu-kadrowego-w-jednym-miejscu\\\/#article\",\"isPartOf\":{\"@id\":\"https:\\\/\\\/assecobs.pl\\\/blog\\\/obsluga-procesu-kadrowego-w-jednym-miejscu\\\/\"},\"author\":{\"name\":\"Adam Tarkowski\",\"@id\":\"https:\\\/\\\/assecobs.pl\\\/blog\\\/#\\\/schema\\\/person\\\/40afb4667117661a85ab8c24707875ba\"},\"headline\":\"Obs\u0142uga procesu kadrowego w jednym miejscu\",\"datePublished\":\"2020-01-13T11:07:27+00:00\",\"dateModified\":\"2020-01-13T11:49:48+00:00\",\"mainEntityOfPage\":{\"@id\":\"https:\\\/\\\/assecobs.pl\\\/blog\\\/obsluga-procesu-kadrowego-w-jednym-miejscu\\\/\"},\"wordCount\":973,\"publisher\":{\"@id\":\"https:\\\/\\\/assecobs.pl\\\/blog\\\/#organization\"},\"image\":{\"@id\":\"https:\\\/\\\/assecobs.pl\\\/blog\\\/obsluga-procesu-kadrowego-w-jednym-miejscu\\\/#primaryimage\"},\"thumbnailUrl\":\"https:\\\/\\\/assecobs.pl\\\/blog\\\/wp-content\\\/uploads\\\/sites\\\/14\\\/2020\\\/01\\\/procesy-kadrowe-w-jednym-miejscu.jpg?wsr\",\"keywords\":[\"Macrologic\"],\"articleSection\":[\"HR\"],\"inLanguage\":\"pl-PL\"},{\"@type\":\"WebPage\",\"@id\":\"https:\\\/\\\/assecobs.pl\\\/blog\\\/obsluga-procesu-kadrowego-w-jednym-miejscu\\\/\",\"url\":\"https:\\\/\\\/assecobs.pl\\\/blog\\\/obsluga-procesu-kadrowego-w-jednym-miejscu\\\/\",\"name\":\"Obs\u0142uga procesu kadrowego w jednym miejscu - HR\",\"isPartOf\":{\"@id\":\"https:\\\/\\\/assecobs.pl\\\/blog\\\/#website\"},\"primaryImageOfPage\":{\"@id\":\"https:\\\/\\\/assecobs.pl\\\/blog\\\/obsluga-procesu-kadrowego-w-jednym-miejscu\\\/#primaryimage\"},\"image\":{\"@id\":\"https:\\\/\\\/assecobs.pl\\\/blog\\\/obsluga-procesu-kadrowego-w-jednym-miejscu\\\/#primaryimage\"},\"thumbnailUrl\":\"https:\\\/\\\/assecobs.pl\\\/blog\\\/wp-content\\\/uploads\\\/sites\\\/14\\\/2020\\\/01\\\/procesy-kadrowe-w-jednym-miejscu.jpg?wsr\",\"datePublished\":\"2020-01-13T11:07:27+00:00\",\"dateModified\":\"2020-01-13T11:49:48+00:00\",\"description\":\"Czy wiesz, \u017ce mo\u017cesz obs\u0142ugiwa\u0107 wiele spraw kadrowych w jednym miejscu? Dowiedz si\u0119, jak Macrologic ERP usprawnia zarz\u0105dzanie kapita\u0142em ludzkim.\",\"breadcrumb\":{\"@id\":\"https:\\\/\\\/assecobs.pl\\\/blog\\\/obsluga-procesu-kadrowego-w-jednym-miejscu\\\/#breadcrumb\"},\"inLanguage\":\"pl-PL\",\"potentialAction\":[{\"@type\":\"ReadAction\",\"target\":[\"https:\\\/\\\/assecobs.pl\\\/blog\\\/obsluga-procesu-kadrowego-w-jednym-miejscu\\\/\"]}]},{\"@type\":\"ImageObject\",\"inLanguage\":\"pl-PL\",\"@id\":\"https:\\\/\\\/assecobs.pl\\\/blog\\\/obsluga-procesu-kadrowego-w-jednym-miejscu\\\/#primaryimage\",\"url\":\"https:\\\/\\\/assecobs.pl\\\/blog\\\/wp-content\\\/uploads\\\/sites\\\/14\\\/2020\\\/01\\\/procesy-kadrowe-w-jednym-miejscu.jpg?wsr\",\"contentUrl\":\"https:\\\/\\\/assecobs.pl\\\/blog\\\/wp-content\\\/uploads\\\/sites\\\/14\\\/2020\\\/01\\\/procesy-kadrowe-w-jednym-miejscu.jpg?wsr\",\"width\":1170,\"height\":515,\"caption\":\"procesy-kadrowe-w-jednym-miejscu\"},{\"@type\":\"BreadcrumbList\",\"@id\":\"https:\\\/\\\/assecobs.pl\\\/blog\\\/obsluga-procesu-kadrowego-w-jednym-miejscu\\\/#breadcrumb\",\"itemListElement\":[{\"@type\":\"ListItem\",\"position\":1,\"name\":\"Strona g\u0142\u00f3wna\",\"item\":\"https:\\\/\\\/assecobs.pl\\\/blog\\\/\"},{\"@type\":\"ListItem\",\"position\":2,\"name\":\"Obs\u0142uga procesu kadrowego w&nbsp;jednym miejscu\"}]},{\"@type\":\"WebSite\",\"@id\":\"https:\\\/\\\/assecobs.pl\\\/blog\\\/#website\",\"url\":\"https:\\\/\\\/assecobs.pl\\\/blog\\\/\",\"name\":\"Blog Asseco BS\",\"description\":\"\",\"publisher\":{\"@id\":\"https:\\\/\\\/assecobs.pl\\\/blog\\\/#organization\"},\"potentialAction\":[{\"@type\":\"SearchAction\",\"target\":{\"@type\":\"EntryPoint\",\"urlTemplate\":\"https:\\\/\\\/assecobs.pl\\\/blog\\\/?s={search_term_string}\"},\"query-input\":{\"@type\":\"PropertyValueSpecification\",\"valueRequired\":true,\"valueName\":\"search_term_string\"}}],\"inLanguage\":\"pl-PL\"},{\"@type\":\"Organization\",\"@id\":\"https:\\\/\\\/assecobs.pl\\\/blog\\\/#organization\",\"name\":\"Asseco Business Solutions\",\"url\":\"https:\\\/\\\/assecobs.pl\\\/blog\\\/\",\"logo\":{\"@type\":\"ImageObject\",\"inLanguage\":\"pl-PL\",\"@id\":\"https:\\\/\\\/assecobs.pl\\\/blog\\\/#\\\/schema\\\/logo\\\/image\\\/\",\"url\":\"https:\\\/\\\/assecobs.pl\\\/blog\\\/wp-content\\\/uploads\\\/sites\\\/14\\\/2020\\\/01\\\/abs-logo-user.jpg\",\"contentUrl\":\"https:\\\/\\\/assecobs.pl\\\/blog\\\/wp-content\\\/uploads\\\/sites\\\/14\\\/2020\\\/01\\\/abs-logo-user.jpg\",\"width\":250,\"height\":251,\"caption\":\"Asseco Business Solutions\"},\"image\":{\"@id\":\"https:\\\/\\\/assecobs.pl\\\/blog\\\/#\\\/schema\\\/logo\\\/image\\\/\"},\"sameAs\":[\"https:\\\/\\\/www.facebook.com\\\/erpbyasseco\\\/\",\"https:\\\/\\\/x.com\\\/asseco_bs\",\"https:\\\/\\\/pl.linkedin.com\\\/company\\\/asseco-business-solutions-sa\",\"https:\\\/\\\/www.youtube.com\\\/channel\\\/UCCU4su9i0ZMIrsS0P0bkYOA\\\/featured\",\"https:\\\/\\\/pl.wikipedia.org\\\/wiki\\\/Asseco_Business_Solutions\"]},{\"@type\":\"Person\",\"@id\":\"https:\\\/\\\/assecobs.pl\\\/blog\\\/#\\\/schema\\\/person\\\/40afb4667117661a85ab8c24707875ba\",\"name\":\"Adam Tarkowski\",\"image\":{\"@type\":\"ImageObject\",\"inLanguage\":\"pl-PL\",\"@id\":\"https:\\\/\\\/assecobs.pl\\\/blog\\\/wp-content\\\/uploads\\\/sites\\\/14\\\/2019\\\/08\\\/tarkowski-150x150.jpg?wsr\",\"url\":\"https:\\\/\\\/assecobs.pl\\\/blog\\\/wp-content\\\/uploads\\\/sites\\\/14\\\/2019\\\/08\\\/tarkowski-150x150.jpg?wsr\",\"contentUrl\":\"https:\\\/\\\/assecobs.pl\\\/blog\\\/wp-content\\\/uploads\\\/sites\\\/14\\\/2019\\\/08\\\/tarkowski-150x150.jpg?wsr\",\"caption\":\"Adam Tarkowski\"},\"description\":\"Szef wydzia\u0142u rozwi\u0105za\u0144 HR w Dziale Produkcji Rozwi\u0105za\u0144 Macrologic ERP w firmie Asseco Business Solutions S.A.\",\"url\":\"https:\\\/\\\/assecobs.pl\\\/blog\\\/author\\\/adamtarkowski\\\/\"}]}<\/script>\n<!-- \/ Yoast SEO plugin. -->","yoast_head_json":{"title":"Obs\u0142uga procesu kadrowego w jednym miejscu - HR","description":"Czy wiesz, \u017ce mo\u017cesz obs\u0142ugiwa\u0107 wiele spraw kadrowych w jednym miejscu? Dowiedz si\u0119, jak Macrologic ERP usprawnia zarz\u0105dzanie kapita\u0142em ludzkim.","robots":{"index":"index","follow":"follow","max-snippet":"max-snippet:-1","max-image-preview":"max-image-preview:large","max-video-preview":"max-video-preview:-1"},"canonical":"https:\/\/assecobs.pl\/blog\/obsluga-procesu-kadrowego-w-jednym-miejscu\/","og_locale":"pl_PL","og_type":"article","og_title":"Obs\u0142uga procesu kadrowego w jednym miejscu - HR","og_description":"Czy wiesz, \u017ce mo\u017cesz obs\u0142ugiwa\u0107 wiele spraw kadrowych w jednym miejscu? Dowiedz si\u0119, jak Macrologic ERP usprawnia zarz\u0105dzanie kapita\u0142em ludzkim.","og_url":"https:\/\/assecobs.pl\/blog\/obsluga-procesu-kadrowego-w-jednym-miejscu\/","og_site_name":"Blog Asseco BS","article_publisher":"https:\/\/www.facebook.com\/erpbyasseco\/","article_published_time":"2020-01-13T11:07:27+00:00","article_modified_time":"2020-01-13T11:49:48+00:00","og_image":[{"width":1170,"height":515,"url":"https:\/\/assecobs.pl\/blog\/wp-content\/uploads\/sites\/14\/2020\/01\/procesy-kadrowe-w-jednym-miejscu.jpg","type":"image\/jpeg"}],"author":"Adam Tarkowski","twitter_card":"summary_large_image","twitter_creator":"@asseco_bs","twitter_site":"@asseco_bs","twitter_misc":{"Napisane przez":"Adam Tarkowski","Szacowany czas czytania":"5 minut"},"schema":{"@context":"https:\/\/schema.org","@graph":[{"@type":"Article","@id":"https:\/\/assecobs.pl\/blog\/obsluga-procesu-kadrowego-w-jednym-miejscu\/#article","isPartOf":{"@id":"https:\/\/assecobs.pl\/blog\/obsluga-procesu-kadrowego-w-jednym-miejscu\/"},"author":{"name":"Adam Tarkowski","@id":"https:\/\/assecobs.pl\/blog\/#\/schema\/person\/40afb4667117661a85ab8c24707875ba"},"headline":"Obs\u0142uga procesu kadrowego w jednym miejscu","datePublished":"2020-01-13T11:07:27+00:00","dateModified":"2020-01-13T11:49:48+00:00","mainEntityOfPage":{"@id":"https:\/\/assecobs.pl\/blog\/obsluga-procesu-kadrowego-w-jednym-miejscu\/"},"wordCount":973,"publisher":{"@id":"https:\/\/assecobs.pl\/blog\/#organization"},"image":{"@id":"https:\/\/assecobs.pl\/blog\/obsluga-procesu-kadrowego-w-jednym-miejscu\/#primaryimage"},"thumbnailUrl":"https:\/\/assecobs.pl\/blog\/wp-content\/uploads\/sites\/14\/2020\/01\/procesy-kadrowe-w-jednym-miejscu.jpg?wsr","keywords":["Macrologic"],"articleSection":["HR"],"inLanguage":"pl-PL"},{"@type":"WebPage","@id":"https:\/\/assecobs.pl\/blog\/obsluga-procesu-kadrowego-w-jednym-miejscu\/","url":"https:\/\/assecobs.pl\/blog\/obsluga-procesu-kadrowego-w-jednym-miejscu\/","name":"Obs\u0142uga procesu kadrowego w jednym miejscu - HR","isPartOf":{"@id":"https:\/\/assecobs.pl\/blog\/#website"},"primaryImageOfPage":{"@id":"https:\/\/assecobs.pl\/blog\/obsluga-procesu-kadrowego-w-jednym-miejscu\/#primaryimage"},"image":{"@id":"https:\/\/assecobs.pl\/blog\/obsluga-procesu-kadrowego-w-jednym-miejscu\/#primaryimage"},"thumbnailUrl":"https:\/\/assecobs.pl\/blog\/wp-content\/uploads\/sites\/14\/2020\/01\/procesy-kadrowe-w-jednym-miejscu.jpg?wsr","datePublished":"2020-01-13T11:07:27+00:00","dateModified":"2020-01-13T11:49:48+00:00","description":"Czy wiesz, \u017ce mo\u017cesz obs\u0142ugiwa\u0107 wiele spraw kadrowych w jednym miejscu? Dowiedz si\u0119, jak Macrologic ERP usprawnia zarz\u0105dzanie kapita\u0142em ludzkim.","breadcrumb":{"@id":"https:\/\/assecobs.pl\/blog\/obsluga-procesu-kadrowego-w-jednym-miejscu\/#breadcrumb"},"inLanguage":"pl-PL","potentialAction":[{"@type":"ReadAction","target":["https:\/\/assecobs.pl\/blog\/obsluga-procesu-kadrowego-w-jednym-miejscu\/"]}]},{"@type":"ImageObject","inLanguage":"pl-PL","@id":"https:\/\/assecobs.pl\/blog\/obsluga-procesu-kadrowego-w-jednym-miejscu\/#primaryimage","url":"https:\/\/assecobs.pl\/blog\/wp-content\/uploads\/sites\/14\/2020\/01\/procesy-kadrowe-w-jednym-miejscu.jpg?wsr","contentUrl":"https:\/\/assecobs.pl\/blog\/wp-content\/uploads\/sites\/14\/2020\/01\/procesy-kadrowe-w-jednym-miejscu.jpg?wsr","width":1170,"height":515,"caption":"procesy-kadrowe-w-jednym-miejscu"},{"@type":"BreadcrumbList","@id":"https:\/\/assecobs.pl\/blog\/obsluga-procesu-kadrowego-w-jednym-miejscu\/#breadcrumb","itemListElement":[{"@type":"ListItem","position":1,"name":"Strona g\u0142\u00f3wna","item":"https:\/\/assecobs.pl\/blog\/"},{"@type":"ListItem","position":2,"name":"Obs\u0142uga procesu kadrowego w&nbsp;jednym miejscu"}]},{"@type":"WebSite","@id":"https:\/\/assecobs.pl\/blog\/#website","url":"https:\/\/assecobs.pl\/blog\/","name":"Blog Asseco BS","description":"","publisher":{"@id":"https:\/\/assecobs.pl\/blog\/#organization"},"potentialAction":[{"@type":"SearchAction","target":{"@type":"EntryPoint","urlTemplate":"https:\/\/assecobs.pl\/blog\/?s={search_term_string}"},"query-input":{"@type":"PropertyValueSpecification","valueRequired":true,"valueName":"search_term_string"}}],"inLanguage":"pl-PL"},{"@type":"Organization","@id":"https:\/\/assecobs.pl\/blog\/#organization","name":"Asseco Business Solutions","url":"https:\/\/assecobs.pl\/blog\/","logo":{"@type":"ImageObject","inLanguage":"pl-PL","@id":"https:\/\/assecobs.pl\/blog\/#\/schema\/logo\/image\/","url":"https:\/\/assecobs.pl\/blog\/wp-content\/uploads\/sites\/14\/2020\/01\/abs-logo-user.jpg","contentUrl":"https:\/\/assecobs.pl\/blog\/wp-content\/uploads\/sites\/14\/2020\/01\/abs-logo-user.jpg","width":250,"height":251,"caption":"Asseco Business Solutions"},"image":{"@id":"https:\/\/assecobs.pl\/blog\/#\/schema\/logo\/image\/"},"sameAs":["https:\/\/www.facebook.com\/erpbyasseco\/","https:\/\/x.com\/asseco_bs","https:\/\/pl.linkedin.com\/company\/asseco-business-solutions-sa","https:\/\/www.youtube.com\/channel\/UCCU4su9i0ZMIrsS0P0bkYOA\/featured","https:\/\/pl.wikipedia.org\/wiki\/Asseco_Business_Solutions"]},{"@type":"Person","@id":"https:\/\/assecobs.pl\/blog\/#\/schema\/person\/40afb4667117661a85ab8c24707875ba","name":"Adam Tarkowski","image":{"@type":"ImageObject","inLanguage":"pl-PL","@id":"https:\/\/assecobs.pl\/blog\/wp-content\/uploads\/sites\/14\/2019\/08\/tarkowski-150x150.jpg?wsr","url":"https:\/\/assecobs.pl\/blog\/wp-content\/uploads\/sites\/14\/2019\/08\/tarkowski-150x150.jpg?wsr","contentUrl":"https:\/\/assecobs.pl\/blog\/wp-content\/uploads\/sites\/14\/2019\/08\/tarkowski-150x150.jpg?wsr","caption":"Adam Tarkowski"},"description":"Szef wydzia\u0142u rozwi\u0105za\u0144 HR w Dziale Produkcji Rozwi\u0105za\u0144 Macrologic ERP w firmie Asseco Business Solutions S.A.","url":"https:\/\/assecobs.pl\/blog\/author\/adamtarkowski\/"}]}},"_links":{"self":[{"href":"https:\/\/assecobs.pl\/blog\/wp-json\/wp\/v2\/posts\/6168","targetHints":{"allow":["GET"]}}],"collection":[{"href":"https:\/\/assecobs.pl\/blog\/wp-json\/wp\/v2\/posts"}],"about":[{"href":"https:\/\/assecobs.pl\/blog\/wp-json\/wp\/v2\/types\/post"}],"author":[{"embeddable":true,"href":"https:\/\/assecobs.pl\/blog\/wp-json\/wp\/v2\/users\/23"}],"replies":[{"embeddable":true,"href":"https:\/\/assecobs.pl\/blog\/wp-json\/wp\/v2\/comments?post=6168"}],"version-history":[{"count":8,"href":"https:\/\/assecobs.pl\/blog\/wp-json\/wp\/v2\/posts\/6168\/revisions"}],"predecessor-version":[{"id":6173,"href":"https:\/\/assecobs.pl\/blog\/wp-json\/wp\/v2\/posts\/6168\/revisions\/6173"}],"wp:featuredmedia":[{"embeddable":true,"href":"https:\/\/assecobs.pl\/blog\/wp-json\/wp\/v2\/media\/6234"}],"wp:attachment":[{"href":"https:\/\/assecobs.pl\/blog\/wp-json\/wp\/v2\/media?parent=6168"}],"wp:term":[{"taxonomy":"category","embeddable":true,"href":"https:\/\/assecobs.pl\/blog\/wp-json\/wp\/v2\/categories?post=6168"},{"taxonomy":"post_tag","embeddable":true,"href":"https:\/\/assecobs.pl\/blog\/wp-json\/wp\/v2\/tags?post=6168"}],"curies":[{"name":"wp","href":"https:\/\/api.w.org\/{rel}","templated":true}]}}