{"id":6941,"date":"2020-06-02T15:27:51","date_gmt":"2020-06-02T13:27:51","guid":{"rendered":"https:\/\/blog.assecobs.pl\/?p=6941"},"modified":"2021-03-12T15:56:03","modified_gmt":"2021-03-12T14:56:03","slug":"bezpieczny-powrot-do-pracy-w-dobie-pandemii-covid-19","status":"publish","type":"post","link":"https:\/\/assecobs.pl\/blog\/bezpieczny-powrot-do-pracy-w-dobie-pandemii-covid-19\/","title":{"rendered":"Bezpieczny powr\u00f3t do pracy w dobie pandemii COVID-19"},"content":{"rendered":"<p><strong>Po majowym komunikacie Pa\u0144stwowego Inspektora Pracy, zawieraj\u0105cym zalecenia dotycz\u0105ce bezpiecznego powrotu do pracy oraz stopniowym odmra\u017caniu gospodarki przez rz\u0105d, wiele firm zaczyna my\u015ble\u0107 o ograniczeniu pracy zdalnej i o powrocie pracownik\u00f3w do biur. W dobie panuj\u0105cej w Polsce pandemii COVID-19 stanowi to nie lada wyzwanie dla pracodawc\u00f3w, kt\u00f3rzy cz\u0119sto nie tylko musz\u0105 zadba\u0107 o bezpiecze\u0144stwo i zdrowie pracownik\u00f3w, ale tak\u017ce przeorganizowa\u0107 dzia\u0142alno\u015b\u0107 ca\u0142ej firmy, by dopasowa\u0107 si\u0119 do nowych warunk\u00f3w. <\/strong><\/p>\n<h2>Pracownicy to najcenniejszy kapita\u0142<\/h2>\n<p>Kluczem do sukcesu niemal ka\u017cdej firmy s\u0105 kadry. To wykwalifikowani, do\u015bwiadczeni pracownicy stanowi\u0105 najwi\u0119kszy kapita\u0142, o czym podczas epidemii COVID-19 dobitnie przekona\u0142o si\u0119 wiele organizacji. Wprowadzane stopniowo odmra\u017canie gospodarki sprawi\u0142o, \u017ce firmy zacz\u0119\u0142y my\u015ble\u0107 o powrocie pracownik\u00f3w do biur. Wymaga to od nich przystosowania si\u0119 do nowej rzeczywisto\u015bci i podj\u0119cia wszelkich \u015brodk\u00f3w zapewniaj\u0105cych bezpiecze\u0144stwo i ochron\u0119 zdrowia pracownik\u00f3w. Co ciekawe, wiele firm, kt\u00f3re w trakcie epidemii korzysta\u0142o z pracy zdalnej, chce wykorzysta\u0107 p\u0142yn\u0105ce z tego do\u015bwiadczenia i wprowadzi\u0107 zmiany kultury pracy w swoich organizacjach. Nowoczesne narz\u0119dzia ERP okaza\u0142y si\u0119 dla wielu przedsi\u0119biorstw nie do przecenienia, nie tylko na co dzie\u0144, ale tak\u017ce w czasie kryzysu. Dzi\u0119ki nim, a tak\u017ce specjalnym procedurom, powr\u00f3t do pracy mo\u017ce okaza\u0107 si\u0119 \u0142atwiejszy, a przede wszystkim, bezpieczniejszy.<\/p>\n<p>Planuj\u0105c powr\u00f3t pracownik\u00f3w do biur, warto wi\u0119c rozwa\u017cy\u0107 nie tylko wprowadzenie odpowiednich procedur, przestrzeganie zalece\u0144 BHP, ale tak\u017ce wspom\u00f3c pracownik\u00f3w odpowiednimi narz\u0119dziami.<\/p>\n<h2>Stosuj zalecenia organ\u00f3w pa\u0144stwowych<\/h2>\n<p>Przede wszystkim, planuj\u0105c powr\u00f3t pracownik\u00f3w do biura, pracodawcy powinni na bie\u017c\u0105co \u015bledzi\u0107 przepisy i zalecenia wydawane przez organy pa\u0144stwowe, w tym przez Pa\u0144stwow\u0105 Inspekcj\u0119 Pracy i G\u0142\u00f3wnego Inspektora Sanitarnego. Wiele \u015brodk\u00f3w, kt\u00f3re wprowadzono, aby powstrzyma\u0107 rozprzestrzenianie si\u0119 koronawirusa w zak\u0142adach pracy zosta\u0142o bowiem nadal utrzymanych. Poza tym, wraz z rozwojem aktualnej sytuacji epidemiologicznej, wprowadzone lub znoszone s\u0105 kolejne zasady.<\/p>\n<h2>Zaktualizuj ocen\u0119 ryzyka<\/h2>\n<p>Pami\u0119taj, \u017ce w przypadku zmian w procesie pracy, pracodawca musi wprowadzi\u0107 odpowiednie zmiany w analizie i ocenie ryzyka zawodowego. Zadbaj w o to, aby ocena ryzyka uwzgl\u0119dnia\u0142a nowe zagro\u017cenia dla zdrowia pracownik\u00f3w, tak\u017ce te mog\u0105ce wp\u0142ywa\u0107 na zdrowie psychiczne.<\/p>\n<h2>Zadbaj o bezpiecze\u0144stwo i zdrowie \u2013 stw\u00f3rz przejrzyste regulaminy<\/h2>\n<p>Pomy\u015bl nad nowymi procedurami bezpiecze\u0144stwa albo dostosuj te, kt\u00f3re ju\u017c funkcjonuj\u0105 w twojej firmie. W tym celu pomy\u015bl o wprowadzeniu w firmie specjalnych regulamin\u00f3w. Jeden mo\u017ce na przyk\u0142ad dotyczy\u0107 sposob\u00f3w zapobiegania zaka\u017ceniu COVID-19 w organizacji, a inny \u2013 opisywa\u0107 \u015bcie\u017ck\u0119 post\u0119powania w przypadku podejrzenia lub zdiagnozowania u kt\u00f3rego\u015b z pracownik\u00f3w choroby.<\/p>\n<h2>W\u0142\u0105cz pracownik\u00f3w w tworzenie nowego \u015brodowiska pracy<\/h2>\n<p>Przy tworzeniu nowych zasad pracy postaraj si\u0119 w\u0142\u0105czy\u0107 pracownik\u00f3w w ustalanie zasad dotycz\u0105cych ich stanowisk pracy, wsp\u00f3\u0142pracy ze wsp\u00f3\u0142pracownikami czy kontrahentami.<\/p>\n<h2>Minimalizuj ryzyko zaka\u017cenia wewn\u0105trz organizacji<\/h2>\n<p>Zapewnij bezpiecze\u0144stwo swoim pracownikom oraz pracownikom innych firm, przebywaj\u0105cych w obiektach twojej firmy. W tym celu mo\u017cesz m.in.:<\/p>\n<ul>\n<li>Zorganizowa\u0107 on-line obowi\u0105zkowe szkolenie informacyjne BHP o przeciwdzia\u0142aniu COVID-19 dla wszystkich pracownik\u00f3w;<\/li>\n<li>Udost\u0119pni\u0107 pracownikom instrukcj\u0119 prawid\u0142owego mycia i dezynfekcji r\u0105k oraz udost\u0119pni\u0107 p\u0142yny, myd\u0142a i \u017cele antywirusowe;<\/li>\n<li>Wyposa\u017cy\u0107 pracownik\u00f3w w p\u0142yny do dezynfekcji sprz\u0119tu elektronicznego;<\/li>\n<li>Wyposa\u017cy\u0107 pracownik\u00f3w w jednorazowe r\u0119kawiczki oraz maseczki lub przy\u0142bice ochronne;<\/li>\n<li>Zapewni\u0107 dezynfekcj\u0119 pomieszcze\u0144 i sprz\u0119tu przez specjalistyczny serwis sprz\u0105taj\u0105cy;<\/li>\n<li>Zobowi\u0105za\u0107 pracownik\u00f3w do zachowania okre\u015blonego dystansu mi\u0119dzy sob\u0105;<\/li>\n<li>Wprowadzi\u0107 ograniczenia w korzystaniu z kuchni \u2013 np. ograniczy\u0107 liczb\u0119 os\u00f3b, jednocze\u015bnie przebywaj\u0105cych w kuchni, pozwoli\u0107 na spo\u017cywanie posi\u0142k\u00f3w przy stanowisku pracy, nakaza\u0107 korzystanie ze zmywarki do naczy\u0144, czy ustali\u0107 minimaln\u0105 odleg\u0142o\u015b\u0107 mi\u0119dzy pracownikami korzystaj\u0105cymi z kuchni;<\/li>\n<li>Umie\u015bci\u0107 w toaletach grafiki z instrukcj\u0105 mycia r\u0105k;<\/li>\n<li>Ograniczy\u0107 korzystanie ze stref wsp\u00f3lnych, korytarz, stref wypoczynku;<\/li>\n<li>Zawiesi\u0107 spotkania integracyjne;<\/li>\n<li><a href=\"https:\/\/assecobs.pl\/blog\/jak-zabezpieczyc-ciaglosc-dzialan-w-dobie-pandemii\/\">Zawiesi\u0107 zebrania i konferencje na rzecz telekonferencji;<\/a><\/li>\n<li><a href=\"https:\/\/assecobs.pl\/blog\/pracownik-w-dobie-pandemii-zdalne-zalatwianie-spraw-pracowniczych-i-ich-elektroniczna-dokumentacja\/\">Umo\u017cliwi\u0107 za\u0142atwianie spraw pracowniczych w formie elektronicznej i zdalnie;<\/a><\/li>\n<li>Wprowadzi\u0107 rotacyjny, zmianowy lub <a href=\"https:\/\/assecobs.pl\/blog\/organizacja-pracy-zdalnej-krok-po-kroku\/\">zdalny tryb pracy;<\/a><\/li>\n<li>Zakaza\u0107 korzystania z wind;<\/li>\n<li>Wyznaczy\u0107 specjalne miejsca utylizacji zu\u017cytych maseczek i r\u0119kawiczek.<\/li>\n<\/ul>\n<h2>Ogranicz ryzyko zaka\u017cenia organizacji z zewn\u0105trz<\/h2>\n<p>Wdr\u00f3\u017c procedury pozwalaj\u0105ce minimalizowa\u0107 zagro\u017cenia zaka\u017ceniem wirusem SARS-CoV2 twoich pracownik\u00f3w przez osoby przebywaj\u0105ce w pomieszczeniach firmy w ramach wsp\u00f3\u0142pracy zewn\u0119trznej. Mo\u017cesz np.:<\/p>\n<ul>\n<li><a href=\"https:\/\/assecobs.pl\/blog\/wzmocnij-kanal-bezposredniej-komunikacji-z-partnerami-biznesowymi-w-czasie-ograniczonej-aktywnosci-terenowych-sil-sprzedazy\/\">Wprowadzi\u0107 ograniczenia dotycz\u0105ce wsp\u00f3\u0142pracy zewn\u0119trznej (ogranicz do minimum delegacje, spotkania i szkolenia) na rzecz kontakt\u00f3w elektronicznych;<\/a><\/li>\n<li>Wprowadzi\u0107 szkolenia w formie on-line;<\/li>\n<li>Zobowi\u0105za\u0107 pracownik\u00f3w do noszenia maseczek i jednorazowych r\u0119kawiczek przy kontaktach z osobami z zewn\u0105trz;<\/li>\n<li>Ograniczy\u0107 mo\u017cliwo\u015b\u0107 przemieszczania si\u0119 po obiektach twojej firmy os\u00f3b z zewn\u0105trz;<\/li>\n<li>Dopilnowa\u0107, aby notowano dane kontaktowe os\u00f3b z zewn\u0105trz, by w razie podejrzenia zaka\u017cenia szybko je zidentyfikowa\u0107;<\/li>\n<li>Wprowad\u017a specjalne procedury post\u0119powania z korespondencj\u0105 i przesy\u0142kami nap\u0142ywaj\u0105cymi do firmy.<\/li>\n<\/ul>\n<p>&nbsp;<\/p>\n<h2>Poinformuj pracownik\u00f3w, jak maj\u0105 si\u0119 zachowywa\u0107 w przypadku podejrzenia zaka\u017cenia koronawirusem<\/h2>\n<p>Pracownicy twojej firmy mog\u0105 zetkn\u0105\u0107 si\u0119 z osobami, u kt\u00f3rych podejrzewa si\u0119 zaka\u017cenie COVID-19 lub kt\u00f3re choruj\u0105 (tak\u017ce bezobjawowo) na SARS CoV2. Przygotuj swoj\u0105 na firm\u0119 i pracownik\u00f3w na tak\u0105 sytuacj\u0119:<\/p>\n<ul>\n<li>Zale\u0107 pracownikom, u kt\u00f3rych wyst\u0119puje podwy\u017cszona temperatura, kichanie czy katar, pozostanie w domu i prac\u0119 zdaln\u0105;<\/li>\n<li>Skieruj pracownika, u kt\u00f3rego wyst\u0119puj\u0105 objawy sugeruj\u0105ce zaka\u017cenie COVID-19 do Pa\u0144stwowej Inspekcji Sanitarnej;<\/li>\n<li>Wsp\u00f3\u0142pracownikom os\u00f3b skierowanych na kwarantann\u0119 lub maj\u0105cych styczno\u015b\u0107 z osob\u0105, u kt\u00f3rej podejrzewa si\u0119 zaka\u017cenie, zale\u0107 prac\u0119 zdaln\u0105 lub kontakt z Pa\u0144stwow\u0105 Inspekcj\u0105 Sanitarn\u0105;<\/li>\n<li>Wytycz \u015bcie\u017ck\u0119 informowania poszczeg\u00f3lnych os\u00f3b i dzia\u0142\u00f3w w firmie o podejrzeniu zaka\u017cenia pracownika COVID-19;<\/li>\n<li>Wytycz \u015bcie\u017ck\u0119 post\u0119powania w przypadku, gdy pracownik zachorowa\u0142 na SARS CoV2, pami\u0119taj zw\u0142aszcza o zidentyfikowaniu wszystkich os\u00f3b, z kt\u00f3rymi m\u00f3g\u0142 mie\u0107 kontakt oraz o dezynfekcji pomieszcze\u0144 i sprz\u0119t\u00f3w.<\/li>\n<\/ul>\n<h2>Wyci\u0105gnij wnioski z dotychczasowych do\u015bwiadcze\u0144 z prac\u0105 zdaln\u0105 i spraw, by twoja firma dzia\u0142a\u0142a pomimo epidemii<\/h2>\n<p>Dla wielu firm praca zdalna w czasie epidemii koronawirusa by\u0142a nowo\u015bci\u0105. Inne, dotychczas stosuj\u0105ce t\u0119 form\u0119 pracy na mniejsz\u0105 skal\u0119, obj\u0119\u0142y ni\u0105 wi\u0119kszo\u015b\u0107 swoich pracownik\u00f3w. Ten wymuszony przez koronawirusa spos\u00f3b pracy da\u0142 organizacjom szans\u0119 na przetestowanie w praktyce na niespotykan\u0105 dot\u0105d skal\u0119 nowego modelu pracy. Z pewno\u015bci\u0105 stosowane w\u00f3wczas rozwi\u0105zania wspomog\u0105 teraz powr\u00f3t pracownik\u00f3w do biur, a by\u0107 mo\u017ce, w wielu firmach, zagoszcz\u0105 na sta\u0142e. Wielokrotnie na blogu poruszali\u015bmy ju\u017c temat funkcjonalnych rozwi\u0105za\u0144 ERP, kt\u00f3re sprawdzaj\u0105 si\u0119 w pracy zdalnej.<\/p>\n<p>Firmy maj\u0105 tutaj do wyboru szereg rozwi\u0105za\u0144, jak na przyk\u0142ad:<\/p>\n<ul>\n<li><strong><a href=\"https:\/\/assecobs.pl\/blog\/pracownik-w-dobie-pandemii-zdalne-zalatwianie-spraw-pracowniczych-i-ich-elektroniczna-dokumentacja\/\">Portal dla pracownik\u00f3w<\/a> \u2013 <\/strong>by on-line wnioskowa\u0107 o urlop, sprawdzi\u0107 dane p\u0142acowe czy rozlicza\u0107 czas pracy;<\/li>\n<li><a href=\"https:\/\/assecobs.pl\/blog\/elektroniczne-akceptowanie-faktur-czyli-jak-wzmocnic-nasze-bezpieczenstwo-w-czasie-pandemii\/\"><strong>Elektroniczny obieg dokument\u00f3w <\/strong><\/a><strong>\u2013 <\/strong>by unikn\u0105\u0107 bezpo\u015brednich kontakt\u00f3w mi\u0119dzy pracownikami i zawsze mie\u0107 wszystkie dokumenty pod r\u0119k\u0105;<\/li>\n<li><strong>Zdalna windykacja nale\u017cno\u015bci <\/strong><strong>\u2013 <\/strong>aby dba\u0107 o p\u0142ynno\u015b\u0107 finansow\u0105 firmy;<\/li>\n<li><a href=\"https:\/\/assecobs.pl\/blog\/wzmocnij-kanal-bezposredniej-komunikacji-z-partnerami-biznesowymi-w-czasie-ograniczonej-aktywnosci-terenowych-sil-sprzedazy\/\"><strong>Wirtualne kana\u0142y kontaktu z partnerami biznesowymi <\/strong><\/a><strong>\u2013 <\/strong>by w dobie home office by\u0107 w sta\u0142ym kontakcie z klientami;<\/li>\n<li><a href=\"https:\/\/assecobs.pl\/blog\/dlaczego-podpis-elektroniczny-ulatwia-prace-zdalna\/\"><strong>Podpis elektroniczny <\/strong><\/a>\u2013 aby sprawnie podpisywa\u0107 bie\u017c\u0105ce dokumenty, umowy i faktury, zw\u0142aszcza te wysy\u0142ane do kontrahent\u00f3w;<\/li>\n<li><a href=\"https:\/\/assecobs.pl\/blog\/bezpieczna-praca-zdalna-z-hostingiem-w-chmurze\/\"><strong>Hosting w chmurze<\/strong><\/a> \u2013 by zapewni\u0107 bezpiecze\u0144stwo firmowych danych oraz stabilno\u015b\u0107 dzia\u0142ania.<\/li>\n<\/ul>\n<p>Narz\u0119dzia te pozwalaj\u0105 pracownikom na sprawne wykonywanie obowi\u0105zk\u00f3w, nawet w tak trudnych warunkach, jak panuj\u0105ca w Polsce epidemia COVID-19. Ka\u017cda organizacja powinna przetestowa\u0107 oferowane przez systemy ERP rozwi\u0105zania i na sta\u0142e zaimplementowa\u0107 u siebie te, kt\u00f3re si\u0119 sprawdzi\u0142y.<\/p>\n<h2>Podsumowanie<\/h2>\n<p>Zastosowanie powy\u017cszych wskaz\u00f3wek z pewno\u015bci\u0105 przyczyni si\u0119 do umo\u017cliwienia dalszego funkcjonowania firmy i \u015bwiadczenia w niej pracy podczas wprowadzonego na terenie Polski stanu epidemii. Oferowane przez systemy ERP rozwi\u0105zania u\u0142atwi\u0105 za\u015b prac\u0119 w tych nowych dla nas wszystkich warunkach. A wszystko to w trosce o zdrowie i bezpiecze\u0144stwo pracownik\u00f3w.<\/p>\n<p>Poza tym \u2013 nie ma tego z\u0142ego\u2026 co by na dobre nie wysz\u0142o. By\u0107 mo\u017ce szersze zastosowanie pracy zdalnej w firmach sprawi, \u017ce pracownicy b\u0119d\u0105 mniej zestresowani, bardziej wypocz\u0119ci i zmotywowani, a co za tym idzie \u2013 bardziej efektywni. Wiele bada\u0144 zdaje si\u0119 to potwierdza\u0107.<\/p>\n<p>&nbsp;<\/p>\n","protected":false},"excerpt":{"rendered":"<p>Jak bezpiecznie zorganizowa\u0107 prac\u0119 stacjonarn\u0105 w czasie epidemii? Poznaj wskaz\u00f3wki i narz\u0119dzia, kt\u00f3re pomog\u0105 przygotowa\u0107 biuro i pracownik\u00f3w do nowej rzeczywisto\u015bci.<\/p>\n","protected":false},"author":41,"featured_media":6943,"comment_status":"closed","ping_status":"open","sticky":false,"template":"","format":"standard","meta":{"_acf_changed":false,"inline_featured_image":false,"footnotes":""},"categories":[120],"tags":[226,238,236,245,250,224,237,112,116,117,223,227],"class_list":{"0":"post-6941","1":"post","2":"type-post","3":"status-publish","4":"format-standard","5":"has-post-thumbnail","7":"category-hr","8":"tag-zostanwdomu","9":"tag-duze-firmy","10":"tag-male-firmy","11":"tag-paperless","12":"tag-portal-hr","13":"tag-praca-zdalna","14":"tag-srednie-firmy","15":"tag-softlab","16":"tag-macrologic","17":"tag-wapro","18":"tag-safo","19":"tag-koma"},"acf":[],"yoast_head":"<!-- This site is optimized with the Yoast SEO plugin v27.5 - https:\/\/yoast.com\/product\/yoast-seo-wordpress\/ -->\n<title>Bezpieczny powr\u00f3t do pracy w dobie pandemii COVID-19<\/title>\n<meta name=\"description\" content=\"Jak bezpiecznie zorganizowa\u0107 prac\u0119 stacjonarn\u0105 w czasie epidemii? Poznaj narz\u0119dzia, kt\u00f3re pomog\u0105 przygotowa\u0107 biuro i pracownik\u00f3w do nowej rzeczywisto\u015bci.\" \/>\n<meta name=\"robots\" content=\"index, follow, max-snippet:-1, max-image-preview:large, max-video-preview:-1\" \/>\n<link rel=\"canonical\" href=\"https:\/\/assecobs.pl\/blog\/bezpieczny-powrot-do-pracy-w-dobie-pandemii-covid-19\/\" \/>\n<meta property=\"og:locale\" content=\"pl_PL\" \/>\n<meta property=\"og:type\" content=\"article\" \/>\n<meta property=\"og:title\" content=\"Bezpieczny powr\u00f3t do pracy w dobie pandemii COVID-19\" \/>\n<meta property=\"og:description\" content=\"Jak bezpiecznie zorganizowa\u0107 prac\u0119 stacjonarn\u0105 w czasie epidemii? Poznaj narz\u0119dzia, kt\u00f3re pomog\u0105 przygotowa\u0107 biuro i pracownik\u00f3w do nowej rzeczywisto\u015bci.\" \/>\n<meta property=\"og:url\" content=\"https:\/\/assecobs.pl\/blog\/bezpieczny-powrot-do-pracy-w-dobie-pandemii-covid-19\/\" \/>\n<meta property=\"og:site_name\" content=\"Blog Asseco BS\" \/>\n<meta property=\"article:publisher\" content=\"https:\/\/www.facebook.com\/erpbyasseco\/\" \/>\n<meta property=\"article:published_time\" content=\"2020-06-02T13:27:51+00:00\" \/>\n<meta property=\"article:modified_time\" content=\"2021-03-12T14:56:03+00:00\" \/>\n<meta property=\"og:image\" content=\"https:\/\/assecobs.pl\/blog\/wp-content\/uploads\/sites\/14\/2020\/06\/bezpieczny-powr\u00f3t-do-pracy.jpg\" \/>\n\t<meta property=\"og:image:width\" content=\"1170\" \/>\n\t<meta property=\"og:image:height\" content=\"515\" \/>\n\t<meta property=\"og:image:type\" content=\"image\/jpeg\" \/>\n<meta name=\"author\" content=\"Marta Dobrzycka\" \/>\n<meta name=\"twitter:card\" content=\"summary_large_image\" \/>\n<meta name=\"twitter:creator\" content=\"@asseco_bs\" \/>\n<meta name=\"twitter:site\" content=\"@asseco_bs\" \/>\n<meta name=\"twitter:label1\" content=\"Napisane przez\" \/>\n\t<meta name=\"twitter:data1\" content=\"Marta Dobrzycka\" \/>\n\t<meta name=\"twitter:label2\" content=\"Szacowany czas czytania\" \/>\n\t<meta name=\"twitter:data2\" content=\"7 minut\" \/>\n<script type=\"application\/ld+json\" class=\"yoast-schema-graph\">{\"@context\":\"https:\\\/\\\/schema.org\",\"@graph\":[{\"@type\":\"Article\",\"@id\":\"https:\\\/\\\/assecobs.pl\\\/blog\\\/bezpieczny-powrot-do-pracy-w-dobie-pandemii-covid-19\\\/#article\",\"isPartOf\":{\"@id\":\"https:\\\/\\\/assecobs.pl\\\/blog\\\/bezpieczny-powrot-do-pracy-w-dobie-pandemii-covid-19\\\/\"},\"author\":{\"name\":\"Marta Dobrzycka\",\"@id\":\"https:\\\/\\\/assecobs.pl\\\/blog\\\/#\\\/schema\\\/person\\\/331a570dfce31d9b679efaab7919cb5e\"},\"headline\":\"Bezpieczny powr\u00f3t do pracy w dobie pandemii COVID-19\",\"datePublished\":\"2020-06-02T13:27:51+00:00\",\"dateModified\":\"2021-03-12T14:56:03+00:00\",\"mainEntityOfPage\":{\"@id\":\"https:\\\/\\\/assecobs.pl\\\/blog\\\/bezpieczny-powrot-do-pracy-w-dobie-pandemii-covid-19\\\/\"},\"wordCount\":1423,\"publisher\":{\"@id\":\"https:\\\/\\\/assecobs.pl\\\/blog\\\/#organization\"},\"image\":{\"@id\":\"https:\\\/\\\/assecobs.pl\\\/blog\\\/bezpieczny-powrot-do-pracy-w-dobie-pandemii-covid-19\\\/#primaryimage\"},\"thumbnailUrl\":\"https:\\\/\\\/assecobs.pl\\\/blog\\\/wp-content\\\/uploads\\\/sites\\\/14\\\/2020\\\/06\\\/bezpieczny-powr\u00f3t-do-pracy.jpg?wsr\",\"keywords\":[\"#Zosta\u0144Wdomu\",\"Du\u017ce firmy\",\"Ma\u0142e firmy\",\"paperless\",\"Portal HR\",\"praca zdalna\",\"\u015arednie firmy\",\"Softlab\",\"Macrologic\",\"Wapro\",\"Safo\",\"Koma\"],\"articleSection\":[\"HR\"],\"inLanguage\":\"pl-PL\"},{\"@type\":\"WebPage\",\"@id\":\"https:\\\/\\\/assecobs.pl\\\/blog\\\/bezpieczny-powrot-do-pracy-w-dobie-pandemii-covid-19\\\/\",\"url\":\"https:\\\/\\\/assecobs.pl\\\/blog\\\/bezpieczny-powrot-do-pracy-w-dobie-pandemii-covid-19\\\/\",\"name\":\"Bezpieczny powr\u00f3t do pracy w dobie pandemii COVID-19\",\"isPartOf\":{\"@id\":\"https:\\\/\\\/assecobs.pl\\\/blog\\\/#website\"},\"primaryImageOfPage\":{\"@id\":\"https:\\\/\\\/assecobs.pl\\\/blog\\\/bezpieczny-powrot-do-pracy-w-dobie-pandemii-covid-19\\\/#primaryimage\"},\"image\":{\"@id\":\"https:\\\/\\\/assecobs.pl\\\/blog\\\/bezpieczny-powrot-do-pracy-w-dobie-pandemii-covid-19\\\/#primaryimage\"},\"thumbnailUrl\":\"https:\\\/\\\/assecobs.pl\\\/blog\\\/wp-content\\\/uploads\\\/sites\\\/14\\\/2020\\\/06\\\/bezpieczny-powr\u00f3t-do-pracy.jpg?wsr\",\"datePublished\":\"2020-06-02T13:27:51+00:00\",\"dateModified\":\"2021-03-12T14:56:03+00:00\",\"description\":\"Jak bezpiecznie zorganizowa\u0107 prac\u0119 stacjonarn\u0105 w czasie epidemii? Poznaj narz\u0119dzia, kt\u00f3re pomog\u0105 przygotowa\u0107 biuro i pracownik\u00f3w do nowej rzeczywisto\u015bci.\",\"breadcrumb\":{\"@id\":\"https:\\\/\\\/assecobs.pl\\\/blog\\\/bezpieczny-powrot-do-pracy-w-dobie-pandemii-covid-19\\\/#breadcrumb\"},\"inLanguage\":\"pl-PL\",\"potentialAction\":[{\"@type\":\"ReadAction\",\"target\":[\"https:\\\/\\\/assecobs.pl\\\/blog\\\/bezpieczny-powrot-do-pracy-w-dobie-pandemii-covid-19\\\/\"]}]},{\"@type\":\"ImageObject\",\"inLanguage\":\"pl-PL\",\"@id\":\"https:\\\/\\\/assecobs.pl\\\/blog\\\/bezpieczny-powrot-do-pracy-w-dobie-pandemii-covid-19\\\/#primaryimage\",\"url\":\"https:\\\/\\\/assecobs.pl\\\/blog\\\/wp-content\\\/uploads\\\/sites\\\/14\\\/2020\\\/06\\\/bezpieczny-powr\u00f3t-do-pracy.jpg?wsr\",\"contentUrl\":\"https:\\\/\\\/assecobs.pl\\\/blog\\\/wp-content\\\/uploads\\\/sites\\\/14\\\/2020\\\/06\\\/bezpieczny-powr\u00f3t-do-pracy.jpg?wsr\",\"width\":1170,\"height\":515,\"caption\":\"bezpieczny-powrot-do-pracy\"},{\"@type\":\"BreadcrumbList\",\"@id\":\"https:\\\/\\\/assecobs.pl\\\/blog\\\/bezpieczny-powrot-do-pracy-w-dobie-pandemii-covid-19\\\/#breadcrumb\",\"itemListElement\":[{\"@type\":\"ListItem\",\"position\":1,\"name\":\"Strona g\u0142\u00f3wna\",\"item\":\"https:\\\/\\\/assecobs.pl\\\/blog\\\/\"},{\"@type\":\"ListItem\",\"position\":2,\"name\":\"Bezpieczny powr\u00f3t do&nbsp;pracy w&nbsp;dobie pandemii COVID-19\"}]},{\"@type\":\"WebSite\",\"@id\":\"https:\\\/\\\/assecobs.pl\\\/blog\\\/#website\",\"url\":\"https:\\\/\\\/assecobs.pl\\\/blog\\\/\",\"name\":\"Blog Asseco BS\",\"description\":\"\",\"publisher\":{\"@id\":\"https:\\\/\\\/assecobs.pl\\\/blog\\\/#organization\"},\"potentialAction\":[{\"@type\":\"SearchAction\",\"target\":{\"@type\":\"EntryPoint\",\"urlTemplate\":\"https:\\\/\\\/assecobs.pl\\\/blog\\\/?s={search_term_string}\"},\"query-input\":{\"@type\":\"PropertyValueSpecification\",\"valueRequired\":true,\"valueName\":\"search_term_string\"}}],\"inLanguage\":\"pl-PL\"},{\"@type\":\"Organization\",\"@id\":\"https:\\\/\\\/assecobs.pl\\\/blog\\\/#organization\",\"name\":\"Asseco Business Solutions\",\"url\":\"https:\\\/\\\/assecobs.pl\\\/blog\\\/\",\"logo\":{\"@type\":\"ImageObject\",\"inLanguage\":\"pl-PL\",\"@id\":\"https:\\\/\\\/assecobs.pl\\\/blog\\\/#\\\/schema\\\/logo\\\/image\\\/\",\"url\":\"https:\\\/\\\/assecobs.pl\\\/blog\\\/wp-content\\\/uploads\\\/sites\\\/14\\\/2020\\\/01\\\/abs-logo-user.jpg\",\"contentUrl\":\"https:\\\/\\\/assecobs.pl\\\/blog\\\/wp-content\\\/uploads\\\/sites\\\/14\\\/2020\\\/01\\\/abs-logo-user.jpg\",\"width\":250,\"height\":251,\"caption\":\"Asseco Business Solutions\"},\"image\":{\"@id\":\"https:\\\/\\\/assecobs.pl\\\/blog\\\/#\\\/schema\\\/logo\\\/image\\\/\"},\"sameAs\":[\"https:\\\/\\\/www.facebook.com\\\/erpbyasseco\\\/\",\"https:\\\/\\\/x.com\\\/asseco_bs\",\"https:\\\/\\\/pl.linkedin.com\\\/company\\\/asseco-business-solutions-sa\",\"https:\\\/\\\/www.youtube.com\\\/channel\\\/UCCU4su9i0ZMIrsS0P0bkYOA\\\/featured\",\"https:\\\/\\\/pl.wikipedia.org\\\/wiki\\\/Asseco_Business_Solutions\"]},{\"@type\":\"Person\",\"@id\":\"https:\\\/\\\/assecobs.pl\\\/blog\\\/#\\\/schema\\\/person\\\/331a570dfce31d9b679efaab7919cb5e\",\"name\":\"Marta Dobrzycka\",\"image\":{\"@type\":\"ImageObject\",\"inLanguage\":\"pl-PL\",\"@id\":\"https:\\\/\\\/assecobs.pl\\\/blog\\\/wp-content\\\/uploads\\\/sites\\\/14\\\/2020\\\/05\\\/marta-dobrzycka-150x150.jpg?wsr\",\"url\":\"https:\\\/\\\/assecobs.pl\\\/blog\\\/wp-content\\\/uploads\\\/sites\\\/14\\\/2020\\\/05\\\/marta-dobrzycka-150x150.jpg?wsr\",\"contentUrl\":\"https:\\\/\\\/assecobs.pl\\\/blog\\\/wp-content\\\/uploads\\\/sites\\\/14\\\/2020\\\/05\\\/marta-dobrzycka-150x150.jpg?wsr\",\"caption\":\"Marta Dobrzycka\"},\"description\":\"Wyk\u0142adowca WSA w \u0141om\u017cy, autorka w Infor i Beck, spec. ds. komunikacji, Dzia\u0142 Sprzeda\u017cy i Wdro\u017ce\u0144 Macrologic ERP w Asseco Business Solutions\",\"url\":\"https:\\\/\\\/assecobs.pl\\\/blog\\\/author\\\/martadobrzycka\\\/\"}]}<\/script>\n<!-- \/ Yoast SEO plugin. -->","yoast_head_json":{"title":"Bezpieczny powr\u00f3t do pracy w dobie pandemii COVID-19","description":"Jak bezpiecznie zorganizowa\u0107 prac\u0119 stacjonarn\u0105 w czasie epidemii? Poznaj narz\u0119dzia, kt\u00f3re pomog\u0105 przygotowa\u0107 biuro i pracownik\u00f3w do nowej rzeczywisto\u015bci.","robots":{"index":"index","follow":"follow","max-snippet":"max-snippet:-1","max-image-preview":"max-image-preview:large","max-video-preview":"max-video-preview:-1"},"canonical":"https:\/\/assecobs.pl\/blog\/bezpieczny-powrot-do-pracy-w-dobie-pandemii-covid-19\/","og_locale":"pl_PL","og_type":"article","og_title":"Bezpieczny powr\u00f3t do pracy w dobie pandemii COVID-19","og_description":"Jak bezpiecznie zorganizowa\u0107 prac\u0119 stacjonarn\u0105 w czasie epidemii? Poznaj narz\u0119dzia, kt\u00f3re pomog\u0105 przygotowa\u0107 biuro i pracownik\u00f3w do nowej rzeczywisto\u015bci.","og_url":"https:\/\/assecobs.pl\/blog\/bezpieczny-powrot-do-pracy-w-dobie-pandemii-covid-19\/","og_site_name":"Blog Asseco BS","article_publisher":"https:\/\/www.facebook.com\/erpbyasseco\/","article_published_time":"2020-06-02T13:27:51+00:00","article_modified_time":"2021-03-12T14:56:03+00:00","og_image":[{"width":1170,"height":515,"url":"https:\/\/assecobs.pl\/blog\/wp-content\/uploads\/sites\/14\/2020\/06\/bezpieczny-powr\u00f3t-do-pracy.jpg","type":"image\/jpeg"}],"author":"Marta Dobrzycka","twitter_card":"summary_large_image","twitter_creator":"@asseco_bs","twitter_site":"@asseco_bs","twitter_misc":{"Napisane przez":"Marta Dobrzycka","Szacowany czas czytania":"7 minut"},"schema":{"@context":"https:\/\/schema.org","@graph":[{"@type":"Article","@id":"https:\/\/assecobs.pl\/blog\/bezpieczny-powrot-do-pracy-w-dobie-pandemii-covid-19\/#article","isPartOf":{"@id":"https:\/\/assecobs.pl\/blog\/bezpieczny-powrot-do-pracy-w-dobie-pandemii-covid-19\/"},"author":{"name":"Marta Dobrzycka","@id":"https:\/\/assecobs.pl\/blog\/#\/schema\/person\/331a570dfce31d9b679efaab7919cb5e"},"headline":"Bezpieczny powr\u00f3t do pracy w dobie pandemii COVID-19","datePublished":"2020-06-02T13:27:51+00:00","dateModified":"2021-03-12T14:56:03+00:00","mainEntityOfPage":{"@id":"https:\/\/assecobs.pl\/blog\/bezpieczny-powrot-do-pracy-w-dobie-pandemii-covid-19\/"},"wordCount":1423,"publisher":{"@id":"https:\/\/assecobs.pl\/blog\/#organization"},"image":{"@id":"https:\/\/assecobs.pl\/blog\/bezpieczny-powrot-do-pracy-w-dobie-pandemii-covid-19\/#primaryimage"},"thumbnailUrl":"https:\/\/assecobs.pl\/blog\/wp-content\/uploads\/sites\/14\/2020\/06\/bezpieczny-powr\u00f3t-do-pracy.jpg?wsr","keywords":["#Zosta\u0144Wdomu","Du\u017ce firmy","Ma\u0142e firmy","paperless","Portal HR","praca zdalna","\u015arednie firmy","Softlab","Macrologic","Wapro","Safo","Koma"],"articleSection":["HR"],"inLanguage":"pl-PL"},{"@type":"WebPage","@id":"https:\/\/assecobs.pl\/blog\/bezpieczny-powrot-do-pracy-w-dobie-pandemii-covid-19\/","url":"https:\/\/assecobs.pl\/blog\/bezpieczny-powrot-do-pracy-w-dobie-pandemii-covid-19\/","name":"Bezpieczny powr\u00f3t do pracy w dobie pandemii COVID-19","isPartOf":{"@id":"https:\/\/assecobs.pl\/blog\/#website"},"primaryImageOfPage":{"@id":"https:\/\/assecobs.pl\/blog\/bezpieczny-powrot-do-pracy-w-dobie-pandemii-covid-19\/#primaryimage"},"image":{"@id":"https:\/\/assecobs.pl\/blog\/bezpieczny-powrot-do-pracy-w-dobie-pandemii-covid-19\/#primaryimage"},"thumbnailUrl":"https:\/\/assecobs.pl\/blog\/wp-content\/uploads\/sites\/14\/2020\/06\/bezpieczny-powr\u00f3t-do-pracy.jpg?wsr","datePublished":"2020-06-02T13:27:51+00:00","dateModified":"2021-03-12T14:56:03+00:00","description":"Jak bezpiecznie zorganizowa\u0107 prac\u0119 stacjonarn\u0105 w czasie epidemii? Poznaj narz\u0119dzia, kt\u00f3re pomog\u0105 przygotowa\u0107 biuro i pracownik\u00f3w do nowej rzeczywisto\u015bci.","breadcrumb":{"@id":"https:\/\/assecobs.pl\/blog\/bezpieczny-powrot-do-pracy-w-dobie-pandemii-covid-19\/#breadcrumb"},"inLanguage":"pl-PL","potentialAction":[{"@type":"ReadAction","target":["https:\/\/assecobs.pl\/blog\/bezpieczny-powrot-do-pracy-w-dobie-pandemii-covid-19\/"]}]},{"@type":"ImageObject","inLanguage":"pl-PL","@id":"https:\/\/assecobs.pl\/blog\/bezpieczny-powrot-do-pracy-w-dobie-pandemii-covid-19\/#primaryimage","url":"https:\/\/assecobs.pl\/blog\/wp-content\/uploads\/sites\/14\/2020\/06\/bezpieczny-powr\u00f3t-do-pracy.jpg?wsr","contentUrl":"https:\/\/assecobs.pl\/blog\/wp-content\/uploads\/sites\/14\/2020\/06\/bezpieczny-powr\u00f3t-do-pracy.jpg?wsr","width":1170,"height":515,"caption":"bezpieczny-powrot-do-pracy"},{"@type":"BreadcrumbList","@id":"https:\/\/assecobs.pl\/blog\/bezpieczny-powrot-do-pracy-w-dobie-pandemii-covid-19\/#breadcrumb","itemListElement":[{"@type":"ListItem","position":1,"name":"Strona g\u0142\u00f3wna","item":"https:\/\/assecobs.pl\/blog\/"},{"@type":"ListItem","position":2,"name":"Bezpieczny powr\u00f3t do&nbsp;pracy w&nbsp;dobie pandemii COVID-19"}]},{"@type":"WebSite","@id":"https:\/\/assecobs.pl\/blog\/#website","url":"https:\/\/assecobs.pl\/blog\/","name":"Blog Asseco BS","description":"","publisher":{"@id":"https:\/\/assecobs.pl\/blog\/#organization"},"potentialAction":[{"@type":"SearchAction","target":{"@type":"EntryPoint","urlTemplate":"https:\/\/assecobs.pl\/blog\/?s={search_term_string}"},"query-input":{"@type":"PropertyValueSpecification","valueRequired":true,"valueName":"search_term_string"}}],"inLanguage":"pl-PL"},{"@type":"Organization","@id":"https:\/\/assecobs.pl\/blog\/#organization","name":"Asseco Business Solutions","url":"https:\/\/assecobs.pl\/blog\/","logo":{"@type":"ImageObject","inLanguage":"pl-PL","@id":"https:\/\/assecobs.pl\/blog\/#\/schema\/logo\/image\/","url":"https:\/\/assecobs.pl\/blog\/wp-content\/uploads\/sites\/14\/2020\/01\/abs-logo-user.jpg","contentUrl":"https:\/\/assecobs.pl\/blog\/wp-content\/uploads\/sites\/14\/2020\/01\/abs-logo-user.jpg","width":250,"height":251,"caption":"Asseco Business Solutions"},"image":{"@id":"https:\/\/assecobs.pl\/blog\/#\/schema\/logo\/image\/"},"sameAs":["https:\/\/www.facebook.com\/erpbyasseco\/","https:\/\/x.com\/asseco_bs","https:\/\/pl.linkedin.com\/company\/asseco-business-solutions-sa","https:\/\/www.youtube.com\/channel\/UCCU4su9i0ZMIrsS0P0bkYOA\/featured","https:\/\/pl.wikipedia.org\/wiki\/Asseco_Business_Solutions"]},{"@type":"Person","@id":"https:\/\/assecobs.pl\/blog\/#\/schema\/person\/331a570dfce31d9b679efaab7919cb5e","name":"Marta Dobrzycka","image":{"@type":"ImageObject","inLanguage":"pl-PL","@id":"https:\/\/assecobs.pl\/blog\/wp-content\/uploads\/sites\/14\/2020\/05\/marta-dobrzycka-150x150.jpg?wsr","url":"https:\/\/assecobs.pl\/blog\/wp-content\/uploads\/sites\/14\/2020\/05\/marta-dobrzycka-150x150.jpg?wsr","contentUrl":"https:\/\/assecobs.pl\/blog\/wp-content\/uploads\/sites\/14\/2020\/05\/marta-dobrzycka-150x150.jpg?wsr","caption":"Marta Dobrzycka"},"description":"Wyk\u0142adowca WSA w \u0141om\u017cy, autorka w Infor i Beck, spec. ds. komunikacji, Dzia\u0142 Sprzeda\u017cy i Wdro\u017ce\u0144 Macrologic ERP w Asseco Business Solutions","url":"https:\/\/assecobs.pl\/blog\/author\/martadobrzycka\/"}]}},"_links":{"self":[{"href":"https:\/\/assecobs.pl\/blog\/wp-json\/wp\/v2\/posts\/6941","targetHints":{"allow":["GET"]}}],"collection":[{"href":"https:\/\/assecobs.pl\/blog\/wp-json\/wp\/v2\/posts"}],"about":[{"href":"https:\/\/assecobs.pl\/blog\/wp-json\/wp\/v2\/types\/post"}],"author":[{"embeddable":true,"href":"https:\/\/assecobs.pl\/blog\/wp-json\/wp\/v2\/users\/41"}],"replies":[{"embeddable":true,"href":"https:\/\/assecobs.pl\/blog\/wp-json\/wp\/v2\/comments?post=6941"}],"version-history":[{"count":2,"href":"https:\/\/assecobs.pl\/blog\/wp-json\/wp\/v2\/posts\/6941\/revisions"}],"predecessor-version":[{"id":7025,"href":"https:\/\/assecobs.pl\/blog\/wp-json\/wp\/v2\/posts\/6941\/revisions\/7025"}],"wp:featuredmedia":[{"embeddable":true,"href":"https:\/\/assecobs.pl\/blog\/wp-json\/wp\/v2\/media\/6943"}],"wp:attachment":[{"href":"https:\/\/assecobs.pl\/blog\/wp-json\/wp\/v2\/media?parent=6941"}],"wp:term":[{"taxonomy":"category","embeddable":true,"href":"https:\/\/assecobs.pl\/blog\/wp-json\/wp\/v2\/categories?post=6941"},{"taxonomy":"post_tag","embeddable":true,"href":"https:\/\/assecobs.pl\/blog\/wp-json\/wp\/v2\/tags?post=6941"}],"curies":[{"name":"wp","href":"https:\/\/api.w.org\/{rel}","templated":true}]}}