{"id":7209,"date":"2020-10-15T11:45:45","date_gmt":"2020-10-15T09:45:45","guid":{"rendered":"https:\/\/blog.assecobs.pl\/?p=7209"},"modified":"2021-03-10T12:10:55","modified_gmt":"2021-03-10T11:10:55","slug":"skorzystaj-z-doswiadczen-innych-firm-we-wdrazaniu-pracowniczych-planow-kapitalowych","status":"publish","type":"post","link":"https:\/\/assecobs.pl\/blog\/skorzystaj-z-doswiadczen-innych-firm-we-wdrazaniu-pracowniczych-planow-kapitalowych\/","title":{"rendered":"Skorzystaj z do\u015bwiadcze\u0144 innych firm we wdra\u017caniu Pracowniczych Plan\u00f3w Kapita\u0142owych"},"content":{"rendered":"<p><strong>Pracownicze Plany Kapita\u0142owe (PPK) to dobrowolny system oszcz\u0119dzania na emerytur\u0119, dost\u0119pny dla wszystkich os\u00f3b zatrudnionych, kt\u00f3re podlegaj\u0105 obowi\u0105zkowo ubezpieczeniu emerytalnemu i rentowemu. Firmy, zatrudniaj\u0105ce pracownik\u00f3w, a tak\u017ce jednostki sektora finans\u00f3w publicznych, zobowi\u0105zane s\u0105, stopniowo, pocz\u0105wszy od lipca 2019 r., do wprowadzania u siebie PPK. Postanowili\u015bmy zebra\u0107 ich opinie i do\u015bwiadczenia, by pokaza\u0107, jak sprawnie mo\u017ce wygl\u0105da\u0107 wdra\u017canie i zarz\u0105dzanie PPK w oparciu o nasze systemy ERP.<\/strong><\/p>\n<h2>Na czym polega program Pracowniczych Plan\u00f3w Kapita\u0142owych?<\/h2>\n<p>System oszcz\u0119dzania \u015brodk\u00f3w na emerytur\u0119, funkcjonuj\u0105cy w ramach Pracowniczych Plan\u00f3w Kapita\u0142owych, polega na gromadzeniu \u015brodk\u00f3w pieni\u0119\u017cnych na rachunkach PPK. Za zarz\u0105dzanie tymi rachunkami odpowiedzialne s\u0105 odpowiednie instytucje finansowe, wybierane przez pracodawc\u00f3w.<\/p>\n<p><strong>Warto pami\u0119ta\u0107, \u017ce wp\u0142aty na wspomniane konto PPK pochodz\u0105 z trzech r\u00f3\u017cnych \u017ar\u00f3de\u0142:<\/strong><\/p>\n<ol>\n<li>Pracodawca dokonuje dw\u00f3ch rodzaj\u00f3w wp\u0142at: wp\u0142aty podstawowej oraz wp\u0142aty dodatkowej (nieobowi\u0105zkowej), uzale\u017cnionej np. od d\u0142ugo\u015bci sta\u017cu pracownika;<\/li>\n<li>Pracownik dokonuje wp\u0142aty podstawowej i wp\u0142aty dodatkowej (nieobowi\u0105zkowej);<\/li>\n<li>Z bud\u017cetu pa\u0144stwa dokonywana jest jednorazowa wp\u0142ata powitalna, a po spe\u0142nieniu okre\u015blonych warunk\u00f3w, dokonywana jest co roku wp\u0142ata roczna.<\/li>\n<\/ol>\n<p class=\"wyroznienie\">Ju\u017c sam system wp\u0142at mo\u017ce nastr\u0119cza\u0107 trudno\u015bci, a to nie wszystko, z czym pracodawca musi sobie poradzi\u0107.<\/p>\n<p>Jak wida\u0107, ju\u017c sam system wp\u0142at mo\u017ce nastr\u0119cza\u0107 trudno\u015bci. Zagadnie\u0144, z kt\u00f3rymi pracodawca b\u0119dzie musia\u0142 sobie poradzi\u0107 przy wdra\u017caniu PPK w swojej firmie jest du\u017co wi\u0119cej. Trzeba pami\u0119ta\u0107, \u017ce pracownik mo\u017ce w ka\u017cdej chwili zrezygnowa\u0107 z oszcz\u0119dzania w ramach PPK. Musi zrobi\u0107 to poprzez specjaln\u0105 pisemn\u0105 deklaracj\u0119. Wato te\u017c wiedzie\u0107, \u017ce ka\u017cdy pracownik, uczestnicz\u0105cy w PPK, po uko\u0144czeniu 60 lat, b\u0119dzie m\u00f3g\u0142 samodzielnie decydowa\u0107, jak korzysta\u0107 ze zgromadzonych na koncie PPK \u015brodk\u00f3w.<\/p>\n<div class=\"wstawka-edytowalna\" style=\"background: url('\/blog\/wp-content\/uploads\/sites\/14\/2019\/12\/poznaj-rozwiazanie.jpg'); background-size: cover;\">\n<h1>Pracownicze Plany Kapita\u0142owe<\/h1>\n<h2>Dowiedz si\u0119 wi\u0119cej o PPK z naszych artyku\u0142\u00f3w<\/h2>\n<p><a class=\"load-button\" href=\"https:\/\/assecobs.pl\/blog\/category\/ppk\/\">Czytaj wi\u0119cej<\/a><\/p>\n<\/div>\n<p>&nbsp;<\/p>\n<h2>Obowi\u0105zki pracodawcy zwi\u0105zane ze wdra\u017caniem PPK<\/h2>\n<p>Ustawodawca na\u0142o\u017cy\u0142 na pracodawc\u00f3w wiele obowi\u0105zk\u00f3w zwi\u0105zanych z Pracowniczymi Planami Kapita\u0142owymi. Te nowe zadania, realizowane przez dzia\u0142y kadrowo-p\u0142acowe, mog\u0105 nastr\u0119cza\u0107 wielu trudno\u015bci. Chodzi o takie zadania jak:<\/p>\n<ul>\n<li>Wyb\u00f3r instytucji finansowej przez pracodawc\u0119;<\/li>\n<li>Podpisanie umowy o zarz\u0105dzanie PPK z wybran\u0105 instytucj\u0105, a nast\u0119pnie podpisanie umowy o prowadzanie PPK w imieniu i na rzecz os\u00f3b zatrudnionych;<\/li>\n<li>Naliczanie warto\u015bci wp\u0142at w terminie wyp\u0142aty wynagrodzenia oraz przekazywanie ich do 15 nast\u0119pnego miesi\u0105ca do wybranej instytucji finansowej;<\/li>\n<li>Gromadzenie i archiwizowanie dokumentacji dotycz\u0105cej PPK oraz przekazywanie pracownikom i instytucjom w odpowiednich terminach informacji o PPK;<\/li>\n<li>Bie\u017c\u0105ca obs\u0142uga PPK, czyli m.in. przyjmowanie i wprowadzanie deklaracji i wniosk\u00f3w pracownik\u00f3w, pilnowanie termin\u00f3w wynikaj\u0105cych z przepis\u00f3w prawa.<\/li>\n<\/ul>\n<p>Na tym jednak obowi\u0105zki pracodawcy si\u0119 nie ko\u0144cz\u0105. Dochodzi do tego szereg czynno\u015bci zwi\u0105zanych z bie\u017c\u0105cym zarz\u0105dzaniem wyp\u0142atami oraz zmian\u0105 danych uczestnik\u00f3w PPK.<\/p>\n<blockquote class=\"wp-embedded-content\" data-secret=\"wVHayCWNO0\"><p><a href=\"https:\/\/assecobs.pl\/blog\/co-ppk-oznacza-dla-pracodawcow\/\">Co&nbsp;PPK oznacza dla pracodawc\u00f3w?<\/a><\/p><\/blockquote>\n<p><iframe loading=\"lazy\" class=\"wp-embedded-content\" sandbox=\"allow-scripts\" security=\"restricted\" style=\"position: absolute; visibility: hidden;\" title=\"&#8222;Co&nbsp;PPK oznacza dla pracodawc\u00f3w?&#8221; &#8212; Blog Asseco BS\" src=\"https:\/\/assecobs.pl\/blog\/co-ppk-oznacza-dla-pracodawcow\/embed\/#?secret=IeXkqqUuyn#?secret=wVHayCWNO0\" data-secret=\"wVHayCWNO0\" width=\"600\" height=\"338\" frameborder=\"0\" marginwidth=\"0\" marginheight=\"0\" scrolling=\"no\"><\/iframe><\/p>\n<p><strong>Trzeba pami\u0119ta\u0107, \u017ce pracodawca musi dokonywa\u0107 zmian wynikaj\u0105cych ze:<\/strong><\/p>\n<ul>\n<li>zmiany procentu wp\u0142aty podstawowej uczestnika po spe\u0142nieniu odpowiednich warunk\u00f3w,<\/li>\n<li>zmiany procentu wp\u0142aty dodatkowej uczestnika,<\/li>\n<li>zmiany danych uczestnika,<\/li>\n<li>z\u0142o\u017cenia deklaracji rezygnacji z wp\u0142at uczestnika PPK,<\/li>\n<li>z\u0142o\u017cenia wniosku o ponowne op\u0142acanie wp\u0142at,<\/li>\n<li>z\u0142o\u017cenia wniosku o uczestnictwo w PPK dla pracownika powy\u017cej 55 roku \u017cycia,<\/li>\n<li>z\u0142o\u017cenia wniosku o wyp\u0142at\u0119 transferow\u0105.<\/li>\n<\/ul>\n<h2>Na co zwr\u00f3ci\u0107 uwag\u0119 podczas wdra\u017cania PPK w firmie?<\/h2>\n<p>Dla nas wszystkich konieczno\u015b\u0107 zmierzenia si\u0119 z Pracowniczymi Planami Kapita\u0142owymi to zupe\u0142na nowo\u015b\u0107. W 2019 r. musia\u0142y si\u0119 z tym zmierzy\u0107 firmy zatrudniaj\u0105ce co najmniej 250 os\u00f3b, w 2020 dotyczy\u0107 to b\u0119dzie firm, kt\u00f3re zatrudniaj\u0105 co najmniej 50 os\u00f3b. Warto pami\u0119ta\u0107, \u017ce od pocz\u0105tku roku 2021 ka\u017cdy pracodawca zatrudniaj\u0105cy nawet ma\u0142\u0105 liczb\u0119 os\u00f3b b\u0119dzie musia\u0142 umo\u017cliwi\u0107 im udzia\u0142 w PPK. Na bazie do\u015bwiadcze\u0144 innych firm przygotowali\u015bmy wi\u0119c list\u0119 zagadnie\u0144, na kt\u00f3re warto zwr\u00f3ci\u0107 uwag\u0119 podczas wdra\u017cania PPK w swojej firmie:<\/p>\n<p class=\"wyroznienie\">Wyb\u00f3r instytucji finansowej, parametryzacja systemu, sprawna komunikacja, terminowo\u015b\u0107 i integracja z programami ERP to mi\u0119dzy innymi zagadnienia, na kt\u00f3re warto zwr\u00f3ci\u0107 uwag\u0119 przy wdra\u017caniu Pracowniczych Plan\u00f3w Kapita\u0142owych.<\/p>\n<h3>1. Wyb\u00f3r instytucji finansowej<\/h3>\n<p>Zadbaj o staranny wyb\u00f3r instytucji finansowej, z kt\u00f3r\u0105 b\u0119dziesz wsp\u00f3\u0142pracowa\u0142, nie tylko pod k\u0105tem finansowym, ale tak\u017ce technicznym. Warto od pocz\u0105tku zadba\u0107 o to, aby dobrze zsynchronizowa\u0107 przesy\u0142anie danych mi\u0119dzy systemem do obs\u0142ugi PPK w firmie, a instytucj\u0105 finansow\u0105. Wsp\u00f3\u0142praca z instytucj\u0105 finansow\u0105 obejmuje generowanie raport\u00f3w potrzebnych instytucjom do prowadzenia kont uczestnik\u00f3w PPK oraz import danych z instytucji.<\/p>\n<h3>2. Parametryzacja systemu<\/h3>\n<p>Pami\u0119taj, \u017ce r\u00f3\u017cne instytucje finansowe wymagaj\u0105 r\u00f3\u017cnych parametryzacji systemu PPK by Asseco, aby poprawnie zsynchronizowa\u0107 przesy\u0142anie danych mi\u0119dzy instytucj\u0105, a twoj\u0105 firm\u0105. Jest to bardzo istotne, gdy\u017c pracodawcy zobowi\u0105zani s\u0105 co miesi\u0105c do przygotowywania i wysy\u0142ki do instytucji finansowej zbiorczego rejestru wp\u0142at za wszystkie osoby zatrudnione.<\/p>\n<h3>3. Lista pracownik\u00f3w podlegaj\u0105cych PPK<\/h3>\n<p>We\u017a pod uwag\u0119 to, \u017ce aby wysy\u0142a\u0107 wspomniany raport, musisz mie\u0107 opracowan\u0105 z\u0142o\u017con\u0105 do instytucji finansowej list\u0119 pracownik\u00f3w podlegaj\u0105cych pod PPK, uwzgl\u0119dniaj\u0105c\u0105 m.in. wysoko\u015b\u0107 procentow\u0105 sk\u0142adek przekazywanych do PPK.<\/p>\n<h3>4. Szeroki zakres funkcjonalny systemu<\/h3>\n<p>Zwr\u00f3\u0107 uwag\u0119 na szeroki zakres funkcjonalno\u015bci naszego narz\u0119dzia do obs\u0142ugi PPK by Asseco \u2013 oferuje ono mi\u0119dzy innymi mo\u017cliwo\u015b\u0107 automatycznego generowania listy uczestnik\u00f3w PPK.<\/p>\n<h3>5. Alerty i przypomnienia z systemu<\/h3>\n<p>Wykorzystaj w pe\u0142ni mo\u017cliwo\u015bci, jakie daj\u0105 alerty i przypomnienia generowane przez nasz system do obs\u0142ugi PPK by Asseco, jak na przyk\u0142ad przypomnienie o konieczno\u015bci zg\u0142oszenia do PPK nowych pracownik\u00f3w. Dzi\u0119ki temu unikniesz k\u0142opot\u00f3w i kar za niedope\u0142nienie obowi\u0105zk\u00f3w pracodawcy zwi\u0105zanych z PPK. Alerty oferowane przez nasz system maj\u0105 na celu wparcie pracodawcy w procesie informowania oraz informowanie uczestnik\u00f3w PPK o zachodz\u0105cych zdarzeniach wynikaj\u0105cych z ustawy z 4 pa\u017adziernika 2018 r. o pracowniczych planach kapita\u0142owych (Dz. U. 2018 Poz. 2215), do czego zosta\u0142 zobowi\u0105zany w tej ustawie, podmiot zatrudniaj\u0105cy. Co ciekawe, alerty mo\u017cna wysy\u0142a\u0107 w formie poczty elektronicznej na przypisane adresy e-mail.<\/p>\n<h3>6. Sprawna komunikacja z pracownikami<\/h3>\n<p>Postaw na sprawn\u0105 komunikacj\u0119 z pracownikami \u2013 udost\u0119pnij im wgl\u0105d do informacji o ich wp\u0142atach na rzecz PPK, a tak\u017ce skorzystaj z mo\u017cliwo\u015bci bezpo\u015bredniego przesy\u0142ania deklaracji przyst\u0105pienia\/wyst\u0105pienia z PPK do podpisu pracownikom.<\/p>\n<h3>7. Dopilnowanie termin\u00f3w<\/h3>\n<p>Miej na uwadze to, \u017ce bie\u017c\u0105ca praca z PPK wymaga informowania uczestnika oraz wysy\u0142ania mu powiadomie\u0144 np. o przyst\u0105pieniu do PPK. Nasz system PPK by Asseco pilnuje termin\u00f3w wskazanych w ustawie i wysy\u0142a wymagane powiadomienia pracownikom uczestnicz\u0105cym w PPK.<\/p>\n<h3>8. Integracja z rozwi\u0105zaniami ERP<\/h3>\n<p>Pami\u0119taj o tym, aby zintegrowa\u0107 system PPK by Asseco z innymi elementami system\u00f3w ERP by Asseco, zw\u0142aszcza z Portalem Pracowniczym i programem Kadry i p\u0142ace. Jak pokazuj\u0105 do\u015bwiadczenia innych firm, znacz\u0105co u\u0142atwia to zarz\u0105dzanie PPK w organizacji. Piszemy o tym szerzej poni\u017cej.<\/p>\n<p class=\"wyroznienie\">Integracja z programem kadrowo-p\u0142acowym znacz\u0105ca u\u0142atwia i przyspiesza obs\u0142ug\u0119 PPK w firmie.<\/p>\n<h2>Zintegrowanie programu Kadry i p\u0142ace z programem PPK by Asseco<\/h2>\n<p>Podczas wdra\u017cania PPK w organizacji warto pomy\u015ble\u0107 nad zintegrowaniem programu do obs\u0142ugi PPK by Asseco z programem Kadry i p\u0142ace. Znacz\u0105co przyspieszy i u\u0142atwi to obs\u0142ug\u0119 PPK w firmie. Bardzo sprawnie mo\u017cna w\u00f3wczas wykonywa\u0107 takie czynno\u015bci jak ewidencja uczestnik\u00f3w i naliczanie wp\u0142at, a w szczeg\u00f3lno\u015bci:<\/p>\n<ul>\n<li>Ewidencja uczestnik\u00f3w PPK,<\/li>\n<li>Naliczanie wp\u0142at na PPK,<\/li>\n<li>Wprowadzenie umowy o obs\u0142ug\u0119 PPK z instytucj\u0105 finansow\u0105,<\/li>\n<li>Uzupe\u0142nianie listy uczestnik\u00f3w PPK,<\/li>\n<li>Zg\u0142oszenie pracownik\u00f3w do instytucji finansowej,<\/li>\n<li>Rejestracja deklaracji i wniosk\u00f3w, np. deklaracji rezygnacji z odprowadzania wp\u0142at,<\/li>\n<li>Rejestracja wniosk\u00f3w o przyst\u0105pienie do PPK (dla os\u00f3b, kt\u00f3re uko\u0144czy\u0142y 55 lat i nie uko\u0144czy\u0142y 70-ciu lat),<\/li>\n<li>Przekazywanie do instytucji finansowej deklaracji pracownik\u00f3w o zmianach w wysoko\u015bci wp\u0142at, rezygnacji lub wznowieniu PPK,<\/li>\n<li>Naliczenie wp\u0142at PPK za pracownik\u00f3w w p\u0142acach (np. na podstawie danych zgromadzonych w programie Pracownicze Plany Kapita\u0142owe by Asseco naliczenie wp\u0142at PPK nast\u0105pi w programie Kadry i p\u0142ace na listach p\u0142ac lub na rachunkach podczas naliczania list lub podczas wystawiania rachunku),<\/li>\n<li>Przekazanie informacji o naliczonych wp\u0142atach za dany miesi\u0105c do instytucji finansowej,<\/li>\n<li>Rozliczenie wp\u0142at PPK w wynagrodzeniu pracownika.<\/li>\n<\/ul>\n<h2>Wykorzystanie Portalu Pracowniczego przy obs\u0142udze PPK by Asseco<\/h2>\n<p>Warto rozwa\u017cy\u0107 mo\u017cliwo\u015b\u0107 zintegrowania obs\u0142ugi PPK by Asseco z Portalem Pracowniczym. To wa\u017cne, gdy\u017c bie\u017c\u0105ca obs\u0142uga PPK wymaga r\u00f3wnie\u017c obs\u0142ugi wniosk\u00f3w pracownik\u00f3w. Portal Pracowniczy umo\u017cliwia pracownikom z\u0142o\u017cenie nast\u0119puj\u0105cych wniosk\u00f3w:<\/p>\n<ul>\n<li>Deklaracja rezygnacji z wp\u0142aty dodatkowej,<\/li>\n<li>Deklaracja wysoko\u015bci wp\u0142aty dodatkowej,<\/li>\n<li>Deklaracja wysoko\u015bci wp\u0142aty podstawowej,<\/li>\n<li>O\u015bwiadczenie o podpisanych umowach w instytucji finansowej,<\/li>\n<li>Wniosek o uczestnictwo.<\/li>\n<\/ul>\n<h3>Obowi\u0105zek archiwizacji dokument\u00f3w<\/h3>\n<p>Trzeba te\u017c mie\u0107 na uwadze, \u017ce ustawodawca na\u0142o\u017cy\u0142 na pracodawc\u00f3w obowi\u0105zek gromadzenia i archiwizowania dokumentacji dotycz\u0105cej PPK oraz przekazywania pracownikom informacji o PPK. Firmy mog\u0105 te dane udost\u0119pnia\u0107 pracownikom za pomoc\u0105 Portalu Pracowniczego, gdzie pracownik mo\u017ce si\u0119 zalogowa\u0107 i samodzielnie przegl\u0105da\u0107 odpowiednie informacje. Wiele firm zwraca\u0142o uwag\u0119 na to, \u017ce przy du\u017cej liczbie zatrudnionych stanowi to dla nich du\u017ce u\u0142atwienie i oszcz\u0119dno\u015b\u0107 czasu w pracy dzia\u0142u kadr i p\u0142ac.<\/p>\n<h2>Korzy\u015bci z zarz\u0105dzania PPK poprzez systemy ERP<\/h2>\n<p>Wyra\u017anie wida\u0107, \u017ce narz\u0119dzie do zarz\u0105dzania PPK by Asseco, zintegrowane z innymi systemami ERP, to nieoceniona pomoc dla dzia\u0142u kadr i p\u0142ac w realizacji nowych, na\u0142o\u017conych przez ustawodawc\u0119, obowi\u0105zk\u00f3w. Z do\u015bwiadczenia naszych klient\u00f3w we wdra\u017caniu PPK w ich firmach wiemy, \u017ce narz\u0119dzie to pozwoli\u0142o im uporz\u0105dkowa\u0107 i zgromadzi\u0107 w jednym miejscu wszelkie procesy zwi\u0105zane z obs\u0142ug\u0105 PPK.<\/p>\n","protected":false},"excerpt":{"rendered":"<p>Poznaj opinie i do\u015bwiadczenia firm, kt\u00f3re wdro\u017cy\u0142y ju\u017c PPK i przekonaj si\u0119 jak sprawnie zarz\u0105dza\u0107 Pracowniczymi Planami Kapita\u0142owymi w oparciu o systemy ERP by Asseco.<\/p>\n","protected":false},"author":41,"featured_media":7222,"comment_status":"closed","ping_status":"closed","sticky":false,"template":"","format":"standard","meta":{"_acf_changed":false,"inline_featured_image":false,"footnotes":""},"categories":[120,113],"tags":[238,236,243,237,112,116,117,223,227],"class_list":{"0":"post-7209","1":"post","2":"type-post","3":"status-publish","4":"format-standard","5":"has-post-thumbnail","7":"category-hr","8":"category-zmiany-prawne","9":"tag-duze-firmy","10":"tag-male-firmy","11":"tag-ppk","12":"tag-srednie-firmy","13":"tag-softlab","14":"tag-macrologic","15":"tag-wapro","16":"tag-safo","17":"tag-koma"},"acf":[],"yoast_head":"<!-- This site is optimized with the Yoast SEO plugin v27.2 - https:\/\/yoast.com\/product\/yoast-seo-wordpress\/ -->\n<title>Skorzystaj z do\u015bwiadcze\u0144 innych firm we wdra\u017caniu Pracowniczych Plan\u00f3w Kapita\u0142owych<\/title>\n<meta name=\"description\" content=\"Poznaj do\u015bwiadczenia firm, kt\u00f3re wdro\u017cy\u0142y ju\u017c PPK i przekonaj si\u0119, jak nimi sprawnie zarz\u0105dza\u0107 z systemami ERP by Asseco.\" \/>\n<meta name=\"robots\" content=\"index, follow, max-snippet:-1, max-image-preview:large, max-video-preview:-1\" \/>\n<link rel=\"canonical\" href=\"https:\/\/assecobs.pl\/blog\/skorzystaj-z-doswiadczen-innych-firm-we-wdrazaniu-pracowniczych-planow-kapitalowych\/\" \/>\n<meta property=\"og:locale\" content=\"pl_PL\" \/>\n<meta property=\"og:type\" content=\"article\" \/>\n<meta property=\"og:title\" content=\"Skorzystaj z do\u015bwiadcze\u0144 innych firm we wdra\u017caniu Pracowniczych Plan\u00f3w Kapita\u0142owych\" \/>\n<meta property=\"og:description\" content=\"Poznaj do\u015bwiadczenia firm, kt\u00f3re wdro\u017cy\u0142y ju\u017c PPK i przekonaj si\u0119, jak nimi sprawnie zarz\u0105dza\u0107 z systemami ERP by Asseco.\" \/>\n<meta property=\"og:url\" content=\"https:\/\/assecobs.pl\/blog\/skorzystaj-z-doswiadczen-innych-firm-we-wdrazaniu-pracowniczych-planow-kapitalowych\/\" \/>\n<meta property=\"og:site_name\" content=\"Blog Asseco BS\" \/>\n<meta property=\"article:publisher\" content=\"https:\/\/www.facebook.com\/erpbyasseco\/\" \/>\n<meta property=\"article:published_time\" content=\"2020-10-15T09:45:45+00:00\" \/>\n<meta property=\"article:modified_time\" content=\"2021-03-10T11:10:55+00:00\" \/>\n<meta property=\"og:image\" content=\"https:\/\/assecobs.pl\/blog\/wp-content\/uploads\/sites\/14\/2020\/10\/wzdrazanie-ppk.jpg\" \/>\n\t<meta property=\"og:image:width\" content=\"1170\" \/>\n\t<meta property=\"og:image:height\" content=\"515\" \/>\n\t<meta property=\"og:image:type\" content=\"image\/jpeg\" \/>\n<meta name=\"author\" content=\"Marta Dobrzycka\" \/>\n<meta name=\"twitter:card\" content=\"summary_large_image\" \/>\n<meta name=\"twitter:creator\" content=\"@asseco_bs\" \/>\n<meta name=\"twitter:site\" content=\"@asseco_bs\" \/>\n<meta name=\"twitter:label1\" content=\"Napisane przez\" \/>\n\t<meta name=\"twitter:data1\" content=\"Marta Dobrzycka\" \/>\n\t<meta name=\"twitter:label2\" content=\"Szacowany czas czytania\" \/>\n\t<meta name=\"twitter:data2\" content=\"9 minut\" \/>\n<script type=\"application\/ld+json\" class=\"yoast-schema-graph\">{\"@context\":\"https:\/\/schema.org\",\"@graph\":[{\"@type\":\"Article\",\"@id\":\"https:\/\/assecobs.pl\/blog\/skorzystaj-z-doswiadczen-innych-firm-we-wdrazaniu-pracowniczych-planow-kapitalowych\/#article\",\"isPartOf\":{\"@id\":\"https:\/\/assecobs.pl\/blog\/skorzystaj-z-doswiadczen-innych-firm-we-wdrazaniu-pracowniczych-planow-kapitalowych\/\"},\"author\":{\"name\":\"Marta Dobrzycka\",\"@id\":\"https:\/\/assecobs.pl\/blog\/#\/schema\/person\/331a570dfce31d9b679efaab7919cb5e\"},\"headline\":\"Skorzystaj z do\u015bwiadcze\u0144 innych firm we wdra\u017caniu Pracowniczych Plan\u00f3w Kapita\u0142owych\",\"datePublished\":\"2020-10-15T09:45:45+00:00\",\"dateModified\":\"2021-03-10T11:10:55+00:00\",\"mainEntityOfPage\":{\"@id\":\"https:\/\/assecobs.pl\/blog\/skorzystaj-z-doswiadczen-innych-firm-we-wdrazaniu-pracowniczych-planow-kapitalowych\/\"},\"wordCount\":1731,\"publisher\":{\"@id\":\"https:\/\/assecobs.pl\/blog\/#organization\"},\"image\":{\"@id\":\"https:\/\/assecobs.pl\/blog\/skorzystaj-z-doswiadczen-innych-firm-we-wdrazaniu-pracowniczych-planow-kapitalowych\/#primaryimage\"},\"thumbnailUrl\":\"https:\/\/assecobs.pl\/blog\/wp-content\/uploads\/sites\/14\/2020\/10\/wzdrazanie-ppk.jpg?wsr\",\"keywords\":[\"Du\u017ce firmy\",\"Ma\u0142e firmy\",\"PPK\",\"\u015arednie firmy\",\"Softlab\",\"Macrologic\",\"Wapro\",\"Safo\",\"Koma\"],\"articleSection\":[\"HR\",\"Zmiany prawne\"],\"inLanguage\":\"pl-PL\"},{\"@type\":\"WebPage\",\"@id\":\"https:\/\/assecobs.pl\/blog\/skorzystaj-z-doswiadczen-innych-firm-we-wdrazaniu-pracowniczych-planow-kapitalowych\/\",\"url\":\"https:\/\/assecobs.pl\/blog\/skorzystaj-z-doswiadczen-innych-firm-we-wdrazaniu-pracowniczych-planow-kapitalowych\/\",\"name\":\"Skorzystaj z do\u015bwiadcze\u0144 innych firm we wdra\u017caniu Pracowniczych Plan\u00f3w Kapita\u0142owych\",\"isPartOf\":{\"@id\":\"https:\/\/assecobs.pl\/blog\/#website\"},\"primaryImageOfPage\":{\"@id\":\"https:\/\/assecobs.pl\/blog\/skorzystaj-z-doswiadczen-innych-firm-we-wdrazaniu-pracowniczych-planow-kapitalowych\/#primaryimage\"},\"image\":{\"@id\":\"https:\/\/assecobs.pl\/blog\/skorzystaj-z-doswiadczen-innych-firm-we-wdrazaniu-pracowniczych-planow-kapitalowych\/#primaryimage\"},\"thumbnailUrl\":\"https:\/\/assecobs.pl\/blog\/wp-content\/uploads\/sites\/14\/2020\/10\/wzdrazanie-ppk.jpg?wsr\",\"datePublished\":\"2020-10-15T09:45:45+00:00\",\"dateModified\":\"2021-03-10T11:10:55+00:00\",\"description\":\"Poznaj do\u015bwiadczenia firm, kt\u00f3re wdro\u017cy\u0142y ju\u017c PPK i przekonaj si\u0119, jak nimi sprawnie zarz\u0105dza\u0107 z systemami ERP by Asseco.\",\"breadcrumb\":{\"@id\":\"https:\/\/assecobs.pl\/blog\/skorzystaj-z-doswiadczen-innych-firm-we-wdrazaniu-pracowniczych-planow-kapitalowych\/#breadcrumb\"},\"inLanguage\":\"pl-PL\",\"potentialAction\":[{\"@type\":\"ReadAction\",\"target\":[\"https:\/\/assecobs.pl\/blog\/skorzystaj-z-doswiadczen-innych-firm-we-wdrazaniu-pracowniczych-planow-kapitalowych\/\"]}]},{\"@type\":\"ImageObject\",\"inLanguage\":\"pl-PL\",\"@id\":\"https:\/\/assecobs.pl\/blog\/skorzystaj-z-doswiadczen-innych-firm-we-wdrazaniu-pracowniczych-planow-kapitalowych\/#primaryimage\",\"url\":\"https:\/\/assecobs.pl\/blog\/wp-content\/uploads\/sites\/14\/2020\/10\/wzdrazanie-ppk.jpg?wsr\",\"contentUrl\":\"https:\/\/assecobs.pl\/blog\/wp-content\/uploads\/sites\/14\/2020\/10\/wzdrazanie-ppk.jpg?wsr\",\"width\":1170,\"height\":515,\"caption\":\"pracownicze-plany-kapita\u0142owe\"},{\"@type\":\"BreadcrumbList\",\"@id\":\"https:\/\/assecobs.pl\/blog\/skorzystaj-z-doswiadczen-innych-firm-we-wdrazaniu-pracowniczych-planow-kapitalowych\/#breadcrumb\",\"itemListElement\":[{\"@type\":\"ListItem\",\"position\":1,\"name\":\"Strona g\u0142\u00f3wna\",\"item\":\"https:\/\/assecobs.pl\/blog\/\"},{\"@type\":\"ListItem\",\"position\":2,\"name\":\"Skorzystaj z&nbsp;do\u015bwiadcze\u0144 innych firm we&nbsp;wdra\u017caniu Pracowniczych Plan\u00f3w Kapita\u0142owych\"}]},{\"@type\":\"WebSite\",\"@id\":\"https:\/\/assecobs.pl\/blog\/#website\",\"url\":\"https:\/\/assecobs.pl\/blog\/\",\"name\":\"Blog Asseco BS\",\"description\":\"\",\"publisher\":{\"@id\":\"https:\/\/assecobs.pl\/blog\/#organization\"},\"potentialAction\":[{\"@type\":\"SearchAction\",\"target\":{\"@type\":\"EntryPoint\",\"urlTemplate\":\"https:\/\/assecobs.pl\/blog\/?s={search_term_string}\"},\"query-input\":{\"@type\":\"PropertyValueSpecification\",\"valueRequired\":true,\"valueName\":\"search_term_string\"}}],\"inLanguage\":\"pl-PL\"},{\"@type\":\"Organization\",\"@id\":\"https:\/\/assecobs.pl\/blog\/#organization\",\"name\":\"Asseco Business Solutions\",\"url\":\"https:\/\/assecobs.pl\/blog\/\",\"logo\":{\"@type\":\"ImageObject\",\"inLanguage\":\"pl-PL\",\"@id\":\"https:\/\/assecobs.pl\/blog\/#\/schema\/logo\/image\/\",\"url\":\"https:\/\/assecobs.pl\/blog\/wp-content\/uploads\/sites\/14\/2020\/01\/abs-logo-user.jpg\",\"contentUrl\":\"https:\/\/assecobs.pl\/blog\/wp-content\/uploads\/sites\/14\/2020\/01\/abs-logo-user.jpg\",\"width\":250,\"height\":251,\"caption\":\"Asseco Business Solutions\"},\"image\":{\"@id\":\"https:\/\/assecobs.pl\/blog\/#\/schema\/logo\/image\/\"},\"sameAs\":[\"https:\/\/www.facebook.com\/erpbyasseco\/\",\"https:\/\/x.com\/asseco_bs\",\"https:\/\/pl.linkedin.com\/company\/asseco-business-solutions-sa\",\"https:\/\/www.youtube.com\/channel\/UCCU4su9i0ZMIrsS0P0bkYOA\/featured\",\"https:\/\/pl.wikipedia.org\/wiki\/Asseco_Business_Solutions\"]},{\"@type\":\"Person\",\"@id\":\"https:\/\/assecobs.pl\/blog\/#\/schema\/person\/331a570dfce31d9b679efaab7919cb5e\",\"name\":\"Marta Dobrzycka\",\"image\":{\"@type\":\"ImageObject\",\"inLanguage\":\"pl-PL\",\"@id\":\"https:\/\/assecobs.pl\/blog\/wp-content\/uploads\/sites\/14\/2020\/05\/marta-dobrzycka-150x150.jpg?wsr\",\"url\":\"https:\/\/assecobs.pl\/blog\/wp-content\/uploads\/sites\/14\/2020\/05\/marta-dobrzycka-150x150.jpg?wsr\",\"contentUrl\":\"https:\/\/assecobs.pl\/blog\/wp-content\/uploads\/sites\/14\/2020\/05\/marta-dobrzycka-150x150.jpg?wsr\",\"caption\":\"Marta Dobrzycka\"},\"description\":\"Wyk\u0142adowca WSA w \u0141om\u017cy, autorka w Infor i Beck, spec. ds. komunikacji, Dzia\u0142 Sprzeda\u017cy i Wdro\u017ce\u0144 Macrologic ERP w Asseco Business Solutions\",\"url\":\"https:\/\/assecobs.pl\/blog\/author\/martadobrzycka\/\"}]}<\/script>\n<!-- \/ Yoast SEO plugin. -->","yoast_head_json":{"title":"Skorzystaj z do\u015bwiadcze\u0144 innych firm we wdra\u017caniu Pracowniczych Plan\u00f3w Kapita\u0142owych","description":"Poznaj do\u015bwiadczenia firm, kt\u00f3re wdro\u017cy\u0142y ju\u017c PPK i przekonaj si\u0119, jak nimi sprawnie zarz\u0105dza\u0107 z systemami ERP by Asseco.","robots":{"index":"index","follow":"follow","max-snippet":"max-snippet:-1","max-image-preview":"max-image-preview:large","max-video-preview":"max-video-preview:-1"},"canonical":"https:\/\/assecobs.pl\/blog\/skorzystaj-z-doswiadczen-innych-firm-we-wdrazaniu-pracowniczych-planow-kapitalowych\/","og_locale":"pl_PL","og_type":"article","og_title":"Skorzystaj z do\u015bwiadcze\u0144 innych firm we wdra\u017caniu Pracowniczych Plan\u00f3w Kapita\u0142owych","og_description":"Poznaj do\u015bwiadczenia firm, kt\u00f3re wdro\u017cy\u0142y ju\u017c PPK i przekonaj si\u0119, jak nimi sprawnie zarz\u0105dza\u0107 z systemami ERP by Asseco.","og_url":"https:\/\/assecobs.pl\/blog\/skorzystaj-z-doswiadczen-innych-firm-we-wdrazaniu-pracowniczych-planow-kapitalowych\/","og_site_name":"Blog Asseco BS","article_publisher":"https:\/\/www.facebook.com\/erpbyasseco\/","article_published_time":"2020-10-15T09:45:45+00:00","article_modified_time":"2021-03-10T11:10:55+00:00","og_image":[{"width":1170,"height":515,"url":"https:\/\/assecobs.pl\/blog\/wp-content\/uploads\/sites\/14\/2020\/10\/wzdrazanie-ppk.jpg","type":"image\/jpeg"}],"author":"Marta Dobrzycka","twitter_card":"summary_large_image","twitter_creator":"@asseco_bs","twitter_site":"@asseco_bs","twitter_misc":{"Napisane przez":"Marta Dobrzycka","Szacowany czas czytania":"9 minut"},"schema":{"@context":"https:\/\/schema.org","@graph":[{"@type":"Article","@id":"https:\/\/assecobs.pl\/blog\/skorzystaj-z-doswiadczen-innych-firm-we-wdrazaniu-pracowniczych-planow-kapitalowych\/#article","isPartOf":{"@id":"https:\/\/assecobs.pl\/blog\/skorzystaj-z-doswiadczen-innych-firm-we-wdrazaniu-pracowniczych-planow-kapitalowych\/"},"author":{"name":"Marta Dobrzycka","@id":"https:\/\/assecobs.pl\/blog\/#\/schema\/person\/331a570dfce31d9b679efaab7919cb5e"},"headline":"Skorzystaj z do\u015bwiadcze\u0144 innych firm we wdra\u017caniu Pracowniczych Plan\u00f3w Kapita\u0142owych","datePublished":"2020-10-15T09:45:45+00:00","dateModified":"2021-03-10T11:10:55+00:00","mainEntityOfPage":{"@id":"https:\/\/assecobs.pl\/blog\/skorzystaj-z-doswiadczen-innych-firm-we-wdrazaniu-pracowniczych-planow-kapitalowych\/"},"wordCount":1731,"publisher":{"@id":"https:\/\/assecobs.pl\/blog\/#organization"},"image":{"@id":"https:\/\/assecobs.pl\/blog\/skorzystaj-z-doswiadczen-innych-firm-we-wdrazaniu-pracowniczych-planow-kapitalowych\/#primaryimage"},"thumbnailUrl":"https:\/\/assecobs.pl\/blog\/wp-content\/uploads\/sites\/14\/2020\/10\/wzdrazanie-ppk.jpg?wsr","keywords":["Du\u017ce firmy","Ma\u0142e firmy","PPK","\u015arednie firmy","Softlab","Macrologic","Wapro","Safo","Koma"],"articleSection":["HR","Zmiany prawne"],"inLanguage":"pl-PL"},{"@type":"WebPage","@id":"https:\/\/assecobs.pl\/blog\/skorzystaj-z-doswiadczen-innych-firm-we-wdrazaniu-pracowniczych-planow-kapitalowych\/","url":"https:\/\/assecobs.pl\/blog\/skorzystaj-z-doswiadczen-innych-firm-we-wdrazaniu-pracowniczych-planow-kapitalowych\/","name":"Skorzystaj z do\u015bwiadcze\u0144 innych firm we wdra\u017caniu Pracowniczych Plan\u00f3w Kapita\u0142owych","isPartOf":{"@id":"https:\/\/assecobs.pl\/blog\/#website"},"primaryImageOfPage":{"@id":"https:\/\/assecobs.pl\/blog\/skorzystaj-z-doswiadczen-innych-firm-we-wdrazaniu-pracowniczych-planow-kapitalowych\/#primaryimage"},"image":{"@id":"https:\/\/assecobs.pl\/blog\/skorzystaj-z-doswiadczen-innych-firm-we-wdrazaniu-pracowniczych-planow-kapitalowych\/#primaryimage"},"thumbnailUrl":"https:\/\/assecobs.pl\/blog\/wp-content\/uploads\/sites\/14\/2020\/10\/wzdrazanie-ppk.jpg?wsr","datePublished":"2020-10-15T09:45:45+00:00","dateModified":"2021-03-10T11:10:55+00:00","description":"Poznaj do\u015bwiadczenia firm, kt\u00f3re wdro\u017cy\u0142y ju\u017c PPK i przekonaj si\u0119, jak nimi sprawnie zarz\u0105dza\u0107 z systemami ERP by Asseco.","breadcrumb":{"@id":"https:\/\/assecobs.pl\/blog\/skorzystaj-z-doswiadczen-innych-firm-we-wdrazaniu-pracowniczych-planow-kapitalowych\/#breadcrumb"},"inLanguage":"pl-PL","potentialAction":[{"@type":"ReadAction","target":["https:\/\/assecobs.pl\/blog\/skorzystaj-z-doswiadczen-innych-firm-we-wdrazaniu-pracowniczych-planow-kapitalowych\/"]}]},{"@type":"ImageObject","inLanguage":"pl-PL","@id":"https:\/\/assecobs.pl\/blog\/skorzystaj-z-doswiadczen-innych-firm-we-wdrazaniu-pracowniczych-planow-kapitalowych\/#primaryimage","url":"https:\/\/assecobs.pl\/blog\/wp-content\/uploads\/sites\/14\/2020\/10\/wzdrazanie-ppk.jpg?wsr","contentUrl":"https:\/\/assecobs.pl\/blog\/wp-content\/uploads\/sites\/14\/2020\/10\/wzdrazanie-ppk.jpg?wsr","width":1170,"height":515,"caption":"pracownicze-plany-kapita\u0142owe"},{"@type":"BreadcrumbList","@id":"https:\/\/assecobs.pl\/blog\/skorzystaj-z-doswiadczen-innych-firm-we-wdrazaniu-pracowniczych-planow-kapitalowych\/#breadcrumb","itemListElement":[{"@type":"ListItem","position":1,"name":"Strona g\u0142\u00f3wna","item":"https:\/\/assecobs.pl\/blog\/"},{"@type":"ListItem","position":2,"name":"Skorzystaj z&nbsp;do\u015bwiadcze\u0144 innych firm we&nbsp;wdra\u017caniu Pracowniczych Plan\u00f3w Kapita\u0142owych"}]},{"@type":"WebSite","@id":"https:\/\/assecobs.pl\/blog\/#website","url":"https:\/\/assecobs.pl\/blog\/","name":"Blog Asseco BS","description":"","publisher":{"@id":"https:\/\/assecobs.pl\/blog\/#organization"},"potentialAction":[{"@type":"SearchAction","target":{"@type":"EntryPoint","urlTemplate":"https:\/\/assecobs.pl\/blog\/?s={search_term_string}"},"query-input":{"@type":"PropertyValueSpecification","valueRequired":true,"valueName":"search_term_string"}}],"inLanguage":"pl-PL"},{"@type":"Organization","@id":"https:\/\/assecobs.pl\/blog\/#organization","name":"Asseco Business Solutions","url":"https:\/\/assecobs.pl\/blog\/","logo":{"@type":"ImageObject","inLanguage":"pl-PL","@id":"https:\/\/assecobs.pl\/blog\/#\/schema\/logo\/image\/","url":"https:\/\/assecobs.pl\/blog\/wp-content\/uploads\/sites\/14\/2020\/01\/abs-logo-user.jpg","contentUrl":"https:\/\/assecobs.pl\/blog\/wp-content\/uploads\/sites\/14\/2020\/01\/abs-logo-user.jpg","width":250,"height":251,"caption":"Asseco Business Solutions"},"image":{"@id":"https:\/\/assecobs.pl\/blog\/#\/schema\/logo\/image\/"},"sameAs":["https:\/\/www.facebook.com\/erpbyasseco\/","https:\/\/x.com\/asseco_bs","https:\/\/pl.linkedin.com\/company\/asseco-business-solutions-sa","https:\/\/www.youtube.com\/channel\/UCCU4su9i0ZMIrsS0P0bkYOA\/featured","https:\/\/pl.wikipedia.org\/wiki\/Asseco_Business_Solutions"]},{"@type":"Person","@id":"https:\/\/assecobs.pl\/blog\/#\/schema\/person\/331a570dfce31d9b679efaab7919cb5e","name":"Marta Dobrzycka","image":{"@type":"ImageObject","inLanguage":"pl-PL","@id":"https:\/\/assecobs.pl\/blog\/wp-content\/uploads\/sites\/14\/2020\/05\/marta-dobrzycka-150x150.jpg?wsr","url":"https:\/\/assecobs.pl\/blog\/wp-content\/uploads\/sites\/14\/2020\/05\/marta-dobrzycka-150x150.jpg?wsr","contentUrl":"https:\/\/assecobs.pl\/blog\/wp-content\/uploads\/sites\/14\/2020\/05\/marta-dobrzycka-150x150.jpg?wsr","caption":"Marta Dobrzycka"},"description":"Wyk\u0142adowca WSA w \u0141om\u017cy, autorka w Infor i Beck, spec. ds. komunikacji, Dzia\u0142 Sprzeda\u017cy i Wdro\u017ce\u0144 Macrologic ERP w Asseco Business Solutions","url":"https:\/\/assecobs.pl\/blog\/author\/martadobrzycka\/"}]}},"_links":{"self":[{"href":"https:\/\/assecobs.pl\/blog\/wp-json\/wp\/v2\/posts\/7209","targetHints":{"allow":["GET"]}}],"collection":[{"href":"https:\/\/assecobs.pl\/blog\/wp-json\/wp\/v2\/posts"}],"about":[{"href":"https:\/\/assecobs.pl\/blog\/wp-json\/wp\/v2\/types\/post"}],"author":[{"embeddable":true,"href":"https:\/\/assecobs.pl\/blog\/wp-json\/wp\/v2\/users\/41"}],"replies":[{"embeddable":true,"href":"https:\/\/assecobs.pl\/blog\/wp-json\/wp\/v2\/comments?post=7209"}],"version-history":[{"count":9,"href":"https:\/\/assecobs.pl\/blog\/wp-json\/wp\/v2\/posts\/7209\/revisions"}],"predecessor-version":[{"id":7223,"href":"https:\/\/assecobs.pl\/blog\/wp-json\/wp\/v2\/posts\/7209\/revisions\/7223"}],"wp:featuredmedia":[{"embeddable":true,"href":"https:\/\/assecobs.pl\/blog\/wp-json\/wp\/v2\/media\/7222"}],"wp:attachment":[{"href":"https:\/\/assecobs.pl\/blog\/wp-json\/wp\/v2\/media?parent=7209"}],"wp:term":[{"taxonomy":"category","embeddable":true,"href":"https:\/\/assecobs.pl\/blog\/wp-json\/wp\/v2\/categories?post=7209"},{"taxonomy":"post_tag","embeddable":true,"href":"https:\/\/assecobs.pl\/blog\/wp-json\/wp\/v2\/tags?post=7209"}],"curies":[{"name":"wp","href":"https:\/\/api.w.org\/{rel}","templated":true}]}}