{"id":758,"date":"2018-04-10T09:47:28","date_gmt":"2018-04-10T07:47:28","guid":{"rendered":"http:\/\/softlab.com.pl\/?post_type=przepisy&#038;p=758"},"modified":"2024-06-06T13:42:19","modified_gmt":"2024-06-06T11:42:19","slug":"jednolity-plik-kontrolny-nowe-obowiazki-dla-malych-i-srednich-firm-juz-od-lipca-2018","status":"publish","type":"post","link":"https:\/\/assecobs.pl\/blog\/jednolity-plik-kontrolny-nowe-obowiazki-dla-malych-i-srednich-firm-juz-od-lipca-2018\/","title":{"rendered":"Jednolity Plik Kontrolny &#8211; nowe obowi\u0105zki dla ma\u0142ych i \u015brednich firm ju\u017c od lipca 2018!"},"content":{"rendered":"<p><strong>Ju\u017c od lipca 2018 r. ma\u0142e i \u015brednie przedsi\u0119biorstwa b\u0119d\u0105 zobowi\u0105zane do przekazywania na \u017c\u0105danie Urz\u0119du Skarbowego ca\u0142o\u015bci ksi\u0105g podatkowych w formie Jednolitego Pliku Kontrolnego (JPK), czyli danych w postaci elektronicznej na potrzeby przeprowadzanej kontroli skarbowej. Planowane zmiany to ostatni etap przedsi\u0119wzi\u0119cia, kt\u00f3rego celem jest usprawnienie procesu kontroli polskich przedsi\u0119biorstw, a tak\u017ce uszczelnienie systemu podatkowego i uzyskanie wi\u0119kszych wp\u0142yw\u00f3w do bud\u017cetu z podatku VAT.<\/strong><\/p>\n<p>Jednolity Plik Kontrolny to elektroniczna forma ksi\u0105g podatkowych i dowod\u00f3w ksi\u0119gowych, kt\u00f3re nale\u017cy wygenerowa\u0107 z systemu informatycznego (ERP) i przedstawi\u0107 organom skarbowym w odpowiednim czasie.<br \/>\nJPK ma zawiera\u0107 okre\u015blone\u00a0 informacje o operacjach gospodarczych za dany okres i posiada\u0107 standardowy uk\u0142ad (zgodny ze schematem xsd) oraz format (xml), kt\u00f3ry umo\u017cliwia jego \u0142atwe przetwarzanie.<\/p>\n<p><img loading=\"lazy\" decoding=\"async\" class=\"alignnone wp-image-762\" src=\"https:\/\/softlab.com.pl\/wp-content\/uploads\/2018\/04\/banner_v2-300x91.jpg\" alt=\"\" width=\"963\" height=\"292\" srcset=\"https:\/\/assecobs.pl\/blog\/wp-content\/uploads\/sites\/14\/2018\/04\/banner_v2-300x91.jpg 300w, https:\/\/assecobs.pl\/blog\/wp-content\/uploads\/sites\/14\/2018\/04\/banner_v2-768x234.jpg 768w, https:\/\/assecobs.pl\/blog\/wp-content\/uploads\/sites\/14\/2018\/04\/banner_v2.jpg 980w\" sizes=\"auto, (max-width: 963px) 100vw, 963px\" \/><\/p>\n<h3><strong>Jakie zmiany czekaj\u0105 firmy w zakresie JPK od lipca 2018 roku?<\/strong><\/h3>\n<p>Ma\u0142e i \u015brednie przedsi\u0119biorstwa udost\u0119pniaj\u0105 ju\u017c Urz\u0119dom Skarbowym szczeg\u00f3\u0142owe dane w formie elektronicznej od pocz\u0105tku 2017 roku. Ich obowi\u0105zkiem by\u0142o do tej pory jednak raportowanie wy\u0142\u0105cznie struktury Ewidencja VAT, kt\u00f3ra dotyczy rejestru faktur sprzeda\u017cy i zakupu VAT.<\/p>\n<p>Od pocz\u0105tku lipca br. Urz\u0119dy Skarbowe b\u0119d\u0119 wymaga\u0142y od ma\u0142ych i \u015brednich organizacji generowania ca\u0142o\u015bci prowadzonych ewidencji ksi\u0119gowych w formacie JPK. Wymagane struktury dla ksi\u0105g podatkowych JPK obejmuj\u0105 (poza ewidencjami VAT; w zale\u017cno\u015bci od formy rozlicze\u0144): ksi\u0119gi rachunkowe, podatkow\u0105 ksi\u0119g\u0119 przychod\u00f3w i rozchod\u00f3w b\u0105d\u017a ewidencj\u0119 przychod\u00f3w, a tak\u017ce wyci\u0105gi bankowe, magazyn oraz faktury VAT.<\/p>\n<p>&nbsp;<\/p>\n<p><img loading=\"lazy\" decoding=\"async\" class=\"alignnone wp-image-763\" src=\"https:\/\/softlab.com.pl\/wp-content\/uploads\/2018\/04\/icons-300x187.png\" alt=\"\" width=\"958\" height=\"597\" srcset=\"https:\/\/assecobs.pl\/blog\/wp-content\/uploads\/sites\/14\/2018\/04\/icons-300x187.png 300w, https:\/\/assecobs.pl\/blog\/wp-content\/uploads\/sites\/14\/2018\/04\/icons-768x479.png 768w, https:\/\/assecobs.pl\/blog\/wp-content\/uploads\/sites\/14\/2018\/04\/icons-400x250.png 400w, https:\/\/assecobs.pl\/blog\/wp-content\/uploads\/sites\/14\/2018\/04\/icons.png 976w\" sizes=\"auto, (max-width: 958px) 100vw, 958px\" \/><\/p>\n<h3><strong>Etapy wdro\u017cenia JPK przez polskie firmy<\/strong><\/h3>\n<p>Obowi\u0105zek comiesi\u0119cznego przekazywania danych z ewidencji VAT bez wezwania organ\u00f3w podatkowych, jak i wym\u00f3g przekazywania danych z ksi\u0105g podatkowych oraz dowod\u00f3w ksi\u0119gowych na \u017c\u0105danie organ\u00f3w podatkowych wprowadzane s\u0105 etapami, a termin zale\u017cy od wielko\u015bci przedsi\u0119biorstwa. Du\u017ce firmy udost\u0119pniaj\u0105 Jednolity Plik Kontrolny Urz\u0119dom Skarbowym od lipca 2016 r. \u015arednie i\u00a0ma\u0142e organizacje co miesi\u0105c obowi\u0105zkowo przesy\u0142aj\u0105 struktury Ewidencji VAT, bez wezwania ze strony organ\u00f3w kontrolnych od stycznia 2017 r. Od lipca 2018 r. b\u0119d\u0105 dodatkowo zobowi\u0105zane do raportowania ca\u0142o\u015bci ksi\u0105g podatkowych w formie JPK na \u017c\u0105danie Urz\u0119du Skarbowego.<\/p>\n<h3><strong>Jak przygotowa\u0107 si\u0119 do generowania danych w\u00a0 formie JPK? <\/strong><strong>\u00a0<\/strong><\/h3>\n<p>Przygotowanie przedsi\u0119biorstwa do wdro\u017cenia pe\u0142nego zakresu Jednolitego Pliku Kontrolnego wymaga odpowiedniego dostosowania systemu ERP, aby mo\u017cliwe by\u0142o techniczne przygotowanie wymaganych plik\u00f3w JPK i wys\u0142anie ich na serwer Ministerstwa Finans\u00f3w. Ponadto wi\u0105\u017ce si\u0119 to te\u017c\u00a0 przygotowaniem samej organizacji do w\u0142a\u015bciwego ksi\u0119gowania i rejestrowania VAT, aby spe\u0142nia\u0142o ono wymagania schemat\u00f3w JPK.<\/p>\n<p>Warto ju\u017c teraz mie\u0107 \u015bwiadomo\u015b\u0107 potencja\u0142u nowego narz\u0119dzia w r\u0119kach organ\u00f3w skarbowych, aby odpowiednio wcze\u015bnie dostosowa\u0107 si\u0119 do nowych wymog\u00f3w i poprawnie generowa\u0107 oraz przesy\u0142a\u0107 wszystkie wymagane dane w formie JPK.<\/p>\n","protected":false},"excerpt":{"rendered":"<p>Ju\u017c od lipca 2018 r. ma\u0142e i \u015brednie przedsi\u0119biorstwa b\u0119d\u0105 zobowi\u0105zane do przekazywania na \u017c\u0105danie Urz\u0119du Skarbowego ca\u0142o\u015bci ksi\u0105g podatkowych w formie Jednolitego Pliku Kontrolnego (JPK), czyli danych w postaci elektronicznej na potrzeby przeprowadzanej kontroli skarbowej. Planowane zmiany to ostatni etap przedsi\u0119wzi\u0119cia, kt\u00f3rego celem jest usprawnienie procesu kontroli polskich przedsi\u0119biorstw, a tak\u017ce uszczelnienie systemu podatkowego i uzyskanie wi\u0119kszych wp\u0142yw\u00f3w do bud\u017cetu z podatku VAT.<\/p>\n","protected":false},"author":7,"featured_media":5970,"comment_status":"closed","ping_status":"closed","sticky":false,"template":"","format":"standard","meta":{"_acf_changed":false,"inline_featured_image":false,"footnotes":""},"categories":[239,113],"tags":[238,236,237,37,56,112,116,117,223,227],"class_list":{"0":"post-758","1":"post","2":"type-post","3":"status-publish","4":"format-standard","5":"has-post-thumbnail","7":"category-finanse-i-ksiegowosc","8":"category-zmiany-prawne","9":"tag-duze-firmy","10":"tag-male-firmy","11":"tag-srednie-firmy","12":"tag-podatki","13":"tag-jpk","14":"tag-softlab","15":"tag-macrologic","16":"tag-wapro","17":"tag-safo","18":"tag-koma"},"acf":[],"yoast_head":"<!-- This site is optimized with the Yoast SEO plugin v27.2 - https:\/\/yoast.com\/product\/yoast-seo-wordpress\/ -->\n<title>Nowe obowi\u0105zki JPK dla firm od lipca 2018<\/title>\n<meta name=\"description\" content=\"Od lipca 2018 ma\u0142e i \u015brednie firmy musz\u0105 generowa\u0107 Jednolity Plik Kontrolny (JPK) na \u017c\u0105danie urz\u0119d\u00f3w skarbowych.\" \/>\n<meta name=\"robots\" content=\"index, follow, max-snippet:-1, max-image-preview:large, max-video-preview:-1\" \/>\n<link rel=\"canonical\" href=\"https:\/\/assecobs.pl\/blog\/jednolity-plik-kontrolny-nowe-obowiazki-dla-malych-i-srednich-firm-juz-od-lipca-2018\/\" \/>\n<meta property=\"og:locale\" content=\"pl_PL\" \/>\n<meta property=\"og:type\" content=\"article\" \/>\n<meta property=\"og:title\" content=\"Nowe obowi\u0105zki JPK dla firm od lipca 2018\" \/>\n<meta property=\"og:description\" content=\"Od lipca 2018 ma\u0142e i \u015brednie firmy musz\u0105 generowa\u0107 Jednolity Plik Kontrolny (JPK) na \u017c\u0105danie urz\u0119d\u00f3w skarbowych.\" \/>\n<meta property=\"og:url\" content=\"https:\/\/assecobs.pl\/blog\/jednolity-plik-kontrolny-nowe-obowiazki-dla-malych-i-srednich-firm-juz-od-lipca-2018\/\" \/>\n<meta property=\"og:site_name\" content=\"Blog Asseco BS\" \/>\n<meta property=\"article:publisher\" content=\"https:\/\/www.facebook.com\/erpbyasseco\/\" \/>\n<meta property=\"article:published_time\" content=\"2018-04-10T07:47:28+00:00\" \/>\n<meta property=\"article:modified_time\" content=\"2024-06-06T11:42:19+00:00\" \/>\n<meta property=\"og:image\" content=\"https:\/\/assecobs.pl\/blog\/wp-content\/uploads\/sites\/14\/2018\/04\/jednolity-plik-kontrolny-nowe-obowiazki-od-lipca-2018.jpg\" \/>\n\t<meta property=\"og:image:width\" content=\"1172\" \/>\n\t<meta property=\"og:image:height\" content=\"515\" \/>\n\t<meta property=\"og:image:type\" content=\"image\/jpeg\" \/>\n<meta name=\"author\" content=\"Ewelina Nowakowska\" \/>\n<meta name=\"twitter:card\" content=\"summary_large_image\" \/>\n<meta name=\"twitter:creator\" content=\"@asseco_bs\" \/>\n<meta name=\"twitter:site\" content=\"@asseco_bs\" \/>\n<meta name=\"twitter:label1\" content=\"Napisane przez\" \/>\n\t<meta name=\"twitter:data1\" content=\"Ewelina Nowakowska\" \/>\n\t<meta name=\"twitter:label2\" content=\"Szacowany czas czytania\" \/>\n\t<meta name=\"twitter:data2\" content=\"4 minuty\" \/>\n<script type=\"application\/ld+json\" class=\"yoast-schema-graph\">{\"@context\":\"https:\/\/schema.org\",\"@graph\":[{\"@type\":\"Article\",\"@id\":\"https:\/\/assecobs.pl\/blog\/jednolity-plik-kontrolny-nowe-obowiazki-dla-malych-i-srednich-firm-juz-od-lipca-2018\/#article\",\"isPartOf\":{\"@id\":\"https:\/\/assecobs.pl\/blog\/jednolity-plik-kontrolny-nowe-obowiazki-dla-malych-i-srednich-firm-juz-od-lipca-2018\/\"},\"author\":{\"name\":\"Ewelina Nowakowska\",\"@id\":\"https:\/\/assecobs.pl\/blog\/#\/schema\/person\/a42a86f57e28ca52a71442ce003b5f13\"},\"headline\":\"Jednolity Plik Kontrolny &#8211; nowe obowi\u0105zki dla ma\u0142ych i \u015brednich firm ju\u017c od lipca 2018!\",\"datePublished\":\"2018-04-10T07:47:28+00:00\",\"dateModified\":\"2024-06-06T11:42:19+00:00\",\"mainEntityOfPage\":{\"@id\":\"https:\/\/assecobs.pl\/blog\/jednolity-plik-kontrolny-nowe-obowiazki-dla-malych-i-srednich-firm-juz-od-lipca-2018\/\"},\"wordCount\":515,\"publisher\":{\"@id\":\"https:\/\/assecobs.pl\/blog\/#organization\"},\"image\":{\"@id\":\"https:\/\/assecobs.pl\/blog\/jednolity-plik-kontrolny-nowe-obowiazki-dla-malych-i-srednich-firm-juz-od-lipca-2018\/#primaryimage\"},\"thumbnailUrl\":\"https:\/\/assecobs.pl\/blog\/wp-content\/uploads\/sites\/14\/2018\/04\/jednolity-plik-kontrolny-nowe-obowiazki-od-lipca-2018.jpg?wsr\",\"keywords\":[\"Du\u017ce firmy\",\"Ma\u0142e firmy\",\"\u015arednie firmy\",\"podatki\",\"JPK\",\"Softlab\",\"Macrologic\",\"Wapro\",\"Safo\",\"Koma\"],\"articleSection\":[\"Finanse i ksi\u0119gowo\u015b\u0107\",\"Zmiany prawne\"],\"inLanguage\":\"pl-PL\"},{\"@type\":\"WebPage\",\"@id\":\"https:\/\/assecobs.pl\/blog\/jednolity-plik-kontrolny-nowe-obowiazki-dla-malych-i-srednich-firm-juz-od-lipca-2018\/\",\"url\":\"https:\/\/assecobs.pl\/blog\/jednolity-plik-kontrolny-nowe-obowiazki-dla-malych-i-srednich-firm-juz-od-lipca-2018\/\",\"name\":\"Nowe obowi\u0105zki JPK dla firm od lipca 2018\",\"isPartOf\":{\"@id\":\"https:\/\/assecobs.pl\/blog\/#website\"},\"primaryImageOfPage\":{\"@id\":\"https:\/\/assecobs.pl\/blog\/jednolity-plik-kontrolny-nowe-obowiazki-dla-malych-i-srednich-firm-juz-od-lipca-2018\/#primaryimage\"},\"image\":{\"@id\":\"https:\/\/assecobs.pl\/blog\/jednolity-plik-kontrolny-nowe-obowiazki-dla-malych-i-srednich-firm-juz-od-lipca-2018\/#primaryimage\"},\"thumbnailUrl\":\"https:\/\/assecobs.pl\/blog\/wp-content\/uploads\/sites\/14\/2018\/04\/jednolity-plik-kontrolny-nowe-obowiazki-od-lipca-2018.jpg?wsr\",\"datePublished\":\"2018-04-10T07:47:28+00:00\",\"dateModified\":\"2024-06-06T11:42:19+00:00\",\"description\":\"Od lipca 2018 ma\u0142e i \u015brednie firmy musz\u0105 generowa\u0107 Jednolity Plik Kontrolny (JPK) na \u017c\u0105danie urz\u0119d\u00f3w skarbowych.\",\"breadcrumb\":{\"@id\":\"https:\/\/assecobs.pl\/blog\/jednolity-plik-kontrolny-nowe-obowiazki-dla-malych-i-srednich-firm-juz-od-lipca-2018\/#breadcrumb\"},\"inLanguage\":\"pl-PL\",\"potentialAction\":[{\"@type\":\"ReadAction\",\"target\":[\"https:\/\/assecobs.pl\/blog\/jednolity-plik-kontrolny-nowe-obowiazki-dla-malych-i-srednich-firm-juz-od-lipca-2018\/\"]}]},{\"@type\":\"ImageObject\",\"inLanguage\":\"pl-PL\",\"@id\":\"https:\/\/assecobs.pl\/blog\/jednolity-plik-kontrolny-nowe-obowiazki-dla-malych-i-srednich-firm-juz-od-lipca-2018\/#primaryimage\",\"url\":\"https:\/\/assecobs.pl\/blog\/wp-content\/uploads\/sites\/14\/2018\/04\/jednolity-plik-kontrolny-nowe-obowiazki-od-lipca-2018.jpg?wsr\",\"contentUrl\":\"https:\/\/assecobs.pl\/blog\/wp-content\/uploads\/sites\/14\/2018\/04\/jednolity-plik-kontrolny-nowe-obowiazki-od-lipca-2018.jpg?wsr\",\"width\":1172,\"height\":515,\"caption\":\"jednolity-plik-kontrolny-nowe-obowiazki-od-lipca-2018\"},{\"@type\":\"BreadcrumbList\",\"@id\":\"https:\/\/assecobs.pl\/blog\/jednolity-plik-kontrolny-nowe-obowiazki-dla-malych-i-srednich-firm-juz-od-lipca-2018\/#breadcrumb\",\"itemListElement\":[{\"@type\":\"ListItem\",\"position\":1,\"name\":\"Strona g\u0142\u00f3wna\",\"item\":\"https:\/\/assecobs.pl\/blog\/\"},{\"@type\":\"ListItem\",\"position\":2,\"name\":\"Jednolity Plik Kontrolny &#8211; nowe obowi\u0105zki dla ma\u0142ych i&nbsp;\u015brednich firm ju\u017c od&nbsp;lipca 2018!\"}]},{\"@type\":\"WebSite\",\"@id\":\"https:\/\/assecobs.pl\/blog\/#website\",\"url\":\"https:\/\/assecobs.pl\/blog\/\",\"name\":\"Blog Asseco BS\",\"description\":\"\",\"publisher\":{\"@id\":\"https:\/\/assecobs.pl\/blog\/#organization\"},\"potentialAction\":[{\"@type\":\"SearchAction\",\"target\":{\"@type\":\"EntryPoint\",\"urlTemplate\":\"https:\/\/assecobs.pl\/blog\/?s={search_term_string}\"},\"query-input\":{\"@type\":\"PropertyValueSpecification\",\"valueRequired\":true,\"valueName\":\"search_term_string\"}}],\"inLanguage\":\"pl-PL\"},{\"@type\":\"Organization\",\"@id\":\"https:\/\/assecobs.pl\/blog\/#organization\",\"name\":\"Asseco Business Solutions\",\"url\":\"https:\/\/assecobs.pl\/blog\/\",\"logo\":{\"@type\":\"ImageObject\",\"inLanguage\":\"pl-PL\",\"@id\":\"https:\/\/assecobs.pl\/blog\/#\/schema\/logo\/image\/\",\"url\":\"https:\/\/assecobs.pl\/blog\/wp-content\/uploads\/sites\/14\/2020\/01\/abs-logo-user.jpg\",\"contentUrl\":\"https:\/\/assecobs.pl\/blog\/wp-content\/uploads\/sites\/14\/2020\/01\/abs-logo-user.jpg\",\"width\":250,\"height\":251,\"caption\":\"Asseco Business Solutions\"},\"image\":{\"@id\":\"https:\/\/assecobs.pl\/blog\/#\/schema\/logo\/image\/\"},\"sameAs\":[\"https:\/\/www.facebook.com\/erpbyasseco\/\",\"https:\/\/x.com\/asseco_bs\",\"https:\/\/pl.linkedin.com\/company\/asseco-business-solutions-sa\",\"https:\/\/www.youtube.com\/channel\/UCCU4su9i0ZMIrsS0P0bkYOA\/featured\",\"https:\/\/pl.wikipedia.org\/wiki\/Asseco_Business_Solutions\"]},{\"@type\":\"Person\",\"@id\":\"https:\/\/assecobs.pl\/blog\/#\/schema\/person\/a42a86f57e28ca52a71442ce003b5f13\",\"name\":\"Ewelina Nowakowska\",\"image\":{\"@type\":\"ImageObject\",\"inLanguage\":\"pl-PL\",\"@id\":\"https:\/\/assecobs.pl\/blog\/wp-content\/uploads\/sites\/14\/2019\/08\/zdje\u0328cie_E2N-150x150.png?wsr\",\"url\":\"https:\/\/assecobs.pl\/blog\/wp-content\/uploads\/sites\/14\/2019\/08\/zdje\u0328cie_E2N-150x150.png?wsr\",\"contentUrl\":\"https:\/\/assecobs.pl\/blog\/wp-content\/uploads\/sites\/14\/2019\/08\/zdje\u0328cie_E2N-150x150.png?wsr\",\"caption\":\"Ewelina Nowakowska\"},\"description\":\"Partner oraz Doradca Podatkowy w firmie HLB M2 Tax &amp; Audit. Ewelina Nowakowska nale\u017cy do grona najlepszych polskich doradc\u00f3w podatkowych wed\u0142ug Dziennika Gazeta Prawna m.in. w kategorii cen transferowych.\",\"url\":\"https:\/\/assecobs.pl\/blog\/author\/ewelinanowakowska\/\"}]}<\/script>\n<!-- \/ Yoast SEO plugin. -->","yoast_head_json":{"title":"Nowe obowi\u0105zki JPK dla firm od lipca 2018","description":"Od lipca 2018 ma\u0142e i \u015brednie firmy musz\u0105 generowa\u0107 Jednolity Plik Kontrolny (JPK) na \u017c\u0105danie urz\u0119d\u00f3w skarbowych.","robots":{"index":"index","follow":"follow","max-snippet":"max-snippet:-1","max-image-preview":"max-image-preview:large","max-video-preview":"max-video-preview:-1"},"canonical":"https:\/\/assecobs.pl\/blog\/jednolity-plik-kontrolny-nowe-obowiazki-dla-malych-i-srednich-firm-juz-od-lipca-2018\/","og_locale":"pl_PL","og_type":"article","og_title":"Nowe obowi\u0105zki JPK dla firm od lipca 2018","og_description":"Od lipca 2018 ma\u0142e i \u015brednie firmy musz\u0105 generowa\u0107 Jednolity Plik Kontrolny (JPK) na \u017c\u0105danie urz\u0119d\u00f3w skarbowych.","og_url":"https:\/\/assecobs.pl\/blog\/jednolity-plik-kontrolny-nowe-obowiazki-dla-malych-i-srednich-firm-juz-od-lipca-2018\/","og_site_name":"Blog Asseco BS","article_publisher":"https:\/\/www.facebook.com\/erpbyasseco\/","article_published_time":"2018-04-10T07:47:28+00:00","article_modified_time":"2024-06-06T11:42:19+00:00","og_image":[{"width":1172,"height":515,"url":"https:\/\/assecobs.pl\/blog\/wp-content\/uploads\/sites\/14\/2018\/04\/jednolity-plik-kontrolny-nowe-obowiazki-od-lipca-2018.jpg","type":"image\/jpeg"}],"author":"Ewelina Nowakowska","twitter_card":"summary_large_image","twitter_creator":"@asseco_bs","twitter_site":"@asseco_bs","twitter_misc":{"Napisane przez":"Ewelina Nowakowska","Szacowany czas czytania":"4 minuty"},"schema":{"@context":"https:\/\/schema.org","@graph":[{"@type":"Article","@id":"https:\/\/assecobs.pl\/blog\/jednolity-plik-kontrolny-nowe-obowiazki-dla-malych-i-srednich-firm-juz-od-lipca-2018\/#article","isPartOf":{"@id":"https:\/\/assecobs.pl\/blog\/jednolity-plik-kontrolny-nowe-obowiazki-dla-malych-i-srednich-firm-juz-od-lipca-2018\/"},"author":{"name":"Ewelina Nowakowska","@id":"https:\/\/assecobs.pl\/blog\/#\/schema\/person\/a42a86f57e28ca52a71442ce003b5f13"},"headline":"Jednolity Plik Kontrolny &#8211; nowe obowi\u0105zki dla ma\u0142ych i \u015brednich firm ju\u017c od lipca 2018!","datePublished":"2018-04-10T07:47:28+00:00","dateModified":"2024-06-06T11:42:19+00:00","mainEntityOfPage":{"@id":"https:\/\/assecobs.pl\/blog\/jednolity-plik-kontrolny-nowe-obowiazki-dla-malych-i-srednich-firm-juz-od-lipca-2018\/"},"wordCount":515,"publisher":{"@id":"https:\/\/assecobs.pl\/blog\/#organization"},"image":{"@id":"https:\/\/assecobs.pl\/blog\/jednolity-plik-kontrolny-nowe-obowiazki-dla-malych-i-srednich-firm-juz-od-lipca-2018\/#primaryimage"},"thumbnailUrl":"https:\/\/assecobs.pl\/blog\/wp-content\/uploads\/sites\/14\/2018\/04\/jednolity-plik-kontrolny-nowe-obowiazki-od-lipca-2018.jpg?wsr","keywords":["Du\u017ce firmy","Ma\u0142e firmy","\u015arednie firmy","podatki","JPK","Softlab","Macrologic","Wapro","Safo","Koma"],"articleSection":["Finanse i ksi\u0119gowo\u015b\u0107","Zmiany prawne"],"inLanguage":"pl-PL"},{"@type":"WebPage","@id":"https:\/\/assecobs.pl\/blog\/jednolity-plik-kontrolny-nowe-obowiazki-dla-malych-i-srednich-firm-juz-od-lipca-2018\/","url":"https:\/\/assecobs.pl\/blog\/jednolity-plik-kontrolny-nowe-obowiazki-dla-malych-i-srednich-firm-juz-od-lipca-2018\/","name":"Nowe obowi\u0105zki JPK dla firm od lipca 2018","isPartOf":{"@id":"https:\/\/assecobs.pl\/blog\/#website"},"primaryImageOfPage":{"@id":"https:\/\/assecobs.pl\/blog\/jednolity-plik-kontrolny-nowe-obowiazki-dla-malych-i-srednich-firm-juz-od-lipca-2018\/#primaryimage"},"image":{"@id":"https:\/\/assecobs.pl\/blog\/jednolity-plik-kontrolny-nowe-obowiazki-dla-malych-i-srednich-firm-juz-od-lipca-2018\/#primaryimage"},"thumbnailUrl":"https:\/\/assecobs.pl\/blog\/wp-content\/uploads\/sites\/14\/2018\/04\/jednolity-plik-kontrolny-nowe-obowiazki-od-lipca-2018.jpg?wsr","datePublished":"2018-04-10T07:47:28+00:00","dateModified":"2024-06-06T11:42:19+00:00","description":"Od lipca 2018 ma\u0142e i \u015brednie firmy musz\u0105 generowa\u0107 Jednolity Plik Kontrolny (JPK) na \u017c\u0105danie urz\u0119d\u00f3w skarbowych.","breadcrumb":{"@id":"https:\/\/assecobs.pl\/blog\/jednolity-plik-kontrolny-nowe-obowiazki-dla-malych-i-srednich-firm-juz-od-lipca-2018\/#breadcrumb"},"inLanguage":"pl-PL","potentialAction":[{"@type":"ReadAction","target":["https:\/\/assecobs.pl\/blog\/jednolity-plik-kontrolny-nowe-obowiazki-dla-malych-i-srednich-firm-juz-od-lipca-2018\/"]}]},{"@type":"ImageObject","inLanguage":"pl-PL","@id":"https:\/\/assecobs.pl\/blog\/jednolity-plik-kontrolny-nowe-obowiazki-dla-malych-i-srednich-firm-juz-od-lipca-2018\/#primaryimage","url":"https:\/\/assecobs.pl\/blog\/wp-content\/uploads\/sites\/14\/2018\/04\/jednolity-plik-kontrolny-nowe-obowiazki-od-lipca-2018.jpg?wsr","contentUrl":"https:\/\/assecobs.pl\/blog\/wp-content\/uploads\/sites\/14\/2018\/04\/jednolity-plik-kontrolny-nowe-obowiazki-od-lipca-2018.jpg?wsr","width":1172,"height":515,"caption":"jednolity-plik-kontrolny-nowe-obowiazki-od-lipca-2018"},{"@type":"BreadcrumbList","@id":"https:\/\/assecobs.pl\/blog\/jednolity-plik-kontrolny-nowe-obowiazki-dla-malych-i-srednich-firm-juz-od-lipca-2018\/#breadcrumb","itemListElement":[{"@type":"ListItem","position":1,"name":"Strona g\u0142\u00f3wna","item":"https:\/\/assecobs.pl\/blog\/"},{"@type":"ListItem","position":2,"name":"Jednolity Plik Kontrolny &#8211; nowe obowi\u0105zki dla ma\u0142ych i&nbsp;\u015brednich firm ju\u017c od&nbsp;lipca 2018!"}]},{"@type":"WebSite","@id":"https:\/\/assecobs.pl\/blog\/#website","url":"https:\/\/assecobs.pl\/blog\/","name":"Blog Asseco BS","description":"","publisher":{"@id":"https:\/\/assecobs.pl\/blog\/#organization"},"potentialAction":[{"@type":"SearchAction","target":{"@type":"EntryPoint","urlTemplate":"https:\/\/assecobs.pl\/blog\/?s={search_term_string}"},"query-input":{"@type":"PropertyValueSpecification","valueRequired":true,"valueName":"search_term_string"}}],"inLanguage":"pl-PL"},{"@type":"Organization","@id":"https:\/\/assecobs.pl\/blog\/#organization","name":"Asseco Business Solutions","url":"https:\/\/assecobs.pl\/blog\/","logo":{"@type":"ImageObject","inLanguage":"pl-PL","@id":"https:\/\/assecobs.pl\/blog\/#\/schema\/logo\/image\/","url":"https:\/\/assecobs.pl\/blog\/wp-content\/uploads\/sites\/14\/2020\/01\/abs-logo-user.jpg","contentUrl":"https:\/\/assecobs.pl\/blog\/wp-content\/uploads\/sites\/14\/2020\/01\/abs-logo-user.jpg","width":250,"height":251,"caption":"Asseco Business Solutions"},"image":{"@id":"https:\/\/assecobs.pl\/blog\/#\/schema\/logo\/image\/"},"sameAs":["https:\/\/www.facebook.com\/erpbyasseco\/","https:\/\/x.com\/asseco_bs","https:\/\/pl.linkedin.com\/company\/asseco-business-solutions-sa","https:\/\/www.youtube.com\/channel\/UCCU4su9i0ZMIrsS0P0bkYOA\/featured","https:\/\/pl.wikipedia.org\/wiki\/Asseco_Business_Solutions"]},{"@type":"Person","@id":"https:\/\/assecobs.pl\/blog\/#\/schema\/person\/a42a86f57e28ca52a71442ce003b5f13","name":"Ewelina Nowakowska","image":{"@type":"ImageObject","inLanguage":"pl-PL","@id":"https:\/\/assecobs.pl\/blog\/wp-content\/uploads\/sites\/14\/2019\/08\/zdje\u0328cie_E2N-150x150.png?wsr","url":"https:\/\/assecobs.pl\/blog\/wp-content\/uploads\/sites\/14\/2019\/08\/zdje\u0328cie_E2N-150x150.png?wsr","contentUrl":"https:\/\/assecobs.pl\/blog\/wp-content\/uploads\/sites\/14\/2019\/08\/zdje\u0328cie_E2N-150x150.png?wsr","caption":"Ewelina Nowakowska"},"description":"Partner oraz Doradca Podatkowy w firmie HLB M2 Tax &amp; Audit. Ewelina Nowakowska nale\u017cy do grona najlepszych polskich doradc\u00f3w podatkowych wed\u0142ug Dziennika Gazeta Prawna m.in. w kategorii cen transferowych.","url":"https:\/\/assecobs.pl\/blog\/author\/ewelinanowakowska\/"}]}},"_links":{"self":[{"href":"https:\/\/assecobs.pl\/blog\/wp-json\/wp\/v2\/posts\/758","targetHints":{"allow":["GET"]}}],"collection":[{"href":"https:\/\/assecobs.pl\/blog\/wp-json\/wp\/v2\/posts"}],"about":[{"href":"https:\/\/assecobs.pl\/blog\/wp-json\/wp\/v2\/types\/post"}],"author":[{"embeddable":true,"href":"https:\/\/assecobs.pl\/blog\/wp-json\/wp\/v2\/users\/7"}],"replies":[{"embeddable":true,"href":"https:\/\/assecobs.pl\/blog\/wp-json\/wp\/v2\/comments?post=758"}],"version-history":[{"count":4,"href":"https:\/\/assecobs.pl\/blog\/wp-json\/wp\/v2\/posts\/758\/revisions"}],"predecessor-version":[{"id":4403,"href":"https:\/\/assecobs.pl\/blog\/wp-json\/wp\/v2\/posts\/758\/revisions\/4403"}],"wp:featuredmedia":[{"embeddable":true,"href":"https:\/\/assecobs.pl\/blog\/wp-json\/wp\/v2\/media\/5970"}],"wp:attachment":[{"href":"https:\/\/assecobs.pl\/blog\/wp-json\/wp\/v2\/media?parent=758"}],"wp:term":[{"taxonomy":"category","embeddable":true,"href":"https:\/\/assecobs.pl\/blog\/wp-json\/wp\/v2\/categories?post=758"},{"taxonomy":"post_tag","embeddable":true,"href":"https:\/\/assecobs.pl\/blog\/wp-json\/wp\/v2\/tags?post=758"}],"curies":[{"name":"wp","href":"https:\/\/api.w.org\/{rel}","templated":true}]}}