{"id":8165,"date":"2021-12-17T14:00:41","date_gmt":"2021-12-17T13:00:41","guid":{"rendered":"https:\/\/blog.assecobs.pl\/?p=8165"},"modified":"2024-06-07T13:17:06","modified_gmt":"2024-06-07T11:17:06","slug":"krajowy-system-e-faktur-coraz-blizej-przygotujmy-sie","status":"publish","type":"post","link":"https:\/\/assecobs.pl\/blog\/krajowy-system-e-faktur-coraz-blizej-przygotujmy-sie\/","title":{"rendered":"Krajowy System e-Faktur coraz bli\u017cej \u2013 przygotujmy si\u0119!"},"content":{"rendered":"<p><strong>7 pa\u017adziernika 2021 r. Ministerstwo Finans\u00f3w udost\u0119pni\u0142o testow\u0105 wersj\u0119 Krajowego Systemu e-Faktur (KSeF). Etap pilota\u017cowy uruchomienia systemu potrwa do ko\u0144ca roku. Od 1 stycznia 2022 r. przedsi\u0119biorcy b\u0119d\u0105 mogli korzysta\u0107 z KSeF dobrowolnie, natomiast od 2023 r. zostan\u0105 ju\u017c do tego zobowi\u0105zani prawnie.<\/strong><\/p>\n\n<p>G\u0142\u00f3wnym za\u0142o\u017ceniem ca\u0142ego projektu jest wprowadzenie specjalnego systemu teleinformatycznego o nazwie Krajowy System e-Faktur. System ma przyspieszy\u0107 komunikacj\u0119 podatnik\u00f3w i administracji, uszczelni\u0107 system podatkowy i przeciwdzia\u0142a\u0107 oszustwom. Krajowy System e-Faktur, jako nowa forma dokumentowania transakcji poprzez platform\u0119 Ministerstwa Finans\u00f3w, docelowo ma gromadzi\u0107 wszystkie wystawione przez przedsi\u0119biorc\u00f3w e-Faktury. Wi\u0119cej informacji o Krajowy Systemie e-Faktur mo\u017cna znale\u017a\u0107 w artykule\u00a0<a href=\"https:\/\/assecobs.pl\/blog\/7-pytan-o-centralny-rejestr-faktur-crf\/\">7 pyta\u0144 o Centralny Rejestr Faktur (CRF)<\/a>.<\/p>\n<blockquote class=\"wp-embedded-content\" data-secret=\"BmdIlJ33sj\"><p><a href=\"https:\/\/assecobs.pl\/blog\/7-pytan-o-centralny-rejestr-faktur-crf\/\">7 pyta\u0144 o&nbsp;Centralny Rejestr Faktur (CRF)<\/a><\/p><\/blockquote>\n<p><iframe loading=\"lazy\" class=\"wp-embedded-content\" sandbox=\"allow-scripts\" security=\"restricted\" style=\"position: absolute; visibility: hidden;\" title=\"&#8222;7 pyta\u0144 o&nbsp;Centralny Rejestr Faktur (CRF)&#8221; &#8212; Blog Asseco BS\" src=\"https:\/\/assecobs.pl\/blog\/7-pytan-o-centralny-rejestr-faktur-crf\/embed\/#?secret=g3p8FOj3H3#?secret=BmdIlJ33sj\" data-secret=\"BmdIlJ33sj\" width=\"600\" height=\"338\" frameborder=\"0\" marginwidth=\"0\" marginheight=\"0\" scrolling=\"no\"><\/iframe><\/p>\n<h2>Dlaczego warto korzysta\u0107 z KSeF ju\u017c teraz<\/h2>\n<p>Podatnicy, kt\u00f3rzy zdecyduj\u0105 si\u0119 przekazywa\u0107 faktury do KSeF, b\u0119d\u0105 mogli liczy\u0107 na dodatkowe korzy\u015bci:<\/p>\n<ul>\n<li>Wcze\u015bniejszy zwrot podatku VAT w postaci skr\u00f3conego do 40 dni terminu zwrotu podatku VAT dla podatnik\u00f3w spe\u0142niaj\u0105cych warunki przewidziane przez ustawodawc\u0119.<\/li>\n<li>Zwolnienie z obowi\u0105zku przesy\u0142ania na \u017c\u0105danie organ\u00f3w podatkowych struktury Jednolitego Pliku Kontrolnego dla Faktur (JPK_FA) w zakresie obejmuj\u0105cym faktury ustrukturyzowane.<\/li>\n<li>Zapewnienie autentyczno\u015bci pochodzenia oraz integralno\u015bci faktur, kt\u00f3re przekazywane s\u0105 za po\u015brednictwem KSeF.<\/li>\n<li>Mo\u017cliwo\u015b\u0107 pomniejszenia podstawy opodatkowania oraz kwoty nale\u017cnego VAT ju\u017c w okresie rozliczeniowym, w kt\u00f3rym wystawiona zosta\u0142a faktura koryguj\u0105ca w postaci ustrukturyzowanej. W tym zakresie nie b\u0119dzie potrzebna \u017cadna inna dokumentacja.<\/li>\n<li>Archiwum faktur, w kt\u00f3rym b\u0119d\u0105 one przechowywane w KSeF przez 10 lat, licz\u0105c od ko\u0144ca roku, w kt\u00f3rym zosta\u0142y wystawione.<\/li>\n<li>Szybsze odliczenie VAT dla odbiorcy \u2013 faktur\u0119 wystawion\u0105 uwa\u017ca si\u0119 za odebran\u0105 w dniu wystawienia.<\/li>\n<li>Dla kontrahent\u00f3w, kt\u00f3rzy wyrazili zgod\u0119 na odbi\u00f3r przez KSeF:\n<ul>\n<li>nie ma potrzeby wystawiania duplikat\u00f3w,<\/li>\n<li>przy korektach wystawionych in minus mo\u017cna od razu sk\u0142ada\u0107 korekt\u0119 deklaracji.<\/li>\n<\/ul>\n<\/li>\n<li>Automatyczny odbi\u00f3r faktury zakupu z KSeF i jej automatyczna rejestracja w systemie ERP.<\/li>\n<li>Transparentno\u015b\u0107 podatnika wobec s\u0142u\u017cb podatkowych.<\/li>\n<\/ul>\n<h2>Na co nale\u017cy zwr\u00f3ci\u0107 uwag\u0119 planuj\u0105c przygotowania do wdro\u017cenia KSeF<\/h2>\n<p>Ide\u0105 Krajowego Systemu e-Faktur jest bie\u017c\u0105ce przekazywanie faktur sprzeda\u017cy do centralnego rejestru rz\u0105dowego przez uprawione do tego osoby. Wp\u0142ywa to znacz\u0105co na procesy dokumentowania sprzeda\u017cy i rozliczenia VAT. Nowy system wymaga zatem ustalenia koniecznych zmian i dostosowa\u0144 organizacyjnych oraz przygotowania rozwi\u0105za\u0144 informatycznych.<\/p>\n<h3><strong>1. Przegl\u0105d obecnych proces\u00f3w<\/strong><\/h3>\n<p>Wdro\u017cenie KSeF wi\u0105\u017ce si\u0119 z potrzeb\u0105 przegl\u0105du i ewentualnego dostosowania proces\u00f3w zwi\u0105zanych z fakturami dotycz\u0105cych sprzeda\u017cy, zakupu oraz ksi\u0119gowo\u015bci.<\/p>\n<p><strong>Wystawianie faktur w KSeF<\/strong><\/p>\n<p>Zgodnie z za\u0142o\u017ceniami ministerstwa, faktury b\u0119d\u0105 przygotowywane bezpo\u015brednio w\u00a0systemach ERP oraz przesy\u0142ane do Krajowego Systemu e-Faktur poprzez API. Procesy zwi\u0105zane z przygotowaniem e-Faktur, ich weryfikacj\u0105, przekazaniem do KSeF w celu wystawienia, a nast\u0119pnie do odbiorcy, b\u0119d\u0105 wi\u0119c przebiega\u0142y nowymi drogami. W przebiegach proces\u00f3w nale\u017cy r\u00f3wnie\u017c uwzgl\u0119dni\u0107 obs\u0142ug\u0119 i zautomatyzowa\u0107 komunikacj\u0119 z nowym systemem ministerstwa.<\/p>\n<p><strong>Otrzymywanie faktur z KSeF i ich powi\u0105zanie z innymi dokumentami<\/strong><\/p>\n<p>Z kolei dla faktur zakupu otrzymywanych za po\u015brednictwem Krajowego Systemu e-Faktur, mo\u017cna wykorzysta\u0107 fakt, \u017ce bazuj\u0105 one na ustrukturyzowanym formacie. Pobieraj\u0105c tak\u0105 faktur\u0119 otrzymamy plik .xml, kt\u00f3ry zawiera posta\u0107 tekstow\u0105, co pozwoli wyeliminowa\u0107 r\u0119czne przepisywanie danych z faktury do systemu ERP. Dzi\u0119ki temu nast\u0105pi automatyzacja procesu obs\u0142ugi faktur zakupu, poczynaj\u0105c od ich pobrania z KSeF, a\u017c po ich rejestracj\u0119 i ksi\u0119gowanie w systemie. Dla podatnik\u00f3w jest to szansa na usprawnienie obecnych dzia\u0142a\u0144, eliminacj\u0119 pomy\u0142ek wynikaj\u0105cych z b\u0142\u0119d\u00f3w rejestracji oraz ograniczenie koszt\u00f3w ewidencji faktur zakupu.<\/p>\n<p>Schemat e-Faktury zawiera r\u00f3wnie\u017c informacj\u0119 o symbolu zam\u00f3wienia dostaw. Je\u015bli dostawcy przeka\u017c\u0105 t\u0119 informacj\u0119, mo\u017cna j\u0105 b\u0119dzie wykorzysta\u0107 do kontroli i tworzenia dokument\u00f3w powi\u0105zanych z faktur\u0105 zakupu, takich jak dokumenty przyj\u0119\u0107 magazynowych lub realizacji zam\u00f3wie\u0144.<\/p>\n<p><strong>Dostarczenie faktur do kontrahent\u00f3w<\/strong><\/p>\n<p>Nie mo\u017cna zapomnie\u0107 o zapewnieniu kana\u0142u do wymiany faktur z kontrahentami zagranicznymi oraz z tymi kontrahentami, kt\u00f3rzy w pocz\u0105tkowym okresie nie wyra\u017c\u0105 zgody na otrzymywanie faktur za po\u015brednictwem Krajowego Systemu e-Faktur. W takim przypadku wystawiaj\u0105cy faktur\u0119 zachowa prawo do wystawienia faktury w KSeF (oraz korzy\u015bci podatkowych z tym zwi\u0105zanych), jednak faktury zobowi\u0105zany b\u0119dzie przekaza\u0107 odbiorcy w inny spos\u00f3b ni\u017c za po\u015brednictwem KSeF. Tak\u0105 komunikacj\u0119 umo\u017cliwia platforma Businesslink, kt\u00f3ra pozwala na wymian\u0119 faktur, za\u0142\u0105cznik\u00f3w oraz innych dokument\u00f3w.<\/p>\n<h3><strong>2. Dane potrzebne do ewidencji e-Faktur<\/strong><\/h3>\n<p>Ministerstwo udost\u0119pni\u0142o pierwsz\u0105 wersj\u0119 schematu danych, kt\u00f3ry okre\u015bla informacje zwi\u0105zane z ewidencj\u0105 e-Faktur.<\/p>\n<p><strong>Sprawdzenie posiadania wymaganych danych<\/strong><\/p>\n<p>Wa\u017cne jest sprawdzenie, kt\u00f3re dane posiadamy obecnie w systemie, a kt\u00f3re z nich b\u0119d\u0105 wymaga\u0142y uzupe\u0142nienia i w jakich przypadkach. Przyk\u0142adowo w schemacie danych udost\u0119pnionym przez ministerstwo jest ponad 300 p\u00f3l. Struktura zawiera dane znane z JPK_V7 i JPK_FA, jest jednak rozbudowana o dodatkowe szczeg\u00f3\u0142owe informacje, takie jak termin p\u0142atno\u015bci, data zap\u0142aty, marka samochodu (w przypadku sprzeda\u017cy pojazdu), GTU oraz procedury szczeg\u00f3lnego rozliczenia VAT na poziomie pozycji.<\/p>\n<p>W zwi\u0105zku z uruchomieniem KSeF pojawi\u0105 si\u0119 r\u00f3wnie\u017c nowe dane w ewidencji faktur, kt\u00f3re nale\u017cy uwzgl\u0119dni\u0107 w systemie ERP. B\u0119d\u0105 to np.: identyfikator faktury oraz data wystawienia faktury w systemie KSeF. Informacje te zostan\u0105 udost\u0119pnione podatnikowi w KSeF dopiero po przygotowaniu faktury w systemie ERP i przekazaniu jej do KSeF.<\/p>\n<p><strong>Automatyzacja i funkcje kontrolne<\/strong><\/p>\n<p>Opr\u00f3cz ustalenia, czy posiadamy wymagane dane do przygotowania e-Faktury, warto zapewni\u0107 sobie automatyczne generowanie tych danych oraz zadba\u0107 o funkcje kontrolne, takie jak bie\u017c\u0105ce sprawdzanie zgodno\u015bci danych przygotowanej w systemie ERP e-Faktury jeszcze przed jej przekazaniem do KSeF.<\/p>\n<h3><strong>3. Zapewnienie komunikacji oraz dost\u0119pu dla u\u017cytkownik\u00f3w do KSeF<\/strong><\/h3>\n<p><strong>Autoryzacja w KSeF<\/strong><\/p>\n<p>Dost\u0119p do KSeF wymaga uwierzytelnienia reprezentanta podatnika w systemie za pomoc\u0105 kwalifikowanego podpisu elektronicznego lub profilu zaufanego e-PUAP. Z tego powodu wa\u017cne jest okre\u015blenie os\u00f3b, kt\u00f3re b\u0119d\u0105 mia\u0142y wgl\u0105d do dokument\u00f3w oraz tych, kt\u00f3re b\u0119d\u0105 odpowiada\u0142y za wystawienie faktur w KSeF. Takim osobom nale\u017cy zapewni\u0107 techniczne mo\u017cliwo\u015bci uwierzytelnienia w systemie.<\/p>\n<p><strong>Automatyczna komunikacja z KSeF<\/strong><\/p>\n<p>Pojawienie si\u0119 Krajowego Systemu e-Faktur wi\u0105\u017ce si\u0119 z potrzeb\u0105 zapewnienia komunikacji systemu ERP z nowym systemem ministerstwa, w tym:<\/p>\n<ul>\n<li>przekazywanie przygotowanej faktury do KSeF,<\/li>\n<li>odbi\u00f3r informacji zwrotnej o fakturze (identyfikator faktury i data jej wystawienia lub informacje o ewentualnych niezgodno\u015bciach),<\/li>\n<li>odbi\u00f3r faktur zakupu wystawionych przez naszych dostawc\u00f3w za po\u015brednictwem KSeF.<\/li>\n<\/ul>\n<p>Automatyczn\u0105 komunikacj\u0119 systemu ERP z Krajowym Systemem e-Faktur zapewnia platforma wymiany dokument\u00f3w Businesslink, kt\u00f3r\u0105 mo\u017cna ju\u017c teraz uruchomi\u0107 jako cz\u0119\u015b\u0107 przygotowa\u0144 do wsp\u00f3\u0142pracy z KSeF. Platforma Businesslink pozwala r\u00f3wnie\u017c wysy\u0142a\u0107 i odbiera\u0107 za\u0142\u0105czniki do faktur (np. pliki specyfikacji, protoko\u0142y odbioru czy inne dokumenty), kojarzy\u0107 je z faktur\u0105 oraz informowa\u0107 odbiorc\u0119 za po\u015brednictwem powiadomie\u0144 o nowych za\u0142\u0105cznikach do pobrania.<\/p>\n<div class=\"wstawka-edytowalna\" style=\"background: url('\/blog\/wp-content\/uploads\/sites\/14\/2020\/12\/biuletyn-hr.jpg'); background-size: cover; background-position: center center; background-color: rgba(255, 255, 255, 0.486); background-blend-mode: overlay;\">\n<h1 style=\"text-align: left; color: black;\">Businesslink<\/h1>\n<p style=\"text-align: left;\">Przygotuj si\u0119 na wyzwania zwi\u0105zane z Centralnym Rejestrem Faktur!<br \/>\nWi\u0119cej informacji na temat platformy Businesslink mo\u017cna znale\u017a\u0107 na naszej stronie.<br \/>\n<a class=\"load-button\" href=\"https:\/\/assecobs.pl\/businesscloud\/businesslink\/\">Sprawd\u017a rozwi\u0105zanie<\/a><\/p>\n<\/div>\n","protected":false},"excerpt":{"rendered":"<p>Przygotuj si\u0119 na Krajowy System e-Faktur i wykorzystaj szans\u0119 cyfrowej rewolucji w fakturowaniu!<\/p>\n","protected":false},"author":6,"featured_media":7636,"comment_status":"closed","ping_status":"closed","sticky":false,"template":"","format":"standard","meta":{"_acf_changed":false,"inline_featured_image":false,"footnotes":""},"categories":[239,113],"tags":[112,116,117,223,227],"class_list":{"0":"post-8165","1":"post","2":"type-post","3":"status-publish","4":"format-standard","5":"has-post-thumbnail","7":"category-finanse-i-ksiegowosc","8":"category-zmiany-prawne","9":"tag-softlab","10":"tag-macrologic","11":"tag-wapro","12":"tag-safo","13":"tag-koma"},"acf":[],"yoast_head":"<!-- This site is optimized with the Yoast SEO plugin v27.2 - https:\/\/yoast.com\/product\/yoast-seo-wordpress\/ -->\n<title>Krajowy System e-Faktur - przygotujmy si\u0119!<\/title>\n<meta name=\"description\" content=\"Krajowy System e-Faktur coraz bli\u017cej. Sprawd\u017a, jak przygotowa\u0107 firm\u0119 na nowe obowi\u0105zki zwi\u0105zane z e-fakturami.\" \/>\n<meta name=\"robots\" content=\"index, follow, max-snippet:-1, max-image-preview:large, max-video-preview:-1\" \/>\n<link rel=\"canonical\" href=\"https:\/\/assecobs.pl\/blog\/krajowy-system-e-faktur-coraz-blizej-przygotujmy-sie\/\" \/>\n<meta property=\"og:locale\" content=\"pl_PL\" \/>\n<meta property=\"og:type\" content=\"article\" \/>\n<meta property=\"og:title\" content=\"Krajowy System e-Faktur - przygotujmy si\u0119!\" \/>\n<meta property=\"og:description\" content=\"Krajowy System e-Faktur coraz bli\u017cej. Sprawd\u017a, jak przygotowa\u0107 firm\u0119 na nowe obowi\u0105zki zwi\u0105zane z e-fakturami.\" \/>\n<meta property=\"og:url\" content=\"https:\/\/assecobs.pl\/blog\/krajowy-system-e-faktur-coraz-blizej-przygotujmy-sie\/\" \/>\n<meta property=\"og:site_name\" content=\"Blog Asseco BS\" \/>\n<meta property=\"article:publisher\" content=\"https:\/\/www.facebook.com\/erpbyasseco\/\" \/>\n<meta property=\"article:published_time\" content=\"2021-12-17T13:00:41+00:00\" \/>\n<meta property=\"article:modified_time\" content=\"2024-06-07T11:17:06+00:00\" \/>\n<meta property=\"og:image\" content=\"https:\/\/assecobs.pl\/blog\/wp-content\/uploads\/sites\/14\/2021\/05\/crf2.jpg\" \/>\n\t<meta property=\"og:image:width\" content=\"1170\" \/>\n\t<meta property=\"og:image:height\" content=\"515\" \/>\n\t<meta property=\"og:image:type\" content=\"image\/jpeg\" \/>\n<meta name=\"author\" content=\"Zesp\u00f3\u0142 Asseco BS\" \/>\n<meta name=\"twitter:card\" content=\"summary_large_image\" \/>\n<meta name=\"twitter:creator\" content=\"@asseco_bs\" \/>\n<meta name=\"twitter:site\" content=\"@asseco_bs\" \/>\n<meta name=\"twitter:label1\" content=\"Napisane przez\" \/>\n\t<meta name=\"twitter:data1\" content=\"Zesp\u00f3\u0142 Asseco BS\" \/>\n\t<meta name=\"twitter:label2\" content=\"Szacowany czas czytania\" \/>\n\t<meta name=\"twitter:data2\" content=\"7 minut\" \/>\n<script type=\"application\/ld+json\" class=\"yoast-schema-graph\">{\"@context\":\"https:\/\/schema.org\",\"@graph\":[{\"@type\":\"Article\",\"@id\":\"https:\/\/assecobs.pl\/blog\/krajowy-system-e-faktur-coraz-blizej-przygotujmy-sie\/#article\",\"isPartOf\":{\"@id\":\"https:\/\/assecobs.pl\/blog\/krajowy-system-e-faktur-coraz-blizej-przygotujmy-sie\/\"},\"author\":{\"name\":\"Zesp\u00f3\u0142 Asseco BS\",\"@id\":\"https:\/\/assecobs.pl\/blog\/#\/schema\/person\/5123d020f0d42a7906a4776f1e385f47\"},\"headline\":\"Krajowy System e-Faktur coraz bli\u017cej \u2013 przygotujmy si\u0119!\",\"datePublished\":\"2021-12-17T13:00:41+00:00\",\"dateModified\":\"2024-06-07T11:17:06+00:00\",\"mainEntityOfPage\":{\"@id\":\"https:\/\/assecobs.pl\/blog\/krajowy-system-e-faktur-coraz-blizej-przygotujmy-sie\/\"},\"wordCount\":1227,\"publisher\":{\"@id\":\"https:\/\/assecobs.pl\/blog\/#organization\"},\"image\":{\"@id\":\"https:\/\/assecobs.pl\/blog\/krajowy-system-e-faktur-coraz-blizej-przygotujmy-sie\/#primaryimage\"},\"thumbnailUrl\":\"https:\/\/assecobs.pl\/blog\/wp-content\/uploads\/sites\/14\/2021\/05\/crf2.jpg?wsr\",\"keywords\":[\"Softlab\",\"Macrologic\",\"Wapro\",\"Safo\",\"Koma\"],\"articleSection\":[\"Finanse i ksi\u0119gowo\u015b\u0107\",\"Zmiany prawne\"],\"inLanguage\":\"pl-PL\"},{\"@type\":\"WebPage\",\"@id\":\"https:\/\/assecobs.pl\/blog\/krajowy-system-e-faktur-coraz-blizej-przygotujmy-sie\/\",\"url\":\"https:\/\/assecobs.pl\/blog\/krajowy-system-e-faktur-coraz-blizej-przygotujmy-sie\/\",\"name\":\"Krajowy System e-Faktur - przygotujmy si\u0119!\",\"isPartOf\":{\"@id\":\"https:\/\/assecobs.pl\/blog\/#website\"},\"primaryImageOfPage\":{\"@id\":\"https:\/\/assecobs.pl\/blog\/krajowy-system-e-faktur-coraz-blizej-przygotujmy-sie\/#primaryimage\"},\"image\":{\"@id\":\"https:\/\/assecobs.pl\/blog\/krajowy-system-e-faktur-coraz-blizej-przygotujmy-sie\/#primaryimage\"},\"thumbnailUrl\":\"https:\/\/assecobs.pl\/blog\/wp-content\/uploads\/sites\/14\/2021\/05\/crf2.jpg?wsr\",\"datePublished\":\"2021-12-17T13:00:41+00:00\",\"dateModified\":\"2024-06-07T11:17:06+00:00\",\"description\":\"Krajowy System e-Faktur coraz bli\u017cej. Sprawd\u017a, jak przygotowa\u0107 firm\u0119 na nowe obowi\u0105zki zwi\u0105zane z e-fakturami.\",\"breadcrumb\":{\"@id\":\"https:\/\/assecobs.pl\/blog\/krajowy-system-e-faktur-coraz-blizej-przygotujmy-sie\/#breadcrumb\"},\"inLanguage\":\"pl-PL\",\"potentialAction\":[{\"@type\":\"ReadAction\",\"target\":[\"https:\/\/assecobs.pl\/blog\/krajowy-system-e-faktur-coraz-blizej-przygotujmy-sie\/\"]}]},{\"@type\":\"ImageObject\",\"inLanguage\":\"pl-PL\",\"@id\":\"https:\/\/assecobs.pl\/blog\/krajowy-system-e-faktur-coraz-blizej-przygotujmy-sie\/#primaryimage\",\"url\":\"https:\/\/assecobs.pl\/blog\/wp-content\/uploads\/sites\/14\/2021\/05\/crf2.jpg?wsr\",\"contentUrl\":\"https:\/\/assecobs.pl\/blog\/wp-content\/uploads\/sites\/14\/2021\/05\/crf2.jpg?wsr\",\"width\":1170,\"height\":515,\"caption\":\"centralny rejestr faktur\"},{\"@type\":\"BreadcrumbList\",\"@id\":\"https:\/\/assecobs.pl\/blog\/krajowy-system-e-faktur-coraz-blizej-przygotujmy-sie\/#breadcrumb\",\"itemListElement\":[{\"@type\":\"ListItem\",\"position\":1,\"name\":\"Strona g\u0142\u00f3wna\",\"item\":\"https:\/\/assecobs.pl\/blog\/\"},{\"@type\":\"ListItem\",\"position\":2,\"name\":\"Krajowy System e-Faktur coraz bli\u017cej \u2013 przygotujmy si\u0119!\"}]},{\"@type\":\"WebSite\",\"@id\":\"https:\/\/assecobs.pl\/blog\/#website\",\"url\":\"https:\/\/assecobs.pl\/blog\/\",\"name\":\"Blog Asseco BS\",\"description\":\"\",\"publisher\":{\"@id\":\"https:\/\/assecobs.pl\/blog\/#organization\"},\"potentialAction\":[{\"@type\":\"SearchAction\",\"target\":{\"@type\":\"EntryPoint\",\"urlTemplate\":\"https:\/\/assecobs.pl\/blog\/?s={search_term_string}\"},\"query-input\":{\"@type\":\"PropertyValueSpecification\",\"valueRequired\":true,\"valueName\":\"search_term_string\"}}],\"inLanguage\":\"pl-PL\"},{\"@type\":\"Organization\",\"@id\":\"https:\/\/assecobs.pl\/blog\/#organization\",\"name\":\"Asseco Business Solutions\",\"url\":\"https:\/\/assecobs.pl\/blog\/\",\"logo\":{\"@type\":\"ImageObject\",\"inLanguage\":\"pl-PL\",\"@id\":\"https:\/\/assecobs.pl\/blog\/#\/schema\/logo\/image\/\",\"url\":\"https:\/\/assecobs.pl\/blog\/wp-content\/uploads\/sites\/14\/2020\/01\/abs-logo-user.jpg\",\"contentUrl\":\"https:\/\/assecobs.pl\/blog\/wp-content\/uploads\/sites\/14\/2020\/01\/abs-logo-user.jpg\",\"width\":250,\"height\":251,\"caption\":\"Asseco Business Solutions\"},\"image\":{\"@id\":\"https:\/\/assecobs.pl\/blog\/#\/schema\/logo\/image\/\"},\"sameAs\":[\"https:\/\/www.facebook.com\/erpbyasseco\/\",\"https:\/\/x.com\/asseco_bs\",\"https:\/\/pl.linkedin.com\/company\/asseco-business-solutions-sa\",\"https:\/\/www.youtube.com\/channel\/UCCU4su9i0ZMIrsS0P0bkYOA\/featured\",\"https:\/\/pl.wikipedia.org\/wiki\/Asseco_Business_Solutions\"]},{\"@type\":\"Person\",\"@id\":\"https:\/\/assecobs.pl\/blog\/#\/schema\/person\/5123d020f0d42a7906a4776f1e385f47\",\"name\":\"Zesp\u00f3\u0142 Asseco BS\",\"image\":{\"@type\":\"ImageObject\",\"inLanguage\":\"pl-PL\",\"@id\":\"https:\/\/assecobs.pl\/blog\/wp-content\/uploads\/sites\/14\/2019\/08\/abs-blue-150x150.png?wsr\",\"url\":\"https:\/\/assecobs.pl\/blog\/wp-content\/uploads\/sites\/14\/2019\/08\/abs-blue-150x150.png?wsr\",\"contentUrl\":\"https:\/\/assecobs.pl\/blog\/wp-content\/uploads\/sites\/14\/2019\/08\/abs-blue-150x150.png?wsr\",\"caption\":\"Zesp\u00f3\u0142 Asseco BS\"},\"url\":\"https:\/\/assecobs.pl\/blog\/author\/assecobs\/\"}]}<\/script>\n<!-- \/ Yoast SEO plugin. -->","yoast_head_json":{"title":"Krajowy System e-Faktur - przygotujmy si\u0119!","description":"Krajowy System e-Faktur coraz bli\u017cej. Sprawd\u017a, jak przygotowa\u0107 firm\u0119 na nowe obowi\u0105zki zwi\u0105zane z e-fakturami.","robots":{"index":"index","follow":"follow","max-snippet":"max-snippet:-1","max-image-preview":"max-image-preview:large","max-video-preview":"max-video-preview:-1"},"canonical":"https:\/\/assecobs.pl\/blog\/krajowy-system-e-faktur-coraz-blizej-przygotujmy-sie\/","og_locale":"pl_PL","og_type":"article","og_title":"Krajowy System e-Faktur - przygotujmy si\u0119!","og_description":"Krajowy System e-Faktur coraz bli\u017cej. Sprawd\u017a, jak przygotowa\u0107 firm\u0119 na nowe obowi\u0105zki zwi\u0105zane z e-fakturami.","og_url":"https:\/\/assecobs.pl\/blog\/krajowy-system-e-faktur-coraz-blizej-przygotujmy-sie\/","og_site_name":"Blog Asseco BS","article_publisher":"https:\/\/www.facebook.com\/erpbyasseco\/","article_published_time":"2021-12-17T13:00:41+00:00","article_modified_time":"2024-06-07T11:17:06+00:00","og_image":[{"width":1170,"height":515,"url":"https:\/\/assecobs.pl\/blog\/wp-content\/uploads\/sites\/14\/2021\/05\/crf2.jpg","type":"image\/jpeg"}],"author":"Zesp\u00f3\u0142 Asseco BS","twitter_card":"summary_large_image","twitter_creator":"@asseco_bs","twitter_site":"@asseco_bs","twitter_misc":{"Napisane przez":"Zesp\u00f3\u0142 Asseco BS","Szacowany czas czytania":"7 minut"},"schema":{"@context":"https:\/\/schema.org","@graph":[{"@type":"Article","@id":"https:\/\/assecobs.pl\/blog\/krajowy-system-e-faktur-coraz-blizej-przygotujmy-sie\/#article","isPartOf":{"@id":"https:\/\/assecobs.pl\/blog\/krajowy-system-e-faktur-coraz-blizej-przygotujmy-sie\/"},"author":{"name":"Zesp\u00f3\u0142 Asseco BS","@id":"https:\/\/assecobs.pl\/blog\/#\/schema\/person\/5123d020f0d42a7906a4776f1e385f47"},"headline":"Krajowy System e-Faktur coraz bli\u017cej \u2013 przygotujmy si\u0119!","datePublished":"2021-12-17T13:00:41+00:00","dateModified":"2024-06-07T11:17:06+00:00","mainEntityOfPage":{"@id":"https:\/\/assecobs.pl\/blog\/krajowy-system-e-faktur-coraz-blizej-przygotujmy-sie\/"},"wordCount":1227,"publisher":{"@id":"https:\/\/assecobs.pl\/blog\/#organization"},"image":{"@id":"https:\/\/assecobs.pl\/blog\/krajowy-system-e-faktur-coraz-blizej-przygotujmy-sie\/#primaryimage"},"thumbnailUrl":"https:\/\/assecobs.pl\/blog\/wp-content\/uploads\/sites\/14\/2021\/05\/crf2.jpg?wsr","keywords":["Softlab","Macrologic","Wapro","Safo","Koma"],"articleSection":["Finanse i ksi\u0119gowo\u015b\u0107","Zmiany prawne"],"inLanguage":"pl-PL"},{"@type":"WebPage","@id":"https:\/\/assecobs.pl\/blog\/krajowy-system-e-faktur-coraz-blizej-przygotujmy-sie\/","url":"https:\/\/assecobs.pl\/blog\/krajowy-system-e-faktur-coraz-blizej-przygotujmy-sie\/","name":"Krajowy System e-Faktur - przygotujmy si\u0119!","isPartOf":{"@id":"https:\/\/assecobs.pl\/blog\/#website"},"primaryImageOfPage":{"@id":"https:\/\/assecobs.pl\/blog\/krajowy-system-e-faktur-coraz-blizej-przygotujmy-sie\/#primaryimage"},"image":{"@id":"https:\/\/assecobs.pl\/blog\/krajowy-system-e-faktur-coraz-blizej-przygotujmy-sie\/#primaryimage"},"thumbnailUrl":"https:\/\/assecobs.pl\/blog\/wp-content\/uploads\/sites\/14\/2021\/05\/crf2.jpg?wsr","datePublished":"2021-12-17T13:00:41+00:00","dateModified":"2024-06-07T11:17:06+00:00","description":"Krajowy System e-Faktur coraz bli\u017cej. Sprawd\u017a, jak przygotowa\u0107 firm\u0119 na nowe obowi\u0105zki zwi\u0105zane z e-fakturami.","breadcrumb":{"@id":"https:\/\/assecobs.pl\/blog\/krajowy-system-e-faktur-coraz-blizej-przygotujmy-sie\/#breadcrumb"},"inLanguage":"pl-PL","potentialAction":[{"@type":"ReadAction","target":["https:\/\/assecobs.pl\/blog\/krajowy-system-e-faktur-coraz-blizej-przygotujmy-sie\/"]}]},{"@type":"ImageObject","inLanguage":"pl-PL","@id":"https:\/\/assecobs.pl\/blog\/krajowy-system-e-faktur-coraz-blizej-przygotujmy-sie\/#primaryimage","url":"https:\/\/assecobs.pl\/blog\/wp-content\/uploads\/sites\/14\/2021\/05\/crf2.jpg?wsr","contentUrl":"https:\/\/assecobs.pl\/blog\/wp-content\/uploads\/sites\/14\/2021\/05\/crf2.jpg?wsr","width":1170,"height":515,"caption":"centralny rejestr faktur"},{"@type":"BreadcrumbList","@id":"https:\/\/assecobs.pl\/blog\/krajowy-system-e-faktur-coraz-blizej-przygotujmy-sie\/#breadcrumb","itemListElement":[{"@type":"ListItem","position":1,"name":"Strona g\u0142\u00f3wna","item":"https:\/\/assecobs.pl\/blog\/"},{"@type":"ListItem","position":2,"name":"Krajowy System e-Faktur coraz bli\u017cej \u2013 przygotujmy si\u0119!"}]},{"@type":"WebSite","@id":"https:\/\/assecobs.pl\/blog\/#website","url":"https:\/\/assecobs.pl\/blog\/","name":"Blog Asseco BS","description":"","publisher":{"@id":"https:\/\/assecobs.pl\/blog\/#organization"},"potentialAction":[{"@type":"SearchAction","target":{"@type":"EntryPoint","urlTemplate":"https:\/\/assecobs.pl\/blog\/?s={search_term_string}"},"query-input":{"@type":"PropertyValueSpecification","valueRequired":true,"valueName":"search_term_string"}}],"inLanguage":"pl-PL"},{"@type":"Organization","@id":"https:\/\/assecobs.pl\/blog\/#organization","name":"Asseco Business Solutions","url":"https:\/\/assecobs.pl\/blog\/","logo":{"@type":"ImageObject","inLanguage":"pl-PL","@id":"https:\/\/assecobs.pl\/blog\/#\/schema\/logo\/image\/","url":"https:\/\/assecobs.pl\/blog\/wp-content\/uploads\/sites\/14\/2020\/01\/abs-logo-user.jpg","contentUrl":"https:\/\/assecobs.pl\/blog\/wp-content\/uploads\/sites\/14\/2020\/01\/abs-logo-user.jpg","width":250,"height":251,"caption":"Asseco Business Solutions"},"image":{"@id":"https:\/\/assecobs.pl\/blog\/#\/schema\/logo\/image\/"},"sameAs":["https:\/\/www.facebook.com\/erpbyasseco\/","https:\/\/x.com\/asseco_bs","https:\/\/pl.linkedin.com\/company\/asseco-business-solutions-sa","https:\/\/www.youtube.com\/channel\/UCCU4su9i0ZMIrsS0P0bkYOA\/featured","https:\/\/pl.wikipedia.org\/wiki\/Asseco_Business_Solutions"]},{"@type":"Person","@id":"https:\/\/assecobs.pl\/blog\/#\/schema\/person\/5123d020f0d42a7906a4776f1e385f47","name":"Zesp\u00f3\u0142 Asseco BS","image":{"@type":"ImageObject","inLanguage":"pl-PL","@id":"https:\/\/assecobs.pl\/blog\/wp-content\/uploads\/sites\/14\/2019\/08\/abs-blue-150x150.png?wsr","url":"https:\/\/assecobs.pl\/blog\/wp-content\/uploads\/sites\/14\/2019\/08\/abs-blue-150x150.png?wsr","contentUrl":"https:\/\/assecobs.pl\/blog\/wp-content\/uploads\/sites\/14\/2019\/08\/abs-blue-150x150.png?wsr","caption":"Zesp\u00f3\u0142 Asseco BS"},"url":"https:\/\/assecobs.pl\/blog\/author\/assecobs\/"}]}},"_links":{"self":[{"href":"https:\/\/assecobs.pl\/blog\/wp-json\/wp\/v2\/posts\/8165","targetHints":{"allow":["GET"]}}],"collection":[{"href":"https:\/\/assecobs.pl\/blog\/wp-json\/wp\/v2\/posts"}],"about":[{"href":"https:\/\/assecobs.pl\/blog\/wp-json\/wp\/v2\/types\/post"}],"author":[{"embeddable":true,"href":"https:\/\/assecobs.pl\/blog\/wp-json\/wp\/v2\/users\/6"}],"replies":[{"embeddable":true,"href":"https:\/\/assecobs.pl\/blog\/wp-json\/wp\/v2\/comments?post=8165"}],"version-history":[{"count":8,"href":"https:\/\/assecobs.pl\/blog\/wp-json\/wp\/v2\/posts\/8165\/revisions"}],"predecessor-version":[{"id":8228,"href":"https:\/\/assecobs.pl\/blog\/wp-json\/wp\/v2\/posts\/8165\/revisions\/8228"}],"wp:featuredmedia":[{"embeddable":true,"href":"https:\/\/assecobs.pl\/blog\/wp-json\/wp\/v2\/media\/7636"}],"wp:attachment":[{"href":"https:\/\/assecobs.pl\/blog\/wp-json\/wp\/v2\/media?parent=8165"}],"wp:term":[{"taxonomy":"category","embeddable":true,"href":"https:\/\/assecobs.pl\/blog\/wp-json\/wp\/v2\/categories?post=8165"},{"taxonomy":"post_tag","embeddable":true,"href":"https:\/\/assecobs.pl\/blog\/wp-json\/wp\/v2\/tags?post=8165"}],"curies":[{"name":"wp","href":"https:\/\/api.w.org\/{rel}","templated":true}]}}