{"id":8658,"date":"2022-06-23T12:49:33","date_gmt":"2022-06-23T10:49:33","guid":{"rendered":"https:\/\/blog.assecobs.pl\/?p=8658"},"modified":"2022-06-23T13:56:55","modified_gmt":"2022-06-23T11:56:55","slug":"zmiany-w-ustawie-o-ppk","status":"publish","type":"post","link":"https:\/\/assecobs.pl\/blog\/zmiany-w-ustawie-o-ppk\/","title":{"rendered":"Zmiany w ustawie o PPK"},"content":{"rendered":"<p><strong>4 czerwca 2022 roku wesz\u0142a w \u017cycie ustawa z dnia 28 kwietnia 2022 r. o zasadach realizacji zada\u0144 finansowanych ze \u015brodk\u00f3w europejskich w perspektywie finansowej 2021-2027. Wprowadzi\u0142a ona zmiany m.in. w ustawie o pracowniczych planach kapita\u0142owych (PPK).<\/strong><\/p>\n<p>Zmiany te wchodz\u0105 w \u017cycie w dw\u00f3ch terminach, tj. 4 czerwca i 21 listopada 2022 r., przy czym cz\u0119\u015b\u0107 z moc\u0105 od 1 lipca 2019 r. Poni\u017cej opisano zmiany, kt\u00f3re wesz\u0142y w \u017cycie z dniem 4 czerwca 2022 roku.<\/p>\n\n<h2>1. Na\u0142o\u017cenie na podmioty niestosuj\u0105ce ustawy o PPK obowi\u0105zku informowania o tym PFR<\/h2>\n<p>Nowo dodany ust\u0119p 5c do artyku\u0142u 8 ustawy o PPK <strong>obliguje podmioty zatrudniaj\u0105ce, niestosuj\u0105ce przepis\u00f3w ustawy o PPK<\/strong> na podstawie na podstawie art. 13 ust. 1 ustawy o PPK, do <strong>przekazania do PFR o\u015bwiadczenia o spe\u0142nianiu warunk\u00f3w,<\/strong> o kt\u00f3rych mowa w art. 13 ust. 1 pkt 1 albo 2 ustawy o PPK, w sytuacji, gdy PF wezwie do zawarcia umowy o zarz\u0105dzanie PPK.<\/p>\n<h2>2. Przyst\u0105pienie do PPK osoby w wieku powy\u017cej 55 lat<\/h2>\n<p>Znowelizowane przepisy ustawy o PPK <strong>znios\u0142y wym\u00f3g posiadania okre\u015blonego okresu zatrudnienia w danym podmiocie<\/strong> <strong>zatrudniaj\u0105cym<\/strong> przez osob\u0119 zatrudnion\u0105, kt\u00f3ra uko\u0144czy\u0142a 55. rok \u017cycia i nie uko\u0144czy\u0142a 70. roku \u017cycia. W wyniku tych zmian zawarcie umowy o prowadzenie PPK w imieniu i na rzecz takiej osoby powinno nast\u0105pi\u0107 <strong>niezw\u0142ocznie po z\u0142o\u017ceniu przez ni\u0105 wniosku.<\/strong><\/p>\n<h2>3. Zawarcie umowy o PPK w imieniu i na rzecz osoby zatrudnionej w wieku do 55 lat<\/h2>\n<p>Znowelizowane przepisy nak\u0142adaj\u0105 na podmiot zatrudniaj\u0105cy <strong>obowi\u0105zek zawarcia umowy o prowadzenie PPK w imieniu i na rzecz osoby zatrudnionej,<\/strong> kt\u00f3ra uko\u0144czy\u0142a 18 lat i nie uko\u0144czy\u0142a 55. roku \u017cycia nie wcze\u015bniej ni\u017c po up\u0142ywie 14 dni zatrudnienia i nie p\u00f3\u017aniej ni\u017c do 10. dnia miesi\u0105ca nast\u0119puj\u0105cego po miesi\u0105cu, w kt\u00f3rym up\u0142yn\u0105\u0142 termin 3 miesi\u0119cy zatrudnienia, <strong>chyba \u017ce osoba ta:<\/strong><\/p>\n<ul>\n<li><strong>zadeklaruje<\/strong> przed up\u0142ywem tego terminu niedokonywanie wp\u0142at do PPK, na podstawie deklaracji z\u0142o\u017conej w formie pisemnej podmiotowi zatrudniaj\u0105cemu albo<\/li>\n<li><strong>przestanie by\u0107<\/strong> w stosunku do tego podmiotu zatrudniaj\u0105cego osob\u0105 zatrudnion\u0105.<\/li>\n<\/ul>\n<h2>4. Pierwsza wp\u0142ata do PPK uczestnika PPK<\/h2>\n<p>Znowelizowane przepisy ustawy o PPK zmieni\u0142y terminy pierwszej wp\u0142aty do PPK. Stanowi\u0105 one, \u017ce <strong>pierwsze wp\u0142aty oblicza si\u0119 i pobiera od wynagrodzenia wyp\u0142aconego uczestnikowi PPK po powstaniu stosunku prawnego<\/strong> wynikaj\u0105cego z umowy o prowadzenie PPK. Pierwsze wp\u0142aty s\u0105 dokonywane w terminie do 15. dnia miesi\u0105ca nast\u0119puj\u0105cego po miesi\u0105cu, w kt\u00f3rym zosta\u0142y obliczone i pobrane.<\/p>\n<h2>5. Wp\u0142ata dodatkowa zadeklarowana przez uczestnika PPK<\/h2>\n<p>Nowo dodany ust\u0119p 3a art. 27 okre\u015bli\u0142 termin obowi\u0105zywania deklaracji wp\u0142aty dodatkowej uczestnika PPK dokonywanej do PPK. W my\u015bl znowelizowanych przepis\u00f3w <strong>z\u0142o\u017cona przez uczestnika PPK deklaracja finansowania wp\u0142aty dodatkowej obowi\u0105zuje<\/strong> od miesi\u0105ca nast\u0119puj\u0105cego po miesi\u0105cu jej z\u0142o\u017cenia.<\/p>\n<h2>6. Termin na z\u0142o\u017cenie przez uczestnika PPK o\u015bwiadczenia o zawartych w jego imieniu i na jego rzecz umowach o prowadzenie PPK<\/h2>\n<p>Znowelizowane przepisy zmieni\u0142y termin, w jakim uczestnik PPK mo\u017ce <strong>poinformowa\u0107 pracodawc\u0119, w formie o\u015bwiadczenia,<\/strong> o wcze\u015bniejszych umowach o prowadzenie PPK zawartych w jego imieniu i na jego rzecz. Dotychczasowe przepisy umo\u017cliwia\u0142y osobie zatrudnionej dokonanie tej czynno\u015bci w terminie 7 dni liczonych po up\u0142ywie 10 dni miesi\u0105ca nast\u0119puj\u0105cego po miesi\u0105cu, w kt\u00f3rym up\u0142yn\u0105\u0142 termin 3 miesi\u0119cy zatrudnienia. Obecnie takie <strong>o\u015bwiadczenie mo\u017ce by\u0107 z\u0142o\u017cone przez uczestnika PPK w terminie 7 dni<\/strong> od dnia zawarcia w jego imieniu i na jego rzecz umowy o prowadzenie PPK przez obecnego pracodawc\u0119.<\/p>\n<h2>7. Uprawnienia PFR do wykorzystywania danych z ewidencji PPK<\/h2>\n<p>Nowelizacja doprecyzowa\u0142a kwesti\u0119 mo\u017cliwo\u015bci rozpowszechniania przez Polski Fundusz Rozwoju (PFR) wynik\u00f3w analiz statystycznych danych z ewidencji PPK i udost\u0119pniania ich podmiotom. <strong>Wy\u0142\u0105czeniu z upubliczniania lub udost\u0119pniania podlegaj\u0105 informacje, kt\u00f3re umo\u017cliwia\u0142yby identyfikacj\u0119 podmiotu zatrudniaj\u0105cego b\u0105d\u017a uczestnika PPK.<\/strong><br \/>\nZ dniem 21 listopada 2022 roku wejd\u0105 w \u017cycie zmiany w ustawie o PPK, kt\u00f3re b\u0119d\u0105 regulowa\u0142y zwroty nienale\u017cnie dokonanych wp\u0142at.<\/p>\n<p><strong>Procedura zwrotu wp\u0142at nienale\u017cnych b\u0119dzie uzale\u017cniona od tego, czy za te wp\u0142aty zosta\u0142y nabyte jednostki<\/strong> uczestnictwa funduszu inwestycyjnego b\u0105d\u017a ubezpieczeniowego funduszu kapita\u0142owego lub czy te wp\u0142aty zosta\u0142y przeliczone na jednostki rozrachunkowe funduszu emerytalnego.<\/p>\n<p>Je\u015bli tak si\u0119 sta\u0142o, w\u00f3wczas instytucja finansowa, niezw\u0142ocznie po powzi\u0119ciu informacji o nienale\u017cnych wp\u0142atach, <strong>odkupi lub umorzy te jednostki uczestnictwa lub te jednostki rozrachunkowe<\/strong> w zakresie, w jakim wp\u0142aty okaza\u0142y si\u0119 nienale\u017cne, bez konieczno\u015bci z\u0142o\u017cenia \u017c\u0105dania odkupienia lub umorzenia tych jednostek przez t\u0119 osob\u0119. W takiej sytuacji <strong>instytucja finansowa w terminie 3 dni roboczych od dnia odkupienia lub umorzenia tych jednostek, dokona zwrotu:<\/strong><\/p>\n<ul>\n<li><strong>osobie zatrudnionej<\/strong> \u2013 \u015brodk\u00f3w pieni\u0119\u017cnych pochodz\u0105cych z odkupienia jednostek uczestnictwa lub umorzenia jednostek rozrachunkowych nabytych lub przeliczonych z wp\u0142at finansowanych przez t\u0119 osob\u0119, na jej rachunek bankowy, a je\u017celi instytucja finansowa nie posiada informacji o tym rachunku \u2013 na rachunek bankowy pracodawcy;<\/li>\n<li><strong>pracodawcy<\/strong> \u2013 \u015brodk\u00f3w pieni\u0119\u017cnych pochodz\u0105cych z odkupienia jednostek uczestnictwa lub umorzenia jednostek rozrachunkowych nabytych lub przeliczonych z wp\u0142at finansowanych przez pracodawc\u0119, na jego rachunek bankowy;<\/li>\n<li><strong>Funduszowi Pracy<\/strong> \u2013 \u015brodk\u00f3w pieni\u0119\u017cnych pochodz\u0105cych z odkupienia tych jednostek uczestnictwa lub umorzenia jednostek rozrachunkowych nabytych lub przeliczonych z wp\u0142aty powitalnej lub dop\u0142at rocznych, za po\u015brednictwem PFR, na rachunek wskazany przez ministra w\u0142a\u015bciwego do spraw pracy.<\/li>\n<\/ul>\n<p>Je\u015bli kwota pochodz\u0105ca z odkupienia jednostek uczestnictwa lub umorzenia jednostek rozrachunkowych nabytych lub przeliczonych z wp\u0142at finansowanych przez osob\u0119 zatrudnion\u0105, <strong>trafi na rachunek bankowy pracodawcy,<\/strong> w\u00f3wczas ten ostatni <strong>jest zobowi\u0105zany<\/strong> niezw\u0142ocznie \u2013 nie p\u00f3\u017aniej ni\u017c w terminie 5 dni roboczych, licz\u0105c od dnia otrzymania tej kwoty \u2013 <strong>przekaza\u0107 t\u0119 kwot\u0119 danej osobie.<\/strong><\/p>\n<p><strong>W przypadku wp\u0142at nienale\u017cnych, za kt\u00f3re nie nabyto jednostek uczestnictwa, instytucja finansowa zwraca je finansuj\u0105cemu dan\u0105 wp\u0142at\u0119, czyli:<\/strong><\/p>\n<ul>\n<li><strong>osobie zatrudnionej<\/strong> \u2013 przy czym zwrotu dokonuje na jej rachunek bankowy, a je\u017celi instytucja finansowa nie posiada informacji o numerze tego rachunku \u2013 na rachunek bankowy pracodawcy, kt\u00f3ry w terminie 5 dni od jej otrzymania ma obowi\u0105zek przekaza\u0107 j\u0105 tej osobie;<\/li>\n<li><strong>pracodawcy<\/strong> \u2013 przy czym zwrotu dokonuje si\u0119 na jego rachunek bankowy.<br \/>\nInstytucja finansowa zobowi\u0105zana b\u0119dzie uczyni\u0107 to niezw\u0142ocznie, nie p\u00f3\u017aniej ni\u017c w terminie 3 dni roboczych po powzi\u0119ciu informacji o tym, \u017ce wp\u0142aty okaza\u0142y si\u0119 nienale\u017cne.<\/li>\n<\/ul>\n<p><strong>Informacje o dokonanych zwrotach wp\u0142at, kt\u00f3re okaza\u0142y si\u0119 nienale\u017cne w ca\u0142o\u015bci lub w cz\u0119\u015bci, ze wskazaniem kwoty zwrotu w podziale na zwrot z wp\u0142at osoby, na rzecz kt\u00f3rej dokonano zwrotu, podmiotu zatrudniaj\u0105cego oraz wp\u0142aty powitalnej i dop\u0142at rocznych, b\u0119d\u0105 musia\u0142y znale\u017a\u0107 si\u0119 w ewidencji PPK.<\/strong><\/p>\n","protected":false},"excerpt":{"rendered":"<p>Zmiany w PPK wchodz\u0105 w \u017cycie w dw\u00f3ch terminach, tj. 4 czerwca i 21 listopada 2022 r., a niekt\u00f3re z moc\u0105 od 1 lipca 2019 r. Opisujemy zmiany, kt\u00f3re wesz\u0142y w \u017cycie z dniem 4 czerwca 2022 roku.<\/p>\n","protected":false},"author":9,"featured_media":8664,"comment_status":"closed","ping_status":"closed","sticky":false,"template":"","format":"standard","meta":{"_acf_changed":false,"inline_featured_image":false,"footnotes":""},"categories":[120,113],"tags":[243,112,116,117],"class_list":{"0":"post-8658","1":"post","2":"type-post","3":"status-publish","4":"format-standard","5":"has-post-thumbnail","7":"category-hr","8":"category-zmiany-prawne","9":"tag-ppk","10":"tag-softlab","11":"tag-macrologic","12":"tag-wapro"},"acf":[],"yoast_head":"<!-- This site is optimized with the Yoast SEO plugin v27.2 - https:\/\/yoast.com\/product\/yoast-seo-wordpress\/ -->\n<title>Zmiany w ustawie o PPK - Zmiany prawne<\/title>\n<meta name=\"description\" content=\"Zmiany w PPK wchodz\u0105 w \u017cycie w dw\u00f3ch terminach, tj. 4 czerwca i 21 listopada 2022 r., a niekt\u00f3re z moc\u0105 od 1 lipca 2019 r. Opisujemy zmiany, kt\u00f3re wesz\u0142y w \u017cycie z dniem 4 czerwca 2022 roku.\" \/>\n<meta name=\"robots\" content=\"index, follow, max-snippet:-1, max-image-preview:large, max-video-preview:-1\" \/>\n<link rel=\"canonical\" href=\"https:\/\/assecobs.pl\/blog\/zmiany-w-ustawie-o-ppk\/\" \/>\n<meta property=\"og:locale\" content=\"pl_PL\" \/>\n<meta property=\"og:type\" content=\"article\" \/>\n<meta property=\"og:title\" content=\"Zmiany w ustawie o PPK - Zmiany prawne\" \/>\n<meta property=\"og:description\" content=\"Zmiany w PPK wchodz\u0105 w \u017cycie w dw\u00f3ch terminach, tj. 4 czerwca i 21 listopada 2022 r., a niekt\u00f3re z moc\u0105 od 1 lipca 2019 r. Opisujemy zmiany, kt\u00f3re wesz\u0142y w \u017cycie z dniem 4 czerwca 2022 roku.\" \/>\n<meta property=\"og:url\" content=\"https:\/\/assecobs.pl\/blog\/zmiany-w-ustawie-o-ppk\/\" \/>\n<meta property=\"og:site_name\" content=\"Blog Asseco BS\" \/>\n<meta property=\"article:publisher\" content=\"https:\/\/www.facebook.com\/erpbyasseco\/\" \/>\n<meta property=\"article:published_time\" content=\"2022-06-23T10:49:33+00:00\" \/>\n<meta property=\"article:modified_time\" content=\"2022-06-23T11:56:55+00:00\" \/>\n<meta property=\"og:image\" content=\"https:\/\/assecobs.pl\/blog\/wp-content\/uploads\/sites\/14\/2022\/06\/ppk.jpg\" \/>\n\t<meta property=\"og:image:width\" content=\"1170\" \/>\n\t<meta property=\"og:image:height\" content=\"515\" \/>\n\t<meta property=\"og:image:type\" content=\"image\/jpeg\" \/>\n<meta name=\"author\" content=\"Anna Klepka-Zakrzewska\" \/>\n<meta name=\"twitter:card\" content=\"summary_large_image\" \/>\n<meta name=\"twitter:creator\" content=\"@asseco_bs\" \/>\n<meta name=\"twitter:site\" content=\"@asseco_bs\" \/>\n<meta name=\"twitter:label1\" content=\"Napisane przez\" \/>\n\t<meta name=\"twitter:data1\" content=\"Anna Klepka-Zakrzewska\" \/>\n\t<meta name=\"twitter:label2\" content=\"Szacowany czas czytania\" \/>\n\t<meta name=\"twitter:data2\" content=\"7 minut\" \/>\n<script type=\"application\/ld+json\" class=\"yoast-schema-graph\">{\"@context\":\"https:\/\/schema.org\",\"@graph\":[{\"@type\":\"Article\",\"@id\":\"https:\/\/assecobs.pl\/blog\/zmiany-w-ustawie-o-ppk\/#article\",\"isPartOf\":{\"@id\":\"https:\/\/assecobs.pl\/blog\/zmiany-w-ustawie-o-ppk\/\"},\"author\":{\"name\":\"Anna Klepka-Zakrzewska\",\"@id\":\"https:\/\/assecobs.pl\/blog\/#\/schema\/person\/3070ce73e6544e9492af11ffa925e2a9\"},\"headline\":\"Zmiany w ustawie o PPK\",\"datePublished\":\"2022-06-23T10:49:33+00:00\",\"dateModified\":\"2022-06-23T11:56:55+00:00\",\"mainEntityOfPage\":{\"@id\":\"https:\/\/assecobs.pl\/blog\/zmiany-w-ustawie-o-ppk\/\"},\"wordCount\":1153,\"publisher\":{\"@id\":\"https:\/\/assecobs.pl\/blog\/#organization\"},\"image\":{\"@id\":\"https:\/\/assecobs.pl\/blog\/zmiany-w-ustawie-o-ppk\/#primaryimage\"},\"thumbnailUrl\":\"https:\/\/assecobs.pl\/blog\/wp-content\/uploads\/sites\/14\/2022\/06\/ppk.jpg?wsr\",\"keywords\":[\"PPK\",\"Softlab\",\"Macrologic\",\"Wapro\"],\"articleSection\":[\"HR\",\"Zmiany prawne\"],\"inLanguage\":\"pl-PL\"},{\"@type\":\"WebPage\",\"@id\":\"https:\/\/assecobs.pl\/blog\/zmiany-w-ustawie-o-ppk\/\",\"url\":\"https:\/\/assecobs.pl\/blog\/zmiany-w-ustawie-o-ppk\/\",\"name\":\"Zmiany w ustawie o PPK - Zmiany prawne\",\"isPartOf\":{\"@id\":\"https:\/\/assecobs.pl\/blog\/#website\"},\"primaryImageOfPage\":{\"@id\":\"https:\/\/assecobs.pl\/blog\/zmiany-w-ustawie-o-ppk\/#primaryimage\"},\"image\":{\"@id\":\"https:\/\/assecobs.pl\/blog\/zmiany-w-ustawie-o-ppk\/#primaryimage\"},\"thumbnailUrl\":\"https:\/\/assecobs.pl\/blog\/wp-content\/uploads\/sites\/14\/2022\/06\/ppk.jpg?wsr\",\"datePublished\":\"2022-06-23T10:49:33+00:00\",\"dateModified\":\"2022-06-23T11:56:55+00:00\",\"description\":\"Zmiany w PPK wchodz\u0105 w \u017cycie w dw\u00f3ch terminach, tj. 4 czerwca i 21 listopada 2022 r., a niekt\u00f3re z moc\u0105 od 1 lipca 2019 r. Opisujemy zmiany, kt\u00f3re wesz\u0142y w \u017cycie z dniem 4 czerwca 2022 roku.\",\"breadcrumb\":{\"@id\":\"https:\/\/assecobs.pl\/blog\/zmiany-w-ustawie-o-ppk\/#breadcrumb\"},\"inLanguage\":\"pl-PL\",\"potentialAction\":[{\"@type\":\"ReadAction\",\"target\":[\"https:\/\/assecobs.pl\/blog\/zmiany-w-ustawie-o-ppk\/\"]}]},{\"@type\":\"ImageObject\",\"inLanguage\":\"pl-PL\",\"@id\":\"https:\/\/assecobs.pl\/blog\/zmiany-w-ustawie-o-ppk\/#primaryimage\",\"url\":\"https:\/\/assecobs.pl\/blog\/wp-content\/uploads\/sites\/14\/2022\/06\/ppk.jpg?wsr\",\"contentUrl\":\"https:\/\/assecobs.pl\/blog\/wp-content\/uploads\/sites\/14\/2022\/06\/ppk.jpg?wsr\",\"width\":1170,\"height\":515},{\"@type\":\"BreadcrumbList\",\"@id\":\"https:\/\/assecobs.pl\/blog\/zmiany-w-ustawie-o-ppk\/#breadcrumb\",\"itemListElement\":[{\"@type\":\"ListItem\",\"position\":1,\"name\":\"Strona g\u0142\u00f3wna\",\"item\":\"https:\/\/assecobs.pl\/blog\/\"},{\"@type\":\"ListItem\",\"position\":2,\"name\":\"Zmiany w&nbsp;ustawie o&nbsp;PPK\"}]},{\"@type\":\"WebSite\",\"@id\":\"https:\/\/assecobs.pl\/blog\/#website\",\"url\":\"https:\/\/assecobs.pl\/blog\/\",\"name\":\"Blog Asseco BS\",\"description\":\"\",\"publisher\":{\"@id\":\"https:\/\/assecobs.pl\/blog\/#organization\"},\"potentialAction\":[{\"@type\":\"SearchAction\",\"target\":{\"@type\":\"EntryPoint\",\"urlTemplate\":\"https:\/\/assecobs.pl\/blog\/?s={search_term_string}\"},\"query-input\":{\"@type\":\"PropertyValueSpecification\",\"valueRequired\":true,\"valueName\":\"search_term_string\"}}],\"inLanguage\":\"pl-PL\"},{\"@type\":\"Organization\",\"@id\":\"https:\/\/assecobs.pl\/blog\/#organization\",\"name\":\"Asseco Business Solutions\",\"url\":\"https:\/\/assecobs.pl\/blog\/\",\"logo\":{\"@type\":\"ImageObject\",\"inLanguage\":\"pl-PL\",\"@id\":\"https:\/\/assecobs.pl\/blog\/#\/schema\/logo\/image\/\",\"url\":\"https:\/\/assecobs.pl\/blog\/wp-content\/uploads\/sites\/14\/2020\/01\/abs-logo-user.jpg\",\"contentUrl\":\"https:\/\/assecobs.pl\/blog\/wp-content\/uploads\/sites\/14\/2020\/01\/abs-logo-user.jpg\",\"width\":250,\"height\":251,\"caption\":\"Asseco Business Solutions\"},\"image\":{\"@id\":\"https:\/\/assecobs.pl\/blog\/#\/schema\/logo\/image\/\"},\"sameAs\":[\"https:\/\/www.facebook.com\/erpbyasseco\/\",\"https:\/\/x.com\/asseco_bs\",\"https:\/\/pl.linkedin.com\/company\/asseco-business-solutions-sa\",\"https:\/\/www.youtube.com\/channel\/UCCU4su9i0ZMIrsS0P0bkYOA\/featured\",\"https:\/\/pl.wikipedia.org\/wiki\/Asseco_Business_Solutions\"]},{\"@type\":\"Person\",\"@id\":\"https:\/\/assecobs.pl\/blog\/#\/schema\/person\/3070ce73e6544e9492af11ffa925e2a9\",\"name\":\"Anna Klepka-Zakrzewska\",\"image\":{\"@type\":\"ImageObject\",\"inLanguage\":\"pl-PL\",\"@id\":\"https:\/\/assecobs.pl\/blog\/wp-content\/uploads\/sites\/14\/2025\/01\/annaklepka-blog-150x150.png?wsr\",\"url\":\"https:\/\/assecobs.pl\/blog\/wp-content\/uploads\/sites\/14\/2025\/01\/annaklepka-blog-150x150.png?wsr\",\"contentUrl\":\"https:\/\/assecobs.pl\/blog\/wp-content\/uploads\/sites\/14\/2025\/01\/annaklepka-blog-150x150.png?wsr\",\"caption\":\"Anna Klepka-Zakrzewska\"},\"description\":\"Szefowa zespo\u0142u w Wydziale Zapewnienia Jako\u015bci System\u00f3w ERP w Dziale Produkcji System\u00f3w ERP Asseco Business Solutions S.A.\",\"url\":\"https:\/\/assecobs.pl\/blog\/author\/annaklepka\/\"}]}<\/script>\n<!-- \/ Yoast SEO plugin. -->","yoast_head_json":{"title":"Zmiany w ustawie o PPK - Zmiany prawne","description":"Zmiany w PPK wchodz\u0105 w \u017cycie w dw\u00f3ch terminach, tj. 4 czerwca i 21 listopada 2022 r., a niekt\u00f3re z moc\u0105 od 1 lipca 2019 r. Opisujemy zmiany, kt\u00f3re wesz\u0142y w \u017cycie z dniem 4 czerwca 2022 roku.","robots":{"index":"index","follow":"follow","max-snippet":"max-snippet:-1","max-image-preview":"max-image-preview:large","max-video-preview":"max-video-preview:-1"},"canonical":"https:\/\/assecobs.pl\/blog\/zmiany-w-ustawie-o-ppk\/","og_locale":"pl_PL","og_type":"article","og_title":"Zmiany w ustawie o PPK - Zmiany prawne","og_description":"Zmiany w PPK wchodz\u0105 w \u017cycie w dw\u00f3ch terminach, tj. 4 czerwca i 21 listopada 2022 r., a niekt\u00f3re z moc\u0105 od 1 lipca 2019 r. Opisujemy zmiany, kt\u00f3re wesz\u0142y w \u017cycie z dniem 4 czerwca 2022 roku.","og_url":"https:\/\/assecobs.pl\/blog\/zmiany-w-ustawie-o-ppk\/","og_site_name":"Blog Asseco BS","article_publisher":"https:\/\/www.facebook.com\/erpbyasseco\/","article_published_time":"2022-06-23T10:49:33+00:00","article_modified_time":"2022-06-23T11:56:55+00:00","og_image":[{"width":1170,"height":515,"url":"https:\/\/assecobs.pl\/blog\/wp-content\/uploads\/sites\/14\/2022\/06\/ppk.jpg","type":"image\/jpeg"}],"author":"Anna Klepka-Zakrzewska","twitter_card":"summary_large_image","twitter_creator":"@asseco_bs","twitter_site":"@asseco_bs","twitter_misc":{"Napisane przez":"Anna Klepka-Zakrzewska","Szacowany czas czytania":"7 minut"},"schema":{"@context":"https:\/\/schema.org","@graph":[{"@type":"Article","@id":"https:\/\/assecobs.pl\/blog\/zmiany-w-ustawie-o-ppk\/#article","isPartOf":{"@id":"https:\/\/assecobs.pl\/blog\/zmiany-w-ustawie-o-ppk\/"},"author":{"name":"Anna Klepka-Zakrzewska","@id":"https:\/\/assecobs.pl\/blog\/#\/schema\/person\/3070ce73e6544e9492af11ffa925e2a9"},"headline":"Zmiany w ustawie o PPK","datePublished":"2022-06-23T10:49:33+00:00","dateModified":"2022-06-23T11:56:55+00:00","mainEntityOfPage":{"@id":"https:\/\/assecobs.pl\/blog\/zmiany-w-ustawie-o-ppk\/"},"wordCount":1153,"publisher":{"@id":"https:\/\/assecobs.pl\/blog\/#organization"},"image":{"@id":"https:\/\/assecobs.pl\/blog\/zmiany-w-ustawie-o-ppk\/#primaryimage"},"thumbnailUrl":"https:\/\/assecobs.pl\/blog\/wp-content\/uploads\/sites\/14\/2022\/06\/ppk.jpg?wsr","keywords":["PPK","Softlab","Macrologic","Wapro"],"articleSection":["HR","Zmiany prawne"],"inLanguage":"pl-PL"},{"@type":"WebPage","@id":"https:\/\/assecobs.pl\/blog\/zmiany-w-ustawie-o-ppk\/","url":"https:\/\/assecobs.pl\/blog\/zmiany-w-ustawie-o-ppk\/","name":"Zmiany w ustawie o PPK - Zmiany prawne","isPartOf":{"@id":"https:\/\/assecobs.pl\/blog\/#website"},"primaryImageOfPage":{"@id":"https:\/\/assecobs.pl\/blog\/zmiany-w-ustawie-o-ppk\/#primaryimage"},"image":{"@id":"https:\/\/assecobs.pl\/blog\/zmiany-w-ustawie-o-ppk\/#primaryimage"},"thumbnailUrl":"https:\/\/assecobs.pl\/blog\/wp-content\/uploads\/sites\/14\/2022\/06\/ppk.jpg?wsr","datePublished":"2022-06-23T10:49:33+00:00","dateModified":"2022-06-23T11:56:55+00:00","description":"Zmiany w PPK wchodz\u0105 w \u017cycie w dw\u00f3ch terminach, tj. 4 czerwca i 21 listopada 2022 r., a niekt\u00f3re z moc\u0105 od 1 lipca 2019 r. Opisujemy zmiany, kt\u00f3re wesz\u0142y w \u017cycie z dniem 4 czerwca 2022 roku.","breadcrumb":{"@id":"https:\/\/assecobs.pl\/blog\/zmiany-w-ustawie-o-ppk\/#breadcrumb"},"inLanguage":"pl-PL","potentialAction":[{"@type":"ReadAction","target":["https:\/\/assecobs.pl\/blog\/zmiany-w-ustawie-o-ppk\/"]}]},{"@type":"ImageObject","inLanguage":"pl-PL","@id":"https:\/\/assecobs.pl\/blog\/zmiany-w-ustawie-o-ppk\/#primaryimage","url":"https:\/\/assecobs.pl\/blog\/wp-content\/uploads\/sites\/14\/2022\/06\/ppk.jpg?wsr","contentUrl":"https:\/\/assecobs.pl\/blog\/wp-content\/uploads\/sites\/14\/2022\/06\/ppk.jpg?wsr","width":1170,"height":515},{"@type":"BreadcrumbList","@id":"https:\/\/assecobs.pl\/blog\/zmiany-w-ustawie-o-ppk\/#breadcrumb","itemListElement":[{"@type":"ListItem","position":1,"name":"Strona g\u0142\u00f3wna","item":"https:\/\/assecobs.pl\/blog\/"},{"@type":"ListItem","position":2,"name":"Zmiany w&nbsp;ustawie o&nbsp;PPK"}]},{"@type":"WebSite","@id":"https:\/\/assecobs.pl\/blog\/#website","url":"https:\/\/assecobs.pl\/blog\/","name":"Blog Asseco BS","description":"","publisher":{"@id":"https:\/\/assecobs.pl\/blog\/#organization"},"potentialAction":[{"@type":"SearchAction","target":{"@type":"EntryPoint","urlTemplate":"https:\/\/assecobs.pl\/blog\/?s={search_term_string}"},"query-input":{"@type":"PropertyValueSpecification","valueRequired":true,"valueName":"search_term_string"}}],"inLanguage":"pl-PL"},{"@type":"Organization","@id":"https:\/\/assecobs.pl\/blog\/#organization","name":"Asseco Business Solutions","url":"https:\/\/assecobs.pl\/blog\/","logo":{"@type":"ImageObject","inLanguage":"pl-PL","@id":"https:\/\/assecobs.pl\/blog\/#\/schema\/logo\/image\/","url":"https:\/\/assecobs.pl\/blog\/wp-content\/uploads\/sites\/14\/2020\/01\/abs-logo-user.jpg","contentUrl":"https:\/\/assecobs.pl\/blog\/wp-content\/uploads\/sites\/14\/2020\/01\/abs-logo-user.jpg","width":250,"height":251,"caption":"Asseco Business Solutions"},"image":{"@id":"https:\/\/assecobs.pl\/blog\/#\/schema\/logo\/image\/"},"sameAs":["https:\/\/www.facebook.com\/erpbyasseco\/","https:\/\/x.com\/asseco_bs","https:\/\/pl.linkedin.com\/company\/asseco-business-solutions-sa","https:\/\/www.youtube.com\/channel\/UCCU4su9i0ZMIrsS0P0bkYOA\/featured","https:\/\/pl.wikipedia.org\/wiki\/Asseco_Business_Solutions"]},{"@type":"Person","@id":"https:\/\/assecobs.pl\/blog\/#\/schema\/person\/3070ce73e6544e9492af11ffa925e2a9","name":"Anna Klepka-Zakrzewska","image":{"@type":"ImageObject","inLanguage":"pl-PL","@id":"https:\/\/assecobs.pl\/blog\/wp-content\/uploads\/sites\/14\/2025\/01\/annaklepka-blog-150x150.png?wsr","url":"https:\/\/assecobs.pl\/blog\/wp-content\/uploads\/sites\/14\/2025\/01\/annaklepka-blog-150x150.png?wsr","contentUrl":"https:\/\/assecobs.pl\/blog\/wp-content\/uploads\/sites\/14\/2025\/01\/annaklepka-blog-150x150.png?wsr","caption":"Anna Klepka-Zakrzewska"},"description":"Szefowa zespo\u0142u w Wydziale Zapewnienia Jako\u015bci System\u00f3w ERP w Dziale Produkcji System\u00f3w ERP Asseco Business Solutions S.A.","url":"https:\/\/assecobs.pl\/blog\/author\/annaklepka\/"}]}},"_links":{"self":[{"href":"https:\/\/assecobs.pl\/blog\/wp-json\/wp\/v2\/posts\/8658","targetHints":{"allow":["GET"]}}],"collection":[{"href":"https:\/\/assecobs.pl\/blog\/wp-json\/wp\/v2\/posts"}],"about":[{"href":"https:\/\/assecobs.pl\/blog\/wp-json\/wp\/v2\/types\/post"}],"author":[{"embeddable":true,"href":"https:\/\/assecobs.pl\/blog\/wp-json\/wp\/v2\/users\/9"}],"replies":[{"embeddable":true,"href":"https:\/\/assecobs.pl\/blog\/wp-json\/wp\/v2\/comments?post=8658"}],"version-history":[{"count":7,"href":"https:\/\/assecobs.pl\/blog\/wp-json\/wp\/v2\/posts\/8658\/revisions"}],"predecessor-version":[{"id":8667,"href":"https:\/\/assecobs.pl\/blog\/wp-json\/wp\/v2\/posts\/8658\/revisions\/8667"}],"wp:featuredmedia":[{"embeddable":true,"href":"https:\/\/assecobs.pl\/blog\/wp-json\/wp\/v2\/media\/8664"}],"wp:attachment":[{"href":"https:\/\/assecobs.pl\/blog\/wp-json\/wp\/v2\/media?parent=8658"}],"wp:term":[{"taxonomy":"category","embeddable":true,"href":"https:\/\/assecobs.pl\/blog\/wp-json\/wp\/v2\/categories?post=8658"},{"taxonomy":"post_tag","embeddable":true,"href":"https:\/\/assecobs.pl\/blog\/wp-json\/wp\/v2\/tags?post=8658"}],"curies":[{"name":"wp","href":"https:\/\/api.w.org\/{rel}","templated":true}]}}