{"id":9182,"date":"2022-11-08T09:29:04","date_gmt":"2022-11-08T08:29:04","guid":{"rendered":"https:\/\/blog.assecobs.pl\/?p=9182"},"modified":"2022-11-08T12:27:18","modified_gmt":"2022-11-08T11:27:18","slug":"asseco-erp-vision-day-2022-wideorelacja","status":"publish","type":"post","link":"https:\/\/assecobs.pl\/blog\/asseco-erp-vision-day-2022-wideorelacja\/","title":{"rendered":"Asseco ERP Vision Day 2022 &#8211; wideorelacja"},"content":{"rendered":"<p><strong>Asseco ERP Vision Day 2022 ju\u017c za nami! 13 pa\u017adziernika 2022 w Fabryce Norblina w\u00a0 Warszawie kluczowi klienci, partnerzy (i oczywi\u015bcie pracownicy) Asseco spotkali si\u0119, by pozna\u0107 trendy technologiczne i wizj\u0119 (ju\u017c realizowan\u0105) system\u00f3w ERP, kt\u00f3re otwieraj\u0105 firmom drog\u0119 do #rozwojubezogranicze\u0144.<\/strong><\/p>\n<p><iframe loading=\"lazy\" title=\"YouTube video player\" src=\"https:\/\/www.youtube.com\/embed\/OHhRt26X8-4\" width=\"560\" height=\"315\" frameborder=\"0\" allowfullscreen=\"allowfullscreen\"><\/iframe><\/p>\n<h2>Co si\u0119 dzia\u0142o?<\/h2>\n<p>Podczas konferencji <strong>dr Maciej Kawecki<\/strong> opowiedzia\u0142 o technologii przysz\u0142o\u015bci, kt\u00f3ra zmienia \u017cycie ju\u017c teraz. <strong>Dariusz Ku\u015bmierek, Dawid Baranowski i Krzysztof Stachyra<\/strong> przedstawili kierunki, w kt\u00f3rych rozwijamy systemy Softlab, Macrologic i Wapro:<\/p>\n<h3><a href=\"https:\/\/assecobs.pl\/asseco-anywhere\/\">Anywhere<\/a><\/h3>\n<p>Efektywne zarz\u0105dzanie firm\u0105 z dowolnego miejsca i urz\u0105dzenia. To mo\u017cliwe dzi\u0119ki dost\u0119powi do systemu w wersjach desktop, mobilnej, HTML oraz w chmurze niezale\u017cnie od miejsca, czasu i urz\u0105dzenia. <a href=\"https:\/\/assecobs.pl\/asseco-anywhere\/\">Dowiedz si\u0119 wi\u0119cej o Asseco Anywhere \u25ba<\/a><\/p>\n<h3><a href=\"https:\/\/assecobs.pl\/ai-w-zarzadzaniu-biznesem\/\">Genius<\/a><\/h3>\n<p>Praktyczne zastosowanie algorytm\u00f3w Sztucznej Inteligencji w zarz\u0105dzaniu biznesem. AI podpowiada dzia\u0142ania, dopasowuje interfejs do stylu pracy, powiadamia o aktywno\u015bciach, analizuje dane i automatyzuje procesy w firmie. <a href=\"https:\/\/assecobs.pl\/ai-w-zarzadzaniu-biznesem\/\">Dowiedz si\u0119 wi\u0119cej o Genius by Asseco \u25ba<\/a><\/p>\n<h3><a href=\"https:\/\/assecobs.pl\/paperless\/\">Paperless<\/a><\/h3>\n<p>Skuteczna realizacja proces\u00f3w bez papieru, czyli obs\u0142uga spraw pracowniczych, prowadzenie dokumentacji, komunikacja z urz\u0119dami, klientami i partnerami w formie cyfrowej oraz wykorzystanie danych do automatyzacji proces\u00f3w. <a href=\"https:\/\/assecobs.pl\/paperless\/\">Dowiedz si\u0119 wi\u0119cej o Paperless \u25ba<\/a><\/p>\n<h2><img loading=\"lazy\" decoding=\"async\" class=\"alignnone wp-image-9194\" src=\"https:\/\/assecobs.pl\/blog\/wp-content\/uploads\/sites\/14\/2022\/11\/3-300x169.jpg\" alt=\"\" width=\"1170\" height=\"658\" srcset=\"https:\/\/assecobs.pl\/blog\/wp-content\/uploads\/sites\/14\/2022\/11\/3-300x169.jpg 300w, https:\/\/assecobs.pl\/blog\/wp-content\/uploads\/sites\/14\/2022\/11\/3-1024x576.jpg 1024w, https:\/\/assecobs.pl\/blog\/wp-content\/uploads\/sites\/14\/2022\/11\/3-1536x864.jpg 1536w, https:\/\/assecobs.pl\/blog\/wp-content\/uploads\/sites\/14\/2022\/11\/3-1080x608.jpg 1080w, https:\/\/assecobs.pl\/blog\/wp-content\/uploads\/sites\/14\/2022\/11\/3.jpg 1919w\" sizes=\"auto, (max-width: 1170px) 100vw, 1170px\" \/>Cz\u0119\u015b\u0107 druga<\/h2>\n<p>W drugiej cz\u0119\u015bci spotkania specjali\u015bci poszczeg\u00f3lnych linii produktowych przedstawili konkretne <strong>przyk\u0142ady zastosowania Anywhere, Genius i Paperless w systemach ERP.<\/strong><\/p>\n<p>Atmosfer\u0119 podkre\u015bla\u0142a wyj\u0105tkowa <strong>przestrze\u0144 multimedialna Art Box Experience,<\/strong> zwiedzanie <strong>Muzeum Apple<\/strong> oraz koncert <strong>jazzbandu M\u0142ynarski&amp;Masecki.<\/strong><\/p>\n<p><strong>Dzi\u0119kujemy wszystkim za zainteresowanie i do zobaczenia na kolejnym spotkaniu z Asseco Business Soultions!<\/strong><\/p>\n","protected":false},"excerpt":{"rendered":"<p>Asseco ERP Vision Day 2022 ju\u017c za nami! 13 pa\u017adziernika 2022 w Fabryce Norblina w\u00a0 Warszawie kluczowi klienci, partnerzy (i oczywi\u015bcie pracownicy) Asseco spotkali si\u0119, by pozna\u0107 trendy technologiczne i wizj\u0119 (ju\u017c realizowan\u0105) system\u00f3w ERP, kt\u00f3re otwieraj\u0105 firmom drog\u0119 do #rozwojubezogranicze\u0144.<\/p>\n","protected":false},"author":6,"featured_media":9190,"comment_status":"closed","ping_status":"closed","sticky":false,"template":"","format":"standard","meta":{"_acf_changed":false,"inline_featured_image":false,"footnotes":""},"categories":[312],"tags":[269,250,46,112,116,117],"class_list":{"0":"post-9182","1":"post","2":"type-post","3":"status-publish","4":"format-standard","5":"has-post-thumbnail","7":"category-wydarzenia","8":"tag-businesslink","9":"tag-portal-hr","10":"tag-sztuczna-inteligencja","11":"tag-softlab","12":"tag-macrologic","13":"tag-wapro"},"acf":[],"yoast_head":"<!-- This site is optimized with the Yoast SEO plugin v27.2 - https:\/\/yoast.com\/product\/yoast-seo-wordpress\/ -->\n<title>Asseco ERP Vision Day 2022 - wideorelacja - Wydarzenia<\/title>\n<meta name=\"description\" content=\"Asseco ERP Vision Day 2022 ju\u017c za nami! 13 pa\u017adziernika 2022 w Fabryce Norblina w\u00a0 Warszawie kluczowi klienci, partnerzy (i oczywi\u015bcie pracownicy) Asseco spotkali si\u0119, by pozna\u0107 trendy technologiczne i wizj\u0119 (ju\u017c realizowan\u0105) system\u00f3w ERP, kt\u00f3re otwieraj\u0105 firmom drog\u0119 do #rozwojubezogranicze\u0144.\" \/>\n<meta name=\"robots\" content=\"index, follow, max-snippet:-1, max-image-preview:large, max-video-preview:-1\" \/>\n<link rel=\"canonical\" href=\"https:\/\/assecobs.pl\/blog\/asseco-erp-vision-day-2022-wideorelacja\/\" \/>\n<meta property=\"og:locale\" content=\"pl_PL\" \/>\n<meta property=\"og:type\" content=\"article\" \/>\n<meta property=\"og:title\" content=\"Asseco ERP Vision Day 2022 - wideorelacja - Wydarzenia\" \/>\n<meta property=\"og:description\" content=\"Asseco ERP Vision Day 2022 ju\u017c za nami! 13 pa\u017adziernika 2022 w Fabryce Norblina w\u00a0 Warszawie kluczowi klienci, partnerzy (i oczywi\u015bcie pracownicy) Asseco spotkali si\u0119, by pozna\u0107 trendy technologiczne i wizj\u0119 (ju\u017c realizowan\u0105) system\u00f3w ERP, kt\u00f3re otwieraj\u0105 firmom drog\u0119 do #rozwojubezogranicze\u0144.\" \/>\n<meta property=\"og:url\" content=\"https:\/\/assecobs.pl\/blog\/asseco-erp-vision-day-2022-wideorelacja\/\" \/>\n<meta property=\"og:site_name\" content=\"Blog Asseco BS\" \/>\n<meta property=\"article:publisher\" content=\"https:\/\/www.facebook.com\/erpbyasseco\/\" \/>\n<meta property=\"article:published_time\" content=\"2022-11-08T08:29:04+00:00\" \/>\n<meta property=\"article:modified_time\" content=\"2022-11-08T11:27:18+00:00\" \/>\n<meta property=\"og:image\" content=\"https:\/\/assecobs.pl\/blog\/wp-content\/uploads\/sites\/14\/2022\/11\/relacja-blog-1.jpg\" \/>\n\t<meta property=\"og:image:width\" content=\"1170\" \/>\n\t<meta property=\"og:image:height\" content=\"515\" \/>\n\t<meta property=\"og:image:type\" content=\"image\/jpeg\" \/>\n<meta name=\"author\" content=\"Zesp\u00f3\u0142 Asseco BS\" \/>\n<meta name=\"twitter:card\" content=\"summary_large_image\" \/>\n<meta name=\"twitter:creator\" content=\"@asseco_bs\" \/>\n<meta name=\"twitter:site\" content=\"@asseco_bs\" \/>\n<meta name=\"twitter:label1\" content=\"Napisane przez\" \/>\n\t<meta name=\"twitter:data1\" content=\"Zesp\u00f3\u0142 Asseco BS\" \/>\n\t<meta name=\"twitter:label2\" content=\"Szacowany czas czytania\" \/>\n\t<meta name=\"twitter:data2\" content=\"2 minuty\" \/>\n<script type=\"application\/ld+json\" class=\"yoast-schema-graph\">{\"@context\":\"https:\/\/schema.org\",\"@graph\":[{\"@type\":\"Article\",\"@id\":\"https:\/\/assecobs.pl\/blog\/asseco-erp-vision-day-2022-wideorelacja\/#article\",\"isPartOf\":{\"@id\":\"https:\/\/assecobs.pl\/blog\/asseco-erp-vision-day-2022-wideorelacja\/\"},\"author\":{\"name\":\"Zesp\u00f3\u0142 Asseco BS\",\"@id\":\"https:\/\/assecobs.pl\/blog\/#\/schema\/person\/5123d020f0d42a7906a4776f1e385f47\"},\"headline\":\"Asseco ERP Vision Day 2022 &#8211; wideorelacja\",\"datePublished\":\"2022-11-08T08:29:04+00:00\",\"dateModified\":\"2022-11-08T11:27:18+00:00\",\"mainEntityOfPage\":{\"@id\":\"https:\/\/assecobs.pl\/blog\/asseco-erp-vision-day-2022-wideorelacja\/\"},\"wordCount\":268,\"publisher\":{\"@id\":\"https:\/\/assecobs.pl\/blog\/#organization\"},\"image\":{\"@id\":\"https:\/\/assecobs.pl\/blog\/asseco-erp-vision-day-2022-wideorelacja\/#primaryimage\"},\"thumbnailUrl\":\"https:\/\/assecobs.pl\/blog\/wp-content\/uploads\/sites\/14\/2022\/11\/relacja-blog-1.jpg?wsr\",\"keywords\":[\"Businesslink\",\"Portal HR\",\"Sztuczna Inteligencja\",\"Softlab\",\"Macrologic\",\"Wapro\"],\"articleSection\":[\"Wydarzenia\"],\"inLanguage\":\"pl-PL\"},{\"@type\":\"WebPage\",\"@id\":\"https:\/\/assecobs.pl\/blog\/asseco-erp-vision-day-2022-wideorelacja\/\",\"url\":\"https:\/\/assecobs.pl\/blog\/asseco-erp-vision-day-2022-wideorelacja\/\",\"name\":\"Asseco ERP Vision Day 2022 - wideorelacja - Wydarzenia\",\"isPartOf\":{\"@id\":\"https:\/\/assecobs.pl\/blog\/#website\"},\"primaryImageOfPage\":{\"@id\":\"https:\/\/assecobs.pl\/blog\/asseco-erp-vision-day-2022-wideorelacja\/#primaryimage\"},\"image\":{\"@id\":\"https:\/\/assecobs.pl\/blog\/asseco-erp-vision-day-2022-wideorelacja\/#primaryimage\"},\"thumbnailUrl\":\"https:\/\/assecobs.pl\/blog\/wp-content\/uploads\/sites\/14\/2022\/11\/relacja-blog-1.jpg?wsr\",\"datePublished\":\"2022-11-08T08:29:04+00:00\",\"dateModified\":\"2022-11-08T11:27:18+00:00\",\"description\":\"Asseco ERP Vision Day 2022 ju\u017c za nami! 13 pa\u017adziernika 2022 w Fabryce Norblina w\u00a0 Warszawie kluczowi klienci, partnerzy (i oczywi\u015bcie pracownicy) Asseco spotkali si\u0119, by pozna\u0107 trendy technologiczne i wizj\u0119 (ju\u017c realizowan\u0105) system\u00f3w ERP, kt\u00f3re otwieraj\u0105 firmom drog\u0119 do #rozwojubezogranicze\u0144.\",\"breadcrumb\":{\"@id\":\"https:\/\/assecobs.pl\/blog\/asseco-erp-vision-day-2022-wideorelacja\/#breadcrumb\"},\"inLanguage\":\"pl-PL\",\"potentialAction\":[{\"@type\":\"ReadAction\",\"target\":[\"https:\/\/assecobs.pl\/blog\/asseco-erp-vision-day-2022-wideorelacja\/\"]}]},{\"@type\":\"ImageObject\",\"inLanguage\":\"pl-PL\",\"@id\":\"https:\/\/assecobs.pl\/blog\/asseco-erp-vision-day-2022-wideorelacja\/#primaryimage\",\"url\":\"https:\/\/assecobs.pl\/blog\/wp-content\/uploads\/sites\/14\/2022\/11\/relacja-blog-1.jpg?wsr\",\"contentUrl\":\"https:\/\/assecobs.pl\/blog\/wp-content\/uploads\/sites\/14\/2022\/11\/relacja-blog-1.jpg?wsr\",\"width\":1170,\"height\":515},{\"@type\":\"BreadcrumbList\",\"@id\":\"https:\/\/assecobs.pl\/blog\/asseco-erp-vision-day-2022-wideorelacja\/#breadcrumb\",\"itemListElement\":[{\"@type\":\"ListItem\",\"position\":1,\"name\":\"Strona g\u0142\u00f3wna\",\"item\":\"https:\/\/assecobs.pl\/blog\/\"},{\"@type\":\"ListItem\",\"position\":2,\"name\":\"Asseco ERP Vision Day 2022 &#8211; wideorelacja\"}]},{\"@type\":\"WebSite\",\"@id\":\"https:\/\/assecobs.pl\/blog\/#website\",\"url\":\"https:\/\/assecobs.pl\/blog\/\",\"name\":\"Blog Asseco BS\",\"description\":\"\",\"publisher\":{\"@id\":\"https:\/\/assecobs.pl\/blog\/#organization\"},\"potentialAction\":[{\"@type\":\"SearchAction\",\"target\":{\"@type\":\"EntryPoint\",\"urlTemplate\":\"https:\/\/assecobs.pl\/blog\/?s={search_term_string}\"},\"query-input\":{\"@type\":\"PropertyValueSpecification\",\"valueRequired\":true,\"valueName\":\"search_term_string\"}}],\"inLanguage\":\"pl-PL\"},{\"@type\":\"Organization\",\"@id\":\"https:\/\/assecobs.pl\/blog\/#organization\",\"name\":\"Asseco Business Solutions\",\"url\":\"https:\/\/assecobs.pl\/blog\/\",\"logo\":{\"@type\":\"ImageObject\",\"inLanguage\":\"pl-PL\",\"@id\":\"https:\/\/assecobs.pl\/blog\/#\/schema\/logo\/image\/\",\"url\":\"https:\/\/assecobs.pl\/blog\/wp-content\/uploads\/sites\/14\/2020\/01\/abs-logo-user.jpg\",\"contentUrl\":\"https:\/\/assecobs.pl\/blog\/wp-content\/uploads\/sites\/14\/2020\/01\/abs-logo-user.jpg\",\"width\":250,\"height\":251,\"caption\":\"Asseco Business Solutions\"},\"image\":{\"@id\":\"https:\/\/assecobs.pl\/blog\/#\/schema\/logo\/image\/\"},\"sameAs\":[\"https:\/\/www.facebook.com\/erpbyasseco\/\",\"https:\/\/x.com\/asseco_bs\",\"https:\/\/pl.linkedin.com\/company\/asseco-business-solutions-sa\",\"https:\/\/www.youtube.com\/channel\/UCCU4su9i0ZMIrsS0P0bkYOA\/featured\",\"https:\/\/pl.wikipedia.org\/wiki\/Asseco_Business_Solutions\"]},{\"@type\":\"Person\",\"@id\":\"https:\/\/assecobs.pl\/blog\/#\/schema\/person\/5123d020f0d42a7906a4776f1e385f47\",\"name\":\"Zesp\u00f3\u0142 Asseco BS\",\"image\":{\"@type\":\"ImageObject\",\"inLanguage\":\"pl-PL\",\"@id\":\"https:\/\/assecobs.pl\/blog\/wp-content\/uploads\/sites\/14\/2019\/08\/abs-blue-150x150.png?wsr\",\"url\":\"https:\/\/assecobs.pl\/blog\/wp-content\/uploads\/sites\/14\/2019\/08\/abs-blue-150x150.png?wsr\",\"contentUrl\":\"https:\/\/assecobs.pl\/blog\/wp-content\/uploads\/sites\/14\/2019\/08\/abs-blue-150x150.png?wsr\",\"caption\":\"Zesp\u00f3\u0142 Asseco BS\"},\"url\":\"https:\/\/assecobs.pl\/blog\/author\/assecobs\/\"}]}<\/script>\n<!-- \/ Yoast SEO plugin. -->","yoast_head_json":{"title":"Asseco ERP Vision Day 2022 - wideorelacja - Wydarzenia","description":"Asseco ERP Vision Day 2022 ju\u017c za nami! 13 pa\u017adziernika 2022 w Fabryce Norblina w\u00a0 Warszawie kluczowi klienci, partnerzy (i oczywi\u015bcie pracownicy) Asseco spotkali si\u0119, by pozna\u0107 trendy technologiczne i wizj\u0119 (ju\u017c realizowan\u0105) system\u00f3w ERP, kt\u00f3re otwieraj\u0105 firmom drog\u0119 do #rozwojubezogranicze\u0144.","robots":{"index":"index","follow":"follow","max-snippet":"max-snippet:-1","max-image-preview":"max-image-preview:large","max-video-preview":"max-video-preview:-1"},"canonical":"https:\/\/assecobs.pl\/blog\/asseco-erp-vision-day-2022-wideorelacja\/","og_locale":"pl_PL","og_type":"article","og_title":"Asseco ERP Vision Day 2022 - wideorelacja - Wydarzenia","og_description":"Asseco ERP Vision Day 2022 ju\u017c za nami! 13 pa\u017adziernika 2022 w Fabryce Norblina w\u00a0 Warszawie kluczowi klienci, partnerzy (i oczywi\u015bcie pracownicy) Asseco spotkali si\u0119, by pozna\u0107 trendy technologiczne i wizj\u0119 (ju\u017c realizowan\u0105) system\u00f3w ERP, kt\u00f3re otwieraj\u0105 firmom drog\u0119 do #rozwojubezogranicze\u0144.","og_url":"https:\/\/assecobs.pl\/blog\/asseco-erp-vision-day-2022-wideorelacja\/","og_site_name":"Blog Asseco BS","article_publisher":"https:\/\/www.facebook.com\/erpbyasseco\/","article_published_time":"2022-11-08T08:29:04+00:00","article_modified_time":"2022-11-08T11:27:18+00:00","og_image":[{"width":1170,"height":515,"url":"https:\/\/assecobs.pl\/blog\/wp-content\/uploads\/sites\/14\/2022\/11\/relacja-blog-1.jpg","type":"image\/jpeg"}],"author":"Zesp\u00f3\u0142 Asseco BS","twitter_card":"summary_large_image","twitter_creator":"@asseco_bs","twitter_site":"@asseco_bs","twitter_misc":{"Napisane przez":"Zesp\u00f3\u0142 Asseco BS","Szacowany czas czytania":"2 minuty"},"schema":{"@context":"https:\/\/schema.org","@graph":[{"@type":"Article","@id":"https:\/\/assecobs.pl\/blog\/asseco-erp-vision-day-2022-wideorelacja\/#article","isPartOf":{"@id":"https:\/\/assecobs.pl\/blog\/asseco-erp-vision-day-2022-wideorelacja\/"},"author":{"name":"Zesp\u00f3\u0142 Asseco BS","@id":"https:\/\/assecobs.pl\/blog\/#\/schema\/person\/5123d020f0d42a7906a4776f1e385f47"},"headline":"Asseco ERP Vision Day 2022 &#8211; wideorelacja","datePublished":"2022-11-08T08:29:04+00:00","dateModified":"2022-11-08T11:27:18+00:00","mainEntityOfPage":{"@id":"https:\/\/assecobs.pl\/blog\/asseco-erp-vision-day-2022-wideorelacja\/"},"wordCount":268,"publisher":{"@id":"https:\/\/assecobs.pl\/blog\/#organization"},"image":{"@id":"https:\/\/assecobs.pl\/blog\/asseco-erp-vision-day-2022-wideorelacja\/#primaryimage"},"thumbnailUrl":"https:\/\/assecobs.pl\/blog\/wp-content\/uploads\/sites\/14\/2022\/11\/relacja-blog-1.jpg?wsr","keywords":["Businesslink","Portal HR","Sztuczna Inteligencja","Softlab","Macrologic","Wapro"],"articleSection":["Wydarzenia"],"inLanguage":"pl-PL"},{"@type":"WebPage","@id":"https:\/\/assecobs.pl\/blog\/asseco-erp-vision-day-2022-wideorelacja\/","url":"https:\/\/assecobs.pl\/blog\/asseco-erp-vision-day-2022-wideorelacja\/","name":"Asseco ERP Vision Day 2022 - wideorelacja - Wydarzenia","isPartOf":{"@id":"https:\/\/assecobs.pl\/blog\/#website"},"primaryImageOfPage":{"@id":"https:\/\/assecobs.pl\/blog\/asseco-erp-vision-day-2022-wideorelacja\/#primaryimage"},"image":{"@id":"https:\/\/assecobs.pl\/blog\/asseco-erp-vision-day-2022-wideorelacja\/#primaryimage"},"thumbnailUrl":"https:\/\/assecobs.pl\/blog\/wp-content\/uploads\/sites\/14\/2022\/11\/relacja-blog-1.jpg?wsr","datePublished":"2022-11-08T08:29:04+00:00","dateModified":"2022-11-08T11:27:18+00:00","description":"Asseco ERP Vision Day 2022 ju\u017c za nami! 13 pa\u017adziernika 2022 w Fabryce Norblina w\u00a0 Warszawie kluczowi klienci, partnerzy (i oczywi\u015bcie pracownicy) Asseco spotkali si\u0119, by pozna\u0107 trendy technologiczne i wizj\u0119 (ju\u017c realizowan\u0105) system\u00f3w ERP, kt\u00f3re otwieraj\u0105 firmom drog\u0119 do #rozwojubezogranicze\u0144.","breadcrumb":{"@id":"https:\/\/assecobs.pl\/blog\/asseco-erp-vision-day-2022-wideorelacja\/#breadcrumb"},"inLanguage":"pl-PL","potentialAction":[{"@type":"ReadAction","target":["https:\/\/assecobs.pl\/blog\/asseco-erp-vision-day-2022-wideorelacja\/"]}]},{"@type":"ImageObject","inLanguage":"pl-PL","@id":"https:\/\/assecobs.pl\/blog\/asseco-erp-vision-day-2022-wideorelacja\/#primaryimage","url":"https:\/\/assecobs.pl\/blog\/wp-content\/uploads\/sites\/14\/2022\/11\/relacja-blog-1.jpg?wsr","contentUrl":"https:\/\/assecobs.pl\/blog\/wp-content\/uploads\/sites\/14\/2022\/11\/relacja-blog-1.jpg?wsr","width":1170,"height":515},{"@type":"BreadcrumbList","@id":"https:\/\/assecobs.pl\/blog\/asseco-erp-vision-day-2022-wideorelacja\/#breadcrumb","itemListElement":[{"@type":"ListItem","position":1,"name":"Strona g\u0142\u00f3wna","item":"https:\/\/assecobs.pl\/blog\/"},{"@type":"ListItem","position":2,"name":"Asseco ERP Vision Day 2022 &#8211; wideorelacja"}]},{"@type":"WebSite","@id":"https:\/\/assecobs.pl\/blog\/#website","url":"https:\/\/assecobs.pl\/blog\/","name":"Blog Asseco BS","description":"","publisher":{"@id":"https:\/\/assecobs.pl\/blog\/#organization"},"potentialAction":[{"@type":"SearchAction","target":{"@type":"EntryPoint","urlTemplate":"https:\/\/assecobs.pl\/blog\/?s={search_term_string}"},"query-input":{"@type":"PropertyValueSpecification","valueRequired":true,"valueName":"search_term_string"}}],"inLanguage":"pl-PL"},{"@type":"Organization","@id":"https:\/\/assecobs.pl\/blog\/#organization","name":"Asseco Business Solutions","url":"https:\/\/assecobs.pl\/blog\/","logo":{"@type":"ImageObject","inLanguage":"pl-PL","@id":"https:\/\/assecobs.pl\/blog\/#\/schema\/logo\/image\/","url":"https:\/\/assecobs.pl\/blog\/wp-content\/uploads\/sites\/14\/2020\/01\/abs-logo-user.jpg","contentUrl":"https:\/\/assecobs.pl\/blog\/wp-content\/uploads\/sites\/14\/2020\/01\/abs-logo-user.jpg","width":250,"height":251,"caption":"Asseco Business Solutions"},"image":{"@id":"https:\/\/assecobs.pl\/blog\/#\/schema\/logo\/image\/"},"sameAs":["https:\/\/www.facebook.com\/erpbyasseco\/","https:\/\/x.com\/asseco_bs","https:\/\/pl.linkedin.com\/company\/asseco-business-solutions-sa","https:\/\/www.youtube.com\/channel\/UCCU4su9i0ZMIrsS0P0bkYOA\/featured","https:\/\/pl.wikipedia.org\/wiki\/Asseco_Business_Solutions"]},{"@type":"Person","@id":"https:\/\/assecobs.pl\/blog\/#\/schema\/person\/5123d020f0d42a7906a4776f1e385f47","name":"Zesp\u00f3\u0142 Asseco BS","image":{"@type":"ImageObject","inLanguage":"pl-PL","@id":"https:\/\/assecobs.pl\/blog\/wp-content\/uploads\/sites\/14\/2019\/08\/abs-blue-150x150.png?wsr","url":"https:\/\/assecobs.pl\/blog\/wp-content\/uploads\/sites\/14\/2019\/08\/abs-blue-150x150.png?wsr","contentUrl":"https:\/\/assecobs.pl\/blog\/wp-content\/uploads\/sites\/14\/2019\/08\/abs-blue-150x150.png?wsr","caption":"Zesp\u00f3\u0142 Asseco BS"},"url":"https:\/\/assecobs.pl\/blog\/author\/assecobs\/"}]}},"_links":{"self":[{"href":"https:\/\/assecobs.pl\/blog\/wp-json\/wp\/v2\/posts\/9182","targetHints":{"allow":["GET"]}}],"collection":[{"href":"https:\/\/assecobs.pl\/blog\/wp-json\/wp\/v2\/posts"}],"about":[{"href":"https:\/\/assecobs.pl\/blog\/wp-json\/wp\/v2\/types\/post"}],"author":[{"embeddable":true,"href":"https:\/\/assecobs.pl\/blog\/wp-json\/wp\/v2\/users\/6"}],"replies":[{"embeddable":true,"href":"https:\/\/assecobs.pl\/blog\/wp-json\/wp\/v2\/comments?post=9182"}],"version-history":[{"count":10,"href":"https:\/\/assecobs.pl\/blog\/wp-json\/wp\/v2\/posts\/9182\/revisions"}],"predecessor-version":[{"id":9195,"href":"https:\/\/assecobs.pl\/blog\/wp-json\/wp\/v2\/posts\/9182\/revisions\/9195"}],"wp:featuredmedia":[{"embeddable":true,"href":"https:\/\/assecobs.pl\/blog\/wp-json\/wp\/v2\/media\/9190"}],"wp:attachment":[{"href":"https:\/\/assecobs.pl\/blog\/wp-json\/wp\/v2\/media?parent=9182"}],"wp:term":[{"taxonomy":"category","embeddable":true,"href":"https:\/\/assecobs.pl\/blog\/wp-json\/wp\/v2\/categories?post=9182"},{"taxonomy":"post_tag","embeddable":true,"href":"https:\/\/assecobs.pl\/blog\/wp-json\/wp\/v2\/tags?post=9182"}],"curies":[{"name":"wp","href":"https:\/\/api.w.org\/{rel}","templated":true}]}}