{"id":9831,"date":"2023-09-08T10:26:07","date_gmt":"2023-09-08T08:26:07","guid":{"rendered":"https:\/\/blog.assecobs.pl\/?p=9831"},"modified":"2024-06-07T13:18:13","modified_gmt":"2024-06-07T11:18:13","slug":"krajowy-system-e-faktur-ksef-wyzwania-i-korzysci","status":"publish","type":"post","link":"https:\/\/assecobs.pl\/blog\/krajowy-system-e-faktur-ksef-wyzwania-i-korzysci\/","title":{"rendered":"Krajowy System e-Faktur (KSeF) \u2013 wyzwania i korzy\u015bci"},"content":{"rendered":"<p><strong>Krajowy System e-Faktur (<a href=\"https:\/\/assecobs.pl\/erp\/krajowy-system-e-faktur-ksef\/\">KSeF<\/a>) to prawdziwa rewolucja w wystawianiu faktur i dla wielu u\u017cytkownik\u00f3w jego wdro\u017cenie mo\u017ce okaza\u0107 si\u0119 du\u017cym wyzwaniem. Ale KSeF to tak\u017ce uproszczenia oraz korzy\u015bci dla podatnik\u00f3w.<\/strong><\/p>\n\n<h2>G\u0142\u00f3wne wyzwania zwi\u0105zane z KSeF<\/h2>\n<p>KSeF niesie za sob\u0105 konieczno\u015b\u0107 <strong>zmiany proces\u00f3w wystawiania i <a href=\"https:\/\/assecobs.pl\/businesscloud\/seod-obieg-dokumentow\/\">obiegu faktur sprzeda\u017cowych i zakupowych<\/a><\/strong>.<\/p>\n<p>W przypadku faktur sprzeda\u017cowych oznacza to <strong>zapewnienie dost\u0119pu do informacji, kt\u00f3re s\u0105 obowi\u0105zkowe w KSeF<\/strong>, jak r\u00f3wnie\u017c <strong>wprowadzenie wewn\u0119trznej walidacji faktur KSeF<\/strong>. Warto r\u00f3wnie\u017c zaadresowa\u0107 potrzeb\u0119 uzgodnienia z kontrahentami sposobu prezentowania dodatkowych informacji na fakturach wobec braku mo\u017cliwo\u015bci wysy\u0142ania za\u0142\u0105cznik\u00f3w przez KSeF. Nie zapominajmy przy tym o <strong>konieczno\u015bci dostosowania procedur z kontrahentami<\/strong>, w tym w szczeg\u00f3lno\u015bci w przypadkach dzia\u0142ania w trybie offline lub awarii.<\/p>\n<p>Wyzwaniem b\u0119dzie r\u00f3wnie\u017c <strong>w\u0142a\u015bciwa identyfikacja faktur sprzeda\u017cowych<\/strong>, kt\u00f3re powinny znale\u017a\u0107 si\u0119 w KSeF i tych, kt\u00f3re s\u0105 z obowi\u0105zku KSeF wy\u0142\u0105czone, w szczeg\u00f3lno\u015bci faktur na rzecz os\u00f3b nie prowadz\u0105cych dzia\u0142alno\u015bci gospodarczej.<\/p>\n<p>Podatnicy musz\u0105 tak\u017ce zapewni\u0107 odpowiedni obieg faktur zakupowych, a co za tym idzie <strong>zagwarantowa\u0107 przep\u0142yw informacji o otrzymaniu faktur w KSeF<\/strong>. Powinni tak\u017ce uzgodni\u0107 i wdro\u017cy\u0107 spos\u00f3b identyfikacji w systemie faktur otrzymanych oraz przypisa\u0107 je do odpowiedniego centra koszt\u00f3w. Takie dzia\u0142anie mo\u017ce by\u0107 konieczne w przypadku faktur pozyskiwanych przez pracownik\u00f3w, np. w podr\u00f3\u017cach s\u0142u\u017cbowych, pochodz\u0105cych z r\u00f3\u017cnych oddzia\u0142\u00f3w firmy.<\/p>\n<p>Nie mo\u017cna tak\u017ce zapomnie\u0107 o <strong>konieczno\u015bci dostosowania dat wystawienia i otrzymania faktury w oparciu o nowe przepisy<\/strong>, w szczeg\u00f3lno\u015bci dla faktur w walutach obcych.<\/p>\n<p>R\u00f3wnie\u017c w przypadku faktur zakupowych dodatkowym wyzwaniem b\u0119dzie <strong>identyfikacja faktur, kt\u00f3re powinny by\u0107 wystawione w KSeF<\/strong>, w szczeg\u00f3lno\u015bci od podmiot\u00f3w zagranicznych, zarejestrowanych na VAT w Polsce posiadaj\u0105cych tu sta\u0142e miejsce prowadzenia dzia\u0142alno\u015bci, kt\u00f3re uczestniczy w transakcji.<\/p>\n<p><a href=\"https:\/\/assecobs.pl\/erp\/krajowy-system-e-faktur-ksef\/\" target=\"_blank\" rel=\"noopener\"><img loading=\"lazy\" decoding=\"async\" class=\"alignnone size-large wp-image-9541\" src=\"https:\/\/assecobs.pl\/blog\/wp-content\/uploads\/sites\/14\/2023\/05\/baner-blog-1024x460.png\" alt=\"\" width=\"770\" height=\"346\" srcset=\"https:\/\/assecobs.pl\/blog\/wp-content\/uploads\/sites\/14\/2023\/05\/baner-blog-1024x460.png 1024w, https:\/\/assecobs.pl\/blog\/wp-content\/uploads\/sites\/14\/2023\/05\/baner-blog-300x135.png 300w, https:\/\/assecobs.pl\/blog\/wp-content\/uploads\/sites\/14\/2023\/05\/baner-blog-1080x485.png 1080w, https:\/\/assecobs.pl\/blog\/wp-content\/uploads\/sites\/14\/2023\/05\/baner-blog.png 1266w\" sizes=\"auto, (max-width: 770px) 100vw, 770px\" \/><\/a><\/p>\n<h2>Nowe Priorytety IT<\/h2>\n<p>System KSeF wymaga uwagi w dziale IT. Jego priorytet powinien wzrosn\u0105\u0107, aby zagwarantowa\u0107 p\u0142ynne wdro\u017cenie i dostosowanie do nowych wymog\u00f3w.<\/p>\n<p><strong>Wi\u0119cej na ten temat w artykule: <\/strong><br \/>\n<a href=\"https:\/\/grantthornton.pl\/publikacja\/techniczne-wdrozenie-ksef-w-firmie-9-kluczowych-dzialan\/\">Wymagania techniczne wdro\u017cenia KSeF w firmie. 7 wymaga\u0144 i 9 kluczowych dzia\u0142a\u0144<\/a><\/p>\n<h2>Bezpiecze\u0144stwo KSeF<\/h2>\n<p>Podatnicy musz\u0105 mie\u0107 na uwadze bezpiecze\u0144stwo wdra\u017cania i korzystania z nowego systemu. KSeF b\u0119dzie miejscem przechowywania wszystkich faktur B2B wystawionych przez zarejestrowanych podatnik\u00f3w VAT posiadaj\u0105cych siedzib\u0119 lub sta\u0142e miejsce prowadzenia dzia\u0142alno\u015bci gospodarczej w Polsce. Stworzy tym samym ogromn\u0105 baz\u0105 danych, kt\u00f3ra mo\u017ce sta\u0107 si\u0119 celem cyberatak\u00f3w, zar\u00f3wno dla hacker\u00f3w amator\u00f3w, jak i profesjonalnych grup dzia\u0142aj\u0105cych w celu uzyskania korzy\u015bci finansowych. Zgodnie z doniesieniami prasowymi KSeF &#8211; dzia\u0142aj\u0105cy aktualnie na zasadzie dobrowolno\u015bci &#8211; ju\u017c pada\u0142 ofiar\u0105 atak\u00f3w hackerskich.<\/p>\n<div class=\"wyroznienie\">St\u0105d tak wa\u017cne jest wdro\u017cenie odpowiednich zabezpiecze\u0144 KSeF, takich jak uwierzytelnianie wielosk\u0142adnikowe, czy szyfrowanie transmisji, jak r\u00f3wnie\u017c w\u0142a\u015bciwe zarz\u0105dzanie uprawnieniami u\u017cytkownik\u00f3w.<\/div>\n<p>Nie zapominajmy, \u017ce integracja <a href=\"https:\/\/assecobs.pl\/erp\/finanse-ksiegowosc\/\">system\u00f3w finansowo\u2013ksi\u0119gowych<\/a> podatnik\u00f3w VAT z KSeF rodzi po stronie u\u017cytkownik\u00f3w dodatkowe ryzyka zwi\u0105zane z cyberbezpiecze\u0144stwem, wynikaj\u0105ce z samej integracji \u2013 w przypadku jej niepoprawnego przeprowadzenia niepowo\u0142ane osoby mog\u0105 uzyska\u0107 dost\u0119p do danych podatnik\u00f3w bezpo\u015brednio w ich systemach ksi\u0119gowych.<\/p>\n<h2>Zalety KSeF<\/h2>\n<p>W\u015br\u00f3d korzy\u015bci, jakie niesie za sob\u0105 Krajowy System e-Faktur dla podatnik\u00f3w nale\u017cy wymieni\u0107:<\/p>\n<ul>\n<li><strong>Skr\u00f3cony termin zwrotu nadwy\u017cki VAT z 60 dni do 40 dni.<\/strong><\/li>\n<li><strong>Brak obowi\u0105zku wysy\u0142ki struktury Jednolitego Pliku Kontrolnego dla Faktur (JPK_FA)<\/strong> na \u017c\u0105danie organ\u00f3w podatkowych. Przy czym wyj\u0105tek stanowi\u0105 faktury wystawiane poza KSeF, czyli np. faktury B2C.<\/li>\n<li><strong>Przechowywanie e-faktur w KSeF przez okres 10 lat i brak konieczno\u015bci archiwizowania faktur<\/strong> (z wyj\u0105tkami, dot. np. niekt\u00f3rych \u015brodk\u00f3w trwa\u0142ych, kt\u00f3re ze wzgl\u0119du na d\u0142u\u017cszy okres amortyzacji musz\u0105 by\u0107 w posiadaniu podatnika przez okres d\u0142u\u017cszy ni\u017c 10 lat).<\/li>\n<li><strong>Prostsze rozliczanie e-faktur koryguj\u0105cych \u201ein minus\u201d.<\/strong> Brak stosowania warunk\u00f3w dotycz\u0105cych uzgodnie\u0144 korekty: sprzedawca-wystawienie e-korekty, nabywca-obowi\u0105zek obni\u017cenia VAT naliczonego w momencie otrzymania e-korekty.<\/li>\n<li><strong>Automatyzacj\u0119 proces\u00f3w i bezpiecze\u0144stwo obrotu fakturowego<\/strong> &#8211; wszystkie faktury b\u0119d\u0105 w ustrukturyzowanym formacie \u2013 mo\u017cliwe wi\u0119c b\u0119dzie zautomatyzowanie proces\u00f3w ksi\u0119gowych. Nie zagin\u0105, nie ulegn\u0105 zniszczeniu, nie b\u0119dzie duplikat\u00f3w.<\/li>\n<\/ul>\n<p>Nale\u017cy pami\u0119ta\u0107, \u017ce KSeF jako obowi\u0105zkowe narz\u0119dzie do fakturowania zostanie uruchomiony 1 lipca 2024 r. Dzia\u0142ania podatnik\u00f3w zobowi\u0105zanych do wystawiana faktur poprzez KSeF z pomini\u0119ciem systemu b\u0119d\u0105 skutkowa\u0107 na\u0142o\u017ceniem kar pieni\u0119\u017cnych. Przepisy w zakresie wspomnianych kar b\u0119d\u0105 stosowane od 1 stycznia 2025 r.<\/p>\n<div style=\"background: url('\/blog\/wp-content\/uploads\/sites\/14\/2023\/09\/GTlogo_alternatywne_www.png'); background-color: #512178; background-size: 30%; background-repeat: no-repeat; background-position-x: 15px; border: 1px solid #4F2D7F; border-top-left-radius: 18px; border-top-right-radius:18px; padding: 50px 30px 5px; margin-top: 40px;\">\n<h6 style=\"color: #fff;\"><strong>Ten artyku\u0142 powsta\u0142 we wsp\u00f3\u0142pracy z <a href=\"https:\/\/grantthornton.pl\/\">Grant Thornton<\/a>.<\/strong><\/h6>\n<p style=\"color: #fff;\">Grant Thornton\u00a0to jedna z wiod\u0105cych organizacji audytorsko-doradczych na \u015bwiecie, obecnej w 140 krajach. W Polsce dzia\u0142a od 30 lat, a zesp\u00f3\u0142 oko\u0142o 1000 pracownik\u00f3w wspiera Klient\u00f3w w takich obszarach jak podatki, rachunkowo\u015bci czy kadr i p\u0142ac.<\/p>\n<\/div>\n<div style=\"border: 1px solid #4F2D7F; border-bottom-left-radius: 18px; border-bottom-right-radius:18px; padding: 10px 30px; color: #512178;\">Grant Thornton w codziennej pracy korzysta z systemu Softlab ERP.<\/div>\n","protected":false},"excerpt":{"rendered":"<p>Krajowy System e-Faktur (KSeF) to prawdziwa rewolucja w wystawianiu faktur i dla wielu u\u017cytkownik\u00f3w jego wdro\u017cenie mo\u017ce okaza\u0107 si\u0119 du\u017cym wyzwaniem. Ale KSeF to tak\u017ce uproszczenia oraz korzy\u015bci dla podatnik\u00f3w.<\/p>\n","protected":false},"author":52,"featured_media":9859,"comment_status":"closed","ping_status":"closed","sticky":false,"template":"","format":"standard","meta":{"_acf_changed":false,"inline_featured_image":false,"footnotes":""},"categories":[331,113],"tags":[286,192,112,116,117],"class_list":{"0":"post-9831","1":"post","2":"type-post","3":"status-publish","4":"format-standard","5":"has-post-thumbnail","7":"category-na-czasie","8":"category-zmiany-prawne","9":"tag-ksef","10":"tag-fakturowanie","11":"tag-softlab","12":"tag-macrologic","13":"tag-wapro"},"acf":[],"yoast_head":"<!-- This site is optimized with the Yoast SEO plugin v27.5 - https:\/\/yoast.com\/product\/yoast-seo-wordpress\/ -->\n<title>Krajowy System e-Faktur: Wyzwania i korzy\u015bci<\/title>\n<meta name=\"description\" content=\"Poznaj wyzwania i korzy\u015bci Krajowego Systemu e-Faktur (KSeF). Przygotuj swoj\u0105 firm\u0119 na zmiany w e-fakturowaniu.\" \/>\n<meta name=\"robots\" content=\"index, follow, max-snippet:-1, max-image-preview:large, max-video-preview:-1\" \/>\n<link rel=\"canonical\" href=\"https:\/\/assecobs.pl\/blog\/krajowy-system-e-faktur-ksef-wyzwania-i-korzysci\/\" \/>\n<meta property=\"og:locale\" content=\"pl_PL\" \/>\n<meta property=\"og:type\" content=\"article\" \/>\n<meta property=\"og:title\" content=\"Krajowy System e-Faktur: Wyzwania i korzy\u015bci\" \/>\n<meta property=\"og:description\" content=\"Poznaj wyzwania i korzy\u015bci Krajowego Systemu e-Faktur (KSeF). Przygotuj swoj\u0105 firm\u0119 na zmiany w e-fakturowaniu.\" \/>\n<meta property=\"og:url\" content=\"https:\/\/assecobs.pl\/blog\/krajowy-system-e-faktur-ksef-wyzwania-i-korzysci\/\" \/>\n<meta property=\"og:site_name\" content=\"Blog Asseco BS\" \/>\n<meta property=\"article:publisher\" content=\"https:\/\/www.facebook.com\/erpbyasseco\/\" \/>\n<meta property=\"article:published_time\" content=\"2023-09-08T08:26:07+00:00\" \/>\n<meta property=\"article:modified_time\" content=\"2024-06-07T11:18:13+00:00\" \/>\n<meta property=\"og:image\" content=\"https:\/\/assecobs.pl\/blog\/wp-content\/uploads\/sites\/14\/2023\/09\/grant-thorton-baner-top.png\" \/>\n\t<meta property=\"og:image:width\" content=\"1170\" \/>\n\t<meta property=\"og:image:height\" content=\"515\" \/>\n\t<meta property=\"og:image:type\" content=\"image\/png\" \/>\n<meta name=\"author\" content=\"Ma\u0142gorzata Samborska\" \/>\n<meta name=\"twitter:card\" content=\"summary_large_image\" \/>\n<meta name=\"twitter:creator\" content=\"@asseco_bs\" \/>\n<meta name=\"twitter:site\" content=\"@asseco_bs\" \/>\n<meta name=\"twitter:label1\" content=\"Napisane przez\" \/>\n\t<meta name=\"twitter:data1\" content=\"Ma\u0142gorzata Samborska\" \/>\n\t<meta name=\"twitter:label2\" content=\"Szacowany czas czytania\" \/>\n\t<meta name=\"twitter:data2\" content=\"5 minut\" \/>\n<script type=\"application\/ld+json\" class=\"yoast-schema-graph\">{\"@context\":\"https:\\\/\\\/schema.org\",\"@graph\":[{\"@type\":\"Article\",\"@id\":\"https:\\\/\\\/assecobs.pl\\\/blog\\\/krajowy-system-e-faktur-ksef-wyzwania-i-korzysci\\\/#article\",\"isPartOf\":{\"@id\":\"https:\\\/\\\/assecobs.pl\\\/blog\\\/krajowy-system-e-faktur-ksef-wyzwania-i-korzysci\\\/\"},\"author\":{\"name\":\"Ma\u0142gorzata Samborska\",\"@id\":\"https:\\\/\\\/assecobs.pl\\\/blog\\\/#\\\/schema\\\/person\\\/da634823f7a2b8bcb0e979dcd43fa8b1\"},\"headline\":\"Krajowy System e-Faktur (KSeF) \u2013 wyzwania i korzy\u015bci\",\"datePublished\":\"2023-09-08T08:26:07+00:00\",\"dateModified\":\"2024-06-07T11:18:13+00:00\",\"mainEntityOfPage\":{\"@id\":\"https:\\\/\\\/assecobs.pl\\\/blog\\\/krajowy-system-e-faktur-ksef-wyzwania-i-korzysci\\\/\"},\"wordCount\":866,\"publisher\":{\"@id\":\"https:\\\/\\\/assecobs.pl\\\/blog\\\/#organization\"},\"image\":{\"@id\":\"https:\\\/\\\/assecobs.pl\\\/blog\\\/krajowy-system-e-faktur-ksef-wyzwania-i-korzysci\\\/#primaryimage\"},\"thumbnailUrl\":\"https:\\\/\\\/assecobs.pl\\\/blog\\\/wp-content\\\/uploads\\\/sites\\\/14\\\/2023\\\/09\\\/grant-thorton-baner-top.png?wsr\",\"keywords\":[\"KSeF\",\"fakturowanie\",\"Softlab\",\"Macrologic\",\"Wapro\"],\"articleSection\":[\"Na czasie\",\"Zmiany prawne\"],\"inLanguage\":\"pl-PL\"},{\"@type\":\"WebPage\",\"@id\":\"https:\\\/\\\/assecobs.pl\\\/blog\\\/krajowy-system-e-faktur-ksef-wyzwania-i-korzysci\\\/\",\"url\":\"https:\\\/\\\/assecobs.pl\\\/blog\\\/krajowy-system-e-faktur-ksef-wyzwania-i-korzysci\\\/\",\"name\":\"Krajowy System e-Faktur: Wyzwania i korzy\u015bci\",\"isPartOf\":{\"@id\":\"https:\\\/\\\/assecobs.pl\\\/blog\\\/#website\"},\"primaryImageOfPage\":{\"@id\":\"https:\\\/\\\/assecobs.pl\\\/blog\\\/krajowy-system-e-faktur-ksef-wyzwania-i-korzysci\\\/#primaryimage\"},\"image\":{\"@id\":\"https:\\\/\\\/assecobs.pl\\\/blog\\\/krajowy-system-e-faktur-ksef-wyzwania-i-korzysci\\\/#primaryimage\"},\"thumbnailUrl\":\"https:\\\/\\\/assecobs.pl\\\/blog\\\/wp-content\\\/uploads\\\/sites\\\/14\\\/2023\\\/09\\\/grant-thorton-baner-top.png?wsr\",\"datePublished\":\"2023-09-08T08:26:07+00:00\",\"dateModified\":\"2024-06-07T11:18:13+00:00\",\"description\":\"Poznaj wyzwania i korzy\u015bci Krajowego Systemu e-Faktur (KSeF). Przygotuj swoj\u0105 firm\u0119 na zmiany w e-fakturowaniu.\",\"breadcrumb\":{\"@id\":\"https:\\\/\\\/assecobs.pl\\\/blog\\\/krajowy-system-e-faktur-ksef-wyzwania-i-korzysci\\\/#breadcrumb\"},\"inLanguage\":\"pl-PL\",\"potentialAction\":[{\"@type\":\"ReadAction\",\"target\":[\"https:\\\/\\\/assecobs.pl\\\/blog\\\/krajowy-system-e-faktur-ksef-wyzwania-i-korzysci\\\/\"]}]},{\"@type\":\"ImageObject\",\"inLanguage\":\"pl-PL\",\"@id\":\"https:\\\/\\\/assecobs.pl\\\/blog\\\/krajowy-system-e-faktur-ksef-wyzwania-i-korzysci\\\/#primaryimage\",\"url\":\"https:\\\/\\\/assecobs.pl\\\/blog\\\/wp-content\\\/uploads\\\/sites\\\/14\\\/2023\\\/09\\\/grant-thorton-baner-top.png?wsr\",\"contentUrl\":\"https:\\\/\\\/assecobs.pl\\\/blog\\\/wp-content\\\/uploads\\\/sites\\\/14\\\/2023\\\/09\\\/grant-thorton-baner-top.png?wsr\",\"width\":1170,\"height\":515},{\"@type\":\"BreadcrumbList\",\"@id\":\"https:\\\/\\\/assecobs.pl\\\/blog\\\/krajowy-system-e-faktur-ksef-wyzwania-i-korzysci\\\/#breadcrumb\",\"itemListElement\":[{\"@type\":\"ListItem\",\"position\":1,\"name\":\"Strona g\u0142\u00f3wna\",\"item\":\"https:\\\/\\\/assecobs.pl\\\/blog\\\/\"},{\"@type\":\"ListItem\",\"position\":2,\"name\":\"Krajowy System e-Faktur (KSeF) \u2013 wyzwania i&nbsp;korzy\u015bci\"}]},{\"@type\":\"WebSite\",\"@id\":\"https:\\\/\\\/assecobs.pl\\\/blog\\\/#website\",\"url\":\"https:\\\/\\\/assecobs.pl\\\/blog\\\/\",\"name\":\"Blog Asseco BS\",\"description\":\"\",\"publisher\":{\"@id\":\"https:\\\/\\\/assecobs.pl\\\/blog\\\/#organization\"},\"potentialAction\":[{\"@type\":\"SearchAction\",\"target\":{\"@type\":\"EntryPoint\",\"urlTemplate\":\"https:\\\/\\\/assecobs.pl\\\/blog\\\/?s={search_term_string}\"},\"query-input\":{\"@type\":\"PropertyValueSpecification\",\"valueRequired\":true,\"valueName\":\"search_term_string\"}}],\"inLanguage\":\"pl-PL\"},{\"@type\":\"Organization\",\"@id\":\"https:\\\/\\\/assecobs.pl\\\/blog\\\/#organization\",\"name\":\"Asseco Business Solutions\",\"url\":\"https:\\\/\\\/assecobs.pl\\\/blog\\\/\",\"logo\":{\"@type\":\"ImageObject\",\"inLanguage\":\"pl-PL\",\"@id\":\"https:\\\/\\\/assecobs.pl\\\/blog\\\/#\\\/schema\\\/logo\\\/image\\\/\",\"url\":\"https:\\\/\\\/assecobs.pl\\\/blog\\\/wp-content\\\/uploads\\\/sites\\\/14\\\/2020\\\/01\\\/abs-logo-user.jpg\",\"contentUrl\":\"https:\\\/\\\/assecobs.pl\\\/blog\\\/wp-content\\\/uploads\\\/sites\\\/14\\\/2020\\\/01\\\/abs-logo-user.jpg\",\"width\":250,\"height\":251,\"caption\":\"Asseco Business Solutions\"},\"image\":{\"@id\":\"https:\\\/\\\/assecobs.pl\\\/blog\\\/#\\\/schema\\\/logo\\\/image\\\/\"},\"sameAs\":[\"https:\\\/\\\/www.facebook.com\\\/erpbyasseco\\\/\",\"https:\\\/\\\/x.com\\\/asseco_bs\",\"https:\\\/\\\/pl.linkedin.com\\\/company\\\/asseco-business-solutions-sa\",\"https:\\\/\\\/www.youtube.com\\\/channel\\\/UCCU4su9i0ZMIrsS0P0bkYOA\\\/featured\",\"https:\\\/\\\/pl.wikipedia.org\\\/wiki\\\/Asseco_Business_Solutions\"]},{\"@type\":\"Person\",\"@id\":\"https:\\\/\\\/assecobs.pl\\\/blog\\\/#\\\/schema\\\/person\\\/da634823f7a2b8bcb0e979dcd43fa8b1\",\"name\":\"Ma\u0142gorzata Samborska\",\"image\":{\"@type\":\"ImageObject\",\"inLanguage\":\"pl-PL\",\"@id\":\"https:\\\/\\\/assecobs.pl\\\/blog\\\/wp-content\\\/uploads\\\/sites\\\/14\\\/2023\\\/09\\\/samborska2-150x150.png?wsr\",\"url\":\"https:\\\/\\\/assecobs.pl\\\/blog\\\/wp-content\\\/uploads\\\/sites\\\/14\\\/2023\\\/09\\\/samborska2-150x150.png?wsr\",\"contentUrl\":\"https:\\\/\\\/assecobs.pl\\\/blog\\\/wp-content\\\/uploads\\\/sites\\\/14\\\/2023\\\/09\\\/samborska2-150x150.png?wsr\",\"caption\":\"Ma\u0142gorzata Samborska\"},\"description\":\"Partner, Doradca Podatkowy Grant Thornton\",\"url\":\"https:\\\/\\\/assecobs.pl\\\/blog\\\/author\\\/malgorzatasamborska\\\/\"}]}<\/script>\n<!-- \/ Yoast SEO plugin. -->","yoast_head_json":{"title":"Krajowy System e-Faktur: Wyzwania i korzy\u015bci","description":"Poznaj wyzwania i korzy\u015bci Krajowego Systemu e-Faktur (KSeF). Przygotuj swoj\u0105 firm\u0119 na zmiany w e-fakturowaniu.","robots":{"index":"index","follow":"follow","max-snippet":"max-snippet:-1","max-image-preview":"max-image-preview:large","max-video-preview":"max-video-preview:-1"},"canonical":"https:\/\/assecobs.pl\/blog\/krajowy-system-e-faktur-ksef-wyzwania-i-korzysci\/","og_locale":"pl_PL","og_type":"article","og_title":"Krajowy System e-Faktur: Wyzwania i korzy\u015bci","og_description":"Poznaj wyzwania i korzy\u015bci Krajowego Systemu e-Faktur (KSeF). Przygotuj swoj\u0105 firm\u0119 na zmiany w e-fakturowaniu.","og_url":"https:\/\/assecobs.pl\/blog\/krajowy-system-e-faktur-ksef-wyzwania-i-korzysci\/","og_site_name":"Blog Asseco BS","article_publisher":"https:\/\/www.facebook.com\/erpbyasseco\/","article_published_time":"2023-09-08T08:26:07+00:00","article_modified_time":"2024-06-07T11:18:13+00:00","og_image":[{"width":1170,"height":515,"url":"https:\/\/assecobs.pl\/blog\/wp-content\/uploads\/sites\/14\/2023\/09\/grant-thorton-baner-top.png","type":"image\/png"}],"author":"Ma\u0142gorzata Samborska","twitter_card":"summary_large_image","twitter_creator":"@asseco_bs","twitter_site":"@asseco_bs","twitter_misc":{"Napisane przez":"Ma\u0142gorzata Samborska","Szacowany czas czytania":"5 minut"},"schema":{"@context":"https:\/\/schema.org","@graph":[{"@type":"Article","@id":"https:\/\/assecobs.pl\/blog\/krajowy-system-e-faktur-ksef-wyzwania-i-korzysci\/#article","isPartOf":{"@id":"https:\/\/assecobs.pl\/blog\/krajowy-system-e-faktur-ksef-wyzwania-i-korzysci\/"},"author":{"name":"Ma\u0142gorzata Samborska","@id":"https:\/\/assecobs.pl\/blog\/#\/schema\/person\/da634823f7a2b8bcb0e979dcd43fa8b1"},"headline":"Krajowy System e-Faktur (KSeF) \u2013 wyzwania i korzy\u015bci","datePublished":"2023-09-08T08:26:07+00:00","dateModified":"2024-06-07T11:18:13+00:00","mainEntityOfPage":{"@id":"https:\/\/assecobs.pl\/blog\/krajowy-system-e-faktur-ksef-wyzwania-i-korzysci\/"},"wordCount":866,"publisher":{"@id":"https:\/\/assecobs.pl\/blog\/#organization"},"image":{"@id":"https:\/\/assecobs.pl\/blog\/krajowy-system-e-faktur-ksef-wyzwania-i-korzysci\/#primaryimage"},"thumbnailUrl":"https:\/\/assecobs.pl\/blog\/wp-content\/uploads\/sites\/14\/2023\/09\/grant-thorton-baner-top.png?wsr","keywords":["KSeF","fakturowanie","Softlab","Macrologic","Wapro"],"articleSection":["Na czasie","Zmiany prawne"],"inLanguage":"pl-PL"},{"@type":"WebPage","@id":"https:\/\/assecobs.pl\/blog\/krajowy-system-e-faktur-ksef-wyzwania-i-korzysci\/","url":"https:\/\/assecobs.pl\/blog\/krajowy-system-e-faktur-ksef-wyzwania-i-korzysci\/","name":"Krajowy System e-Faktur: Wyzwania i korzy\u015bci","isPartOf":{"@id":"https:\/\/assecobs.pl\/blog\/#website"},"primaryImageOfPage":{"@id":"https:\/\/assecobs.pl\/blog\/krajowy-system-e-faktur-ksef-wyzwania-i-korzysci\/#primaryimage"},"image":{"@id":"https:\/\/assecobs.pl\/blog\/krajowy-system-e-faktur-ksef-wyzwania-i-korzysci\/#primaryimage"},"thumbnailUrl":"https:\/\/assecobs.pl\/blog\/wp-content\/uploads\/sites\/14\/2023\/09\/grant-thorton-baner-top.png?wsr","datePublished":"2023-09-08T08:26:07+00:00","dateModified":"2024-06-07T11:18:13+00:00","description":"Poznaj wyzwania i korzy\u015bci Krajowego Systemu e-Faktur (KSeF). Przygotuj swoj\u0105 firm\u0119 na zmiany w e-fakturowaniu.","breadcrumb":{"@id":"https:\/\/assecobs.pl\/blog\/krajowy-system-e-faktur-ksef-wyzwania-i-korzysci\/#breadcrumb"},"inLanguage":"pl-PL","potentialAction":[{"@type":"ReadAction","target":["https:\/\/assecobs.pl\/blog\/krajowy-system-e-faktur-ksef-wyzwania-i-korzysci\/"]}]},{"@type":"ImageObject","inLanguage":"pl-PL","@id":"https:\/\/assecobs.pl\/blog\/krajowy-system-e-faktur-ksef-wyzwania-i-korzysci\/#primaryimage","url":"https:\/\/assecobs.pl\/blog\/wp-content\/uploads\/sites\/14\/2023\/09\/grant-thorton-baner-top.png?wsr","contentUrl":"https:\/\/assecobs.pl\/blog\/wp-content\/uploads\/sites\/14\/2023\/09\/grant-thorton-baner-top.png?wsr","width":1170,"height":515},{"@type":"BreadcrumbList","@id":"https:\/\/assecobs.pl\/blog\/krajowy-system-e-faktur-ksef-wyzwania-i-korzysci\/#breadcrumb","itemListElement":[{"@type":"ListItem","position":1,"name":"Strona g\u0142\u00f3wna","item":"https:\/\/assecobs.pl\/blog\/"},{"@type":"ListItem","position":2,"name":"Krajowy System e-Faktur (KSeF) \u2013 wyzwania i&nbsp;korzy\u015bci"}]},{"@type":"WebSite","@id":"https:\/\/assecobs.pl\/blog\/#website","url":"https:\/\/assecobs.pl\/blog\/","name":"Blog Asseco BS","description":"","publisher":{"@id":"https:\/\/assecobs.pl\/blog\/#organization"},"potentialAction":[{"@type":"SearchAction","target":{"@type":"EntryPoint","urlTemplate":"https:\/\/assecobs.pl\/blog\/?s={search_term_string}"},"query-input":{"@type":"PropertyValueSpecification","valueRequired":true,"valueName":"search_term_string"}}],"inLanguage":"pl-PL"},{"@type":"Organization","@id":"https:\/\/assecobs.pl\/blog\/#organization","name":"Asseco Business Solutions","url":"https:\/\/assecobs.pl\/blog\/","logo":{"@type":"ImageObject","inLanguage":"pl-PL","@id":"https:\/\/assecobs.pl\/blog\/#\/schema\/logo\/image\/","url":"https:\/\/assecobs.pl\/blog\/wp-content\/uploads\/sites\/14\/2020\/01\/abs-logo-user.jpg","contentUrl":"https:\/\/assecobs.pl\/blog\/wp-content\/uploads\/sites\/14\/2020\/01\/abs-logo-user.jpg","width":250,"height":251,"caption":"Asseco Business Solutions"},"image":{"@id":"https:\/\/assecobs.pl\/blog\/#\/schema\/logo\/image\/"},"sameAs":["https:\/\/www.facebook.com\/erpbyasseco\/","https:\/\/x.com\/asseco_bs","https:\/\/pl.linkedin.com\/company\/asseco-business-solutions-sa","https:\/\/www.youtube.com\/channel\/UCCU4su9i0ZMIrsS0P0bkYOA\/featured","https:\/\/pl.wikipedia.org\/wiki\/Asseco_Business_Solutions"]},{"@type":"Person","@id":"https:\/\/assecobs.pl\/blog\/#\/schema\/person\/da634823f7a2b8bcb0e979dcd43fa8b1","name":"Ma\u0142gorzata Samborska","image":{"@type":"ImageObject","inLanguage":"pl-PL","@id":"https:\/\/assecobs.pl\/blog\/wp-content\/uploads\/sites\/14\/2023\/09\/samborska2-150x150.png?wsr","url":"https:\/\/assecobs.pl\/blog\/wp-content\/uploads\/sites\/14\/2023\/09\/samborska2-150x150.png?wsr","contentUrl":"https:\/\/assecobs.pl\/blog\/wp-content\/uploads\/sites\/14\/2023\/09\/samborska2-150x150.png?wsr","caption":"Ma\u0142gorzata Samborska"},"description":"Partner, Doradca Podatkowy Grant Thornton","url":"https:\/\/assecobs.pl\/blog\/author\/malgorzatasamborska\/"}]}},"_links":{"self":[{"href":"https:\/\/assecobs.pl\/blog\/wp-json\/wp\/v2\/posts\/9831","targetHints":{"allow":["GET"]}}],"collection":[{"href":"https:\/\/assecobs.pl\/blog\/wp-json\/wp\/v2\/posts"}],"about":[{"href":"https:\/\/assecobs.pl\/blog\/wp-json\/wp\/v2\/types\/post"}],"author":[{"embeddable":true,"href":"https:\/\/assecobs.pl\/blog\/wp-json\/wp\/v2\/users\/52"}],"replies":[{"embeddable":true,"href":"https:\/\/assecobs.pl\/blog\/wp-json\/wp\/v2\/comments?post=9831"}],"version-history":[{"count":11,"href":"https:\/\/assecobs.pl\/blog\/wp-json\/wp\/v2\/posts\/9831\/revisions"}],"predecessor-version":[{"id":9858,"href":"https:\/\/assecobs.pl\/blog\/wp-json\/wp\/v2\/posts\/9831\/revisions\/9858"}],"wp:featuredmedia":[{"embeddable":true,"href":"https:\/\/assecobs.pl\/blog\/wp-json\/wp\/v2\/media\/9859"}],"wp:attachment":[{"href":"https:\/\/assecobs.pl\/blog\/wp-json\/wp\/v2\/media?parent=9831"}],"wp:term":[{"taxonomy":"category","embeddable":true,"href":"https:\/\/assecobs.pl\/blog\/wp-json\/wp\/v2\/categories?post=9831"},{"taxonomy":"post_tag","embeddable":true,"href":"https:\/\/assecobs.pl\/blog\/wp-json\/wp\/v2\/tags?post=9831"}],"curies":[{"name":"wp","href":"https:\/\/api.w.org\/{rel}","templated":true}]}}