{"id":9870,"date":"2023-09-22T09:46:04","date_gmt":"2023-09-22T07:46:04","guid":{"rendered":"https:\/\/blog.assecobs.pl\/?p=9870"},"modified":"2023-10-04T13:58:04","modified_gmt":"2023-10-04T11:58:04","slug":"zmiany-w-ustawie-o-delegowaniu-kierowcow-w-polsce","status":"publish","type":"post","link":"https:\/\/assecobs.pl\/blog\/zmiany-w-ustawie-o-delegowaniu-kierowcow-w-polsce\/","title":{"rendered":"Zmiany w ustawie o delegowaniu kierowc\u00f3w w Polsce"},"content":{"rendered":"<p><strong>Jakie nowe obowi\u0105zki musz\u0105 wype\u0142ni\u0107 przewo\u017anicy deleguj\u0105cy kierowc\u00f3w w transporcie drogowym na terytorium Polski?<\/strong><\/p>\n\n<p>Nowa ustawa o delegowaniu kierowc\u00f3w w sektorze transportu drogowego obowi\u0105zuje zaledwie od ubieg\u0142ego miesi\u0105ca. Informacj\u0119 o jej podpisaniu przez Prezydenta Andrzeja Dud\u0119 31 lipca przekaza\u0142a Kancelaria Prezydenta. Wi\u0119kszo\u015b\u0107 jej postanowie\u0144 wesz\u0142a w \u017cycie 14 dni po jej og\u0142oszeniu, chocia\u017c niekt\u00f3re artyku\u0142y zaczn\u0105 obowi\u0105zywa\u0107 w p\u00f3\u017aniejszym terminie.<\/p>\n<p>Ustawa ma na celu implementacj\u0119 przepis\u00f3w Dyrektywy Parlamentu Europejskiego i Rady (UE) 2020\/1057 z 15 lipca 2020 r. Jej g\u0142\u00f3wnym zadaniem jest ochrona polskiego rynku transportowego przed nieuczciw\u0105 konkurencj\u0105 z zagranicy.<\/p>\n<blockquote class=\"wp-embedded-content\" data-secret=\"ejiPdWA0YP\"><p><a href=\"https:\/\/assecobs.pl\/blog\/planowanie-tras-i-realizacja-dostaw-w-mobilnej-aplikacji-polaczonej-z-systemem-erp\/\">Planowanie tras i&nbsp;realizacja dostaw w&nbsp;mobilnej aplikacji po\u0142\u0105czonej z&nbsp;systemem ERP<\/a><\/p><\/blockquote>\n<p><iframe loading=\"lazy\" class=\"wp-embedded-content\" sandbox=\"allow-scripts\" security=\"restricted\" style=\"position: absolute; visibility: hidden;\" title=\"&#8222;Planowanie tras i&nbsp;realizacja dostaw w&nbsp;mobilnej aplikacji po\u0142\u0105czonej z&nbsp;systemem ERP&#8221; &#8212; Blog Asseco BS\" src=\"https:\/\/assecobs.pl\/blog\/planowanie-tras-i-realizacja-dostaw-w-mobilnej-aplikacji-polaczonej-z-systemem-erp\/embed\/#?secret=C9BLWWmA4z#?secret=ejiPdWA0YP\" data-secret=\"ejiPdWA0YP\" width=\"600\" height=\"338\" frameborder=\"0\" marginwidth=\"0\" marginheight=\"0\" scrolling=\"no\"><\/iframe><\/p>\n<h2>Czego dotycz\u0105 najnowsze przepisy o delegowaniu kierowc\u00f3w?<\/h2>\n<p>Omawiana ustawa reguluje zasady delegowania kierowc\u00f3w w Polsce. Jej przepisy dotycz\u0105 zar\u00f3wno\u202fpodmiot\u00f3w pochodz\u0105cych z wewn\u0119trznego rynku UE, jak i przewo\u017anik\u00f3w z pa\u0144stw trzecich. W\u015br\u00f3d nowych regulacji znajduj\u0105 si\u0119 m.in.:<\/p>\n<ul>\n<li><strong>zasady wynagradzania kierowc\u00f3w<\/strong> w mi\u0119dzynarodowym transporcie drogowym,<\/li>\n<li><strong>uproszczenia w naliczaniu sk\u0142adek ZUS i podatku PIT dla kierowc\u00f3w<\/strong>,<\/li>\n<li><strong>zasady dotycz\u0105ce kontroli przewoz\u00f3w przez przewo\u017anik\u00f3w zagranicznych<\/strong> (tak\u017ce z wykorzystaniem systemu SENT),<\/li>\n<li><strong>regulacje odno\u015bnie stosowania sankcji i egzekwowania przepis\u00f3w<\/strong> (w tym niezb\u0119dnych do tego szkole\u0144 funkcjonariuszy kontrolnych),<\/li>\n<li><strong>zasady wsp\u00f3\u0142pracy mi\u0119dzy Inspekcj\u0105 Transportu Drogowego i Pa\u0144stwow\u0105 Inspekcj\u0105 Pracy<\/strong> w omawianym zakresie.<\/li>\n<\/ul>\n<p>Kancelaria Prezydenta poda\u0142a definicj\u0119 kierowcy, kt\u00f3ry nie jest uwa\u017cany za delegowanego w Polsce. W\u015br\u00f3d nich s\u0105 kierowcy wykonuj\u0105cy przejazd tranzytem, przew\u00f3z dwustronny oraz ci, kt\u00f3rzy podczas przewozu dwustronnego wykonuj\u0105 jedn\u0105 dodatkow\u0105 czynno\u015b\u0107 za\u0142adunku lub roz\u0142adunku.<\/p>\n<p><strong>Sprawd\u017a, <\/strong><a href=\"https:\/\/poradnikhr.blog\/2023\/08\/02\/ustawa-o-delegowaniu-kierowcow-w-transporcie-drogowym-podpisana-jakie-sa-kluczowe-informacje-dla-przedsiebiorcow\/\">kto jeszcze nie jest kierowc\u0105 delegowanym na terytorium RP wed\u0142ug regulacji najnowszej ustawy<\/a><strong>.<\/strong><\/p>\n<h2>Jaki s\u0105 obowi\u0105zki przewo\u017anik\u00f3w wg najnowszej ustawy?<\/h2>\n<p>Przewo\u017anicy, kt\u00f3rzy deleguj\u0105 kierowc\u00f3w w Polsce, musz\u0105 spe\u0142nia\u0107 pewne obowi\u0105zki. Nadrz\u0119dnym po\u015br\u00f3d nich jest <strong>obowi\u0105zek zapewnienia delegowanemu kierowcy odpowiednich warunk\u00f3w zatrudnienia<\/strong>. Ponadto m.in.:<\/p>\n<ul>\n<li><strong>zg\u0142oszenie delegacji najp\u00f3\u017aniej w momencie rozpocz\u0119cia delegowania kierowcy za pomoc\u0105 interfejsu publicznego IMI<\/strong>, a w przypadku braku dost\u0119pu do tego interfejsu \u2013 bezpo\u015brednio do PIP przy u\u017cyciu stosownego formularza elektronicznego; z kolei w przypadku przewoz\u00f3w realizowanych w systemie SENT \u2013 zg\u0142oszenie si\u0119 do tego rejestru i uzyskanie stosownego numeru referencyjnego;<\/li>\n<li><strong>zapewnienie, \u017ce kierowca ma przy sobie wymagane dokumenty<\/strong> (papierowe lub elektroniczne).<\/li>\n<\/ul>\n<div class=\"wyroznienie\">UWAGA! Kontrola przestrzegania nowych przepis\u00f3w b\u0119dzie realizowana zar\u00f3wno przez Inspekcj\u0119 Transportu Drogowego, jak i Pa\u0144stwow\u0105 Inspekcj\u0119 Pracy. W przypadku naruszenia przepis\u00f3w przewidziane s\u0105 kary.<\/div>\n<p><strong>Wi\u0119cej informacji na ten temat w <\/strong><a href=\"https:\/\/poradnikhr.blog\/2023\/08\/02\/ustawa-o-delegowaniu-kierowcow-w-transporcie-drogowym-podpisana-jakie-sa-kluczowe-informacje-dla-przedsiebiorcow\/\">Poradniku HR ekspert\u00f3w Grant Thornton<\/a><strong>.<\/strong><\/p>\n<div style=\"background: url('\/blog\/wp-content\/uploads\/sites\/14\/2023\/09\/GTlogo_alternatywne_www.png'); background-color: #512178; background-size: 30%; background-repeat: no-repeat; background-position-x: 15px; border: 1px solid #4F2D7F; border-top-left-radius: 18px; border-top-right-radius: 18px; padding: 50px 30px 5px; margin-top: 40px;\">\n<h6 style=\"color: #fff;\"><strong>Ten artyku\u0142 powsta\u0142 we wsp\u00f3\u0142pracy z <a href=\"https:\/\/grantthornton.pl\/\">Grant Thornton<\/a>.<\/strong><\/h6>\n<p style=\"color: #fff;\">Grant Thornton\u00a0to jedna z wiod\u0105cych organizacji audytorsko-doradczych na \u015bwiecie, obecnej w 140 krajach. W Polsce dzia\u0142a od 30 lat, a zesp\u00f3\u0142 oko\u0142o 1000 pracownik\u00f3w wspiera Klient\u00f3w w takich obszarach jak podatki, rachunkowo\u015bci czy kadr i p\u0142ac.<\/p>\n<\/div>\n<div style=\"border: 1px solid #4F2D7F; border-bottom-left-radius: 18px; border-bottom-right-radius: 18px; padding: 10px 30px; color: #512178;\">Grant Thornton w codziennej pracy korzysta z systemu <a href=\"https:\/\/assecobs.pl\/softlab\/\">Softlab ERP<\/a>.<\/div>\n","protected":false},"excerpt":{"rendered":"<p>Dowiedz si\u0119, jakie nowe obowi\u0105zki musz\u0105 wype\u0142ni\u0107 przewo\u017anicy deleguj\u0105cy kierowc\u00f3w w transporcie drogowym na terytorium Polski.<\/p>\n","protected":false},"author":53,"featured_media":9881,"comment_status":"closed","ping_status":"closed","sticky":false,"template":"","format":"standard","meta":{"_acf_changed":false,"inline_featured_image":false,"footnotes":""},"categories":[113],"tags":[238,316,237,112,116,117],"class_list":{"0":"post-9870","1":"post","2":"type-post","3":"status-publish","4":"format-standard","5":"has-post-thumbnail","7":"category-zmiany-prawne","8":"tag-duze-firmy","9":"tag-mobilny-kierowca","10":"tag-srednie-firmy","11":"tag-softlab","12":"tag-macrologic","13":"tag-wapro"},"acf":[],"yoast_head":"<!-- This site is optimized with the Yoast SEO plugin v27.5 - https:\/\/yoast.com\/product\/yoast-seo-wordpress\/ -->\n<title>Zmiany w ustawie o delegowaniu kierowc\u00f3w w Polsce - Zmiany prawne<\/title>\n<meta name=\"robots\" content=\"index, follow, max-snippet:-1, max-image-preview:large, max-video-preview:-1\" \/>\n<link rel=\"canonical\" href=\"https:\/\/assecobs.pl\/blog\/zmiany-w-ustawie-o-delegowaniu-kierowcow-w-polsce\/\" \/>\n<meta property=\"og:locale\" content=\"pl_PL\" \/>\n<meta property=\"og:type\" content=\"article\" \/>\n<meta property=\"og:title\" content=\"Zmiany w ustawie o delegowaniu kierowc\u00f3w w Polsce - Zmiany prawne\" \/>\n<meta property=\"og:description\" content=\"Dowiedz si\u0119, jakie nowe obowi\u0105zki musz\u0105 wype\u0142ni\u0107 przewo\u017anicy deleguj\u0105cy kierowc\u00f3w w transporcie drogowym na terytorium Polski.\" \/>\n<meta property=\"og:url\" content=\"https:\/\/assecobs.pl\/blog\/zmiany-w-ustawie-o-delegowaniu-kierowcow-w-polsce\/\" \/>\n<meta property=\"og:site_name\" content=\"Blog Asseco BS\" \/>\n<meta property=\"article:publisher\" content=\"https:\/\/www.facebook.com\/erpbyasseco\/\" \/>\n<meta property=\"article:published_time\" content=\"2023-09-22T07:46:04+00:00\" \/>\n<meta property=\"article:modified_time\" content=\"2023-10-04T11:58:04+00:00\" \/>\n<meta property=\"og:image\" content=\"https:\/\/assecobs.pl\/blog\/wp-content\/uploads\/sites\/14\/2023\/09\/grafika-do-TOPU-ERP-kierowca-1170x515-1.png\" \/>\n\t<meta property=\"og:image:width\" content=\"1170\" \/>\n\t<meta property=\"og:image:height\" content=\"515\" \/>\n\t<meta property=\"og:image:type\" content=\"image\/png\" \/>\n<meta name=\"author\" content=\"Honorata Zakrzewska-Krzy\u015b\" \/>\n<meta name=\"twitter:card\" content=\"summary_large_image\" \/>\n<meta name=\"twitter:creator\" content=\"@asseco_bs\" \/>\n<meta name=\"twitter:site\" content=\"@asseco_bs\" \/>\n<meta name=\"twitter:label1\" content=\"Napisane przez\" \/>\n\t<meta name=\"twitter:data1\" content=\"Honorata Zakrzewska-Krzy\u015b\" \/>\n\t<meta name=\"twitter:label2\" content=\"Szacowany czas czytania\" \/>\n\t<meta name=\"twitter:data2\" content=\"3 minuty\" \/>\n<script type=\"application\/ld+json\" class=\"yoast-schema-graph\">{\"@context\":\"https:\\\/\\\/schema.org\",\"@graph\":[{\"@type\":\"Article\",\"@id\":\"https:\\\/\\\/assecobs.pl\\\/blog\\\/zmiany-w-ustawie-o-delegowaniu-kierowcow-w-polsce\\\/#article\",\"isPartOf\":{\"@id\":\"https:\\\/\\\/assecobs.pl\\\/blog\\\/zmiany-w-ustawie-o-delegowaniu-kierowcow-w-polsce\\\/\"},\"author\":{\"name\":\"Honorata Zakrzewska-Krzy\u015b\",\"@id\":\"https:\\\/\\\/assecobs.pl\\\/blog\\\/#\\\/schema\\\/person\\\/5dfcf6ceba03b1f9ccf3ef5ba7445ccc\"},\"headline\":\"Zmiany w ustawie o delegowaniu kierowc\u00f3w w Polsce\",\"datePublished\":\"2023-09-22T07:46:04+00:00\",\"dateModified\":\"2023-10-04T11:58:04+00:00\",\"mainEntityOfPage\":{\"@id\":\"https:\\\/\\\/assecobs.pl\\\/blog\\\/zmiany-w-ustawie-o-delegowaniu-kierowcow-w-polsce\\\/\"},\"wordCount\":515,\"publisher\":{\"@id\":\"https:\\\/\\\/assecobs.pl\\\/blog\\\/#organization\"},\"image\":{\"@id\":\"https:\\\/\\\/assecobs.pl\\\/blog\\\/zmiany-w-ustawie-o-delegowaniu-kierowcow-w-polsce\\\/#primaryimage\"},\"thumbnailUrl\":\"https:\\\/\\\/assecobs.pl\\\/blog\\\/wp-content\\\/uploads\\\/sites\\\/14\\\/2023\\\/09\\\/grafika-do-TOPU-ERP-kierowca-1170x515-1.png?wsr\",\"keywords\":[\"Du\u017ce firmy\",\"Mobilny Kierowca\",\"\u015arednie firmy\",\"Softlab\",\"Macrologic\",\"Wapro\"],\"articleSection\":[\"Zmiany prawne\"],\"inLanguage\":\"pl-PL\"},{\"@type\":\"WebPage\",\"@id\":\"https:\\\/\\\/assecobs.pl\\\/blog\\\/zmiany-w-ustawie-o-delegowaniu-kierowcow-w-polsce\\\/\",\"url\":\"https:\\\/\\\/assecobs.pl\\\/blog\\\/zmiany-w-ustawie-o-delegowaniu-kierowcow-w-polsce\\\/\",\"name\":\"Zmiany w ustawie o delegowaniu kierowc\u00f3w w Polsce - Zmiany prawne\",\"isPartOf\":{\"@id\":\"https:\\\/\\\/assecobs.pl\\\/blog\\\/#website\"},\"primaryImageOfPage\":{\"@id\":\"https:\\\/\\\/assecobs.pl\\\/blog\\\/zmiany-w-ustawie-o-delegowaniu-kierowcow-w-polsce\\\/#primaryimage\"},\"image\":{\"@id\":\"https:\\\/\\\/assecobs.pl\\\/blog\\\/zmiany-w-ustawie-o-delegowaniu-kierowcow-w-polsce\\\/#primaryimage\"},\"thumbnailUrl\":\"https:\\\/\\\/assecobs.pl\\\/blog\\\/wp-content\\\/uploads\\\/sites\\\/14\\\/2023\\\/09\\\/grafika-do-TOPU-ERP-kierowca-1170x515-1.png?wsr\",\"datePublished\":\"2023-09-22T07:46:04+00:00\",\"dateModified\":\"2023-10-04T11:58:04+00:00\",\"breadcrumb\":{\"@id\":\"https:\\\/\\\/assecobs.pl\\\/blog\\\/zmiany-w-ustawie-o-delegowaniu-kierowcow-w-polsce\\\/#breadcrumb\"},\"inLanguage\":\"pl-PL\",\"potentialAction\":[{\"@type\":\"ReadAction\",\"target\":[\"https:\\\/\\\/assecobs.pl\\\/blog\\\/zmiany-w-ustawie-o-delegowaniu-kierowcow-w-polsce\\\/\"]}]},{\"@type\":\"ImageObject\",\"inLanguage\":\"pl-PL\",\"@id\":\"https:\\\/\\\/assecobs.pl\\\/blog\\\/zmiany-w-ustawie-o-delegowaniu-kierowcow-w-polsce\\\/#primaryimage\",\"url\":\"https:\\\/\\\/assecobs.pl\\\/blog\\\/wp-content\\\/uploads\\\/sites\\\/14\\\/2023\\\/09\\\/grafika-do-TOPU-ERP-kierowca-1170x515-1.png?wsr\",\"contentUrl\":\"https:\\\/\\\/assecobs.pl\\\/blog\\\/wp-content\\\/uploads\\\/sites\\\/14\\\/2023\\\/09\\\/grafika-do-TOPU-ERP-kierowca-1170x515-1.png?wsr\",\"width\":1170,\"height\":515},{\"@type\":\"BreadcrumbList\",\"@id\":\"https:\\\/\\\/assecobs.pl\\\/blog\\\/zmiany-w-ustawie-o-delegowaniu-kierowcow-w-polsce\\\/#breadcrumb\",\"itemListElement\":[{\"@type\":\"ListItem\",\"position\":1,\"name\":\"Strona g\u0142\u00f3wna\",\"item\":\"https:\\\/\\\/assecobs.pl\\\/blog\\\/\"},{\"@type\":\"ListItem\",\"position\":2,\"name\":\"Zmiany w&nbsp;ustawie o&nbsp;delegowaniu kierowc\u00f3w w&nbsp;Polsce\"}]},{\"@type\":\"WebSite\",\"@id\":\"https:\\\/\\\/assecobs.pl\\\/blog\\\/#website\",\"url\":\"https:\\\/\\\/assecobs.pl\\\/blog\\\/\",\"name\":\"Blog Asseco BS\",\"description\":\"\",\"publisher\":{\"@id\":\"https:\\\/\\\/assecobs.pl\\\/blog\\\/#organization\"},\"potentialAction\":[{\"@type\":\"SearchAction\",\"target\":{\"@type\":\"EntryPoint\",\"urlTemplate\":\"https:\\\/\\\/assecobs.pl\\\/blog\\\/?s={search_term_string}\"},\"query-input\":{\"@type\":\"PropertyValueSpecification\",\"valueRequired\":true,\"valueName\":\"search_term_string\"}}],\"inLanguage\":\"pl-PL\"},{\"@type\":\"Organization\",\"@id\":\"https:\\\/\\\/assecobs.pl\\\/blog\\\/#organization\",\"name\":\"Asseco Business Solutions\",\"url\":\"https:\\\/\\\/assecobs.pl\\\/blog\\\/\",\"logo\":{\"@type\":\"ImageObject\",\"inLanguage\":\"pl-PL\",\"@id\":\"https:\\\/\\\/assecobs.pl\\\/blog\\\/#\\\/schema\\\/logo\\\/image\\\/\",\"url\":\"https:\\\/\\\/assecobs.pl\\\/blog\\\/wp-content\\\/uploads\\\/sites\\\/14\\\/2020\\\/01\\\/abs-logo-user.jpg\",\"contentUrl\":\"https:\\\/\\\/assecobs.pl\\\/blog\\\/wp-content\\\/uploads\\\/sites\\\/14\\\/2020\\\/01\\\/abs-logo-user.jpg\",\"width\":250,\"height\":251,\"caption\":\"Asseco Business Solutions\"},\"image\":{\"@id\":\"https:\\\/\\\/assecobs.pl\\\/blog\\\/#\\\/schema\\\/logo\\\/image\\\/\"},\"sameAs\":[\"https:\\\/\\\/www.facebook.com\\\/erpbyasseco\\\/\",\"https:\\\/\\\/x.com\\\/asseco_bs\",\"https:\\\/\\\/pl.linkedin.com\\\/company\\\/asseco-business-solutions-sa\",\"https:\\\/\\\/www.youtube.com\\\/channel\\\/UCCU4su9i0ZMIrsS0P0bkYOA\\\/featured\",\"https:\\\/\\\/pl.wikipedia.org\\\/wiki\\\/Asseco_Business_Solutions\"]},{\"@type\":\"Person\",\"@id\":\"https:\\\/\\\/assecobs.pl\\\/blog\\\/#\\\/schema\\\/person\\\/5dfcf6ceba03b1f9ccf3ef5ba7445ccc\",\"name\":\"Honorata Zakrzewska-Krzy\u015b\",\"image\":{\"@type\":\"ImageObject\",\"inLanguage\":\"pl-PL\",\"@id\":\"https:\\\/\\\/assecobs.pl\\\/blog\\\/wp-content\\\/uploads\\\/sites\\\/14\\\/2023\\\/09\\\/honoratazk-150x150.png?wsr\",\"url\":\"https:\\\/\\\/assecobs.pl\\\/blog\\\/wp-content\\\/uploads\\\/sites\\\/14\\\/2023\\\/09\\\/honoratazk-150x150.png?wsr\",\"contentUrl\":\"https:\\\/\\\/assecobs.pl\\\/blog\\\/wp-content\\\/uploads\\\/sites\\\/14\\\/2023\\\/09\\\/honoratazk-150x150.png?wsr\",\"caption\":\"Honorata Zakrzewska-Krzy\u015b\"},\"description\":\"Starszy specjalista ds. content marketingu w Grant Thornton. Prasowy dziennikarz ekonomiczny z kilkunastoletnim do\u015bwiadczeniem zawodowym, samodzielna ksi\u0119gowa. Wieloletni wsp\u00f3\u0142pracownik Grupy Wydawniczej Infor oraz Wydawnictwa Wiedza i Praktyka. Pisa\u0142a m.in. dla Dziennika Gazety Prawnej czy Wydawcy Harvard Business Review Polska. Laureatka wyr\u00f3\u017cnienia prasowego \u201ePi\u00f3ro Odpowiedzialno\u015bci\u201d przyznawanego przez Forum Odpowiedzialnego Biznesu.\",\"url\":\"https:\\\/\\\/assecobs.pl\\\/blog\\\/author\\\/honoratazakrzewskakrzys\\\/\"}]}<\/script>\n<!-- \/ Yoast SEO plugin. -->","yoast_head_json":{"title":"Zmiany w ustawie o delegowaniu kierowc\u00f3w w Polsce - Zmiany prawne","robots":{"index":"index","follow":"follow","max-snippet":"max-snippet:-1","max-image-preview":"max-image-preview:large","max-video-preview":"max-video-preview:-1"},"canonical":"https:\/\/assecobs.pl\/blog\/zmiany-w-ustawie-o-delegowaniu-kierowcow-w-polsce\/","og_locale":"pl_PL","og_type":"article","og_title":"Zmiany w ustawie o delegowaniu kierowc\u00f3w w Polsce - Zmiany prawne","og_description":"Dowiedz si\u0119, jakie nowe obowi\u0105zki musz\u0105 wype\u0142ni\u0107 przewo\u017anicy deleguj\u0105cy kierowc\u00f3w w transporcie drogowym na terytorium Polski.","og_url":"https:\/\/assecobs.pl\/blog\/zmiany-w-ustawie-o-delegowaniu-kierowcow-w-polsce\/","og_site_name":"Blog Asseco BS","article_publisher":"https:\/\/www.facebook.com\/erpbyasseco\/","article_published_time":"2023-09-22T07:46:04+00:00","article_modified_time":"2023-10-04T11:58:04+00:00","og_image":[{"width":1170,"height":515,"url":"https:\/\/assecobs.pl\/blog\/wp-content\/uploads\/sites\/14\/2023\/09\/grafika-do-TOPU-ERP-kierowca-1170x515-1.png","type":"image\/png"}],"author":"Honorata Zakrzewska-Krzy\u015b","twitter_card":"summary_large_image","twitter_creator":"@asseco_bs","twitter_site":"@asseco_bs","twitter_misc":{"Napisane przez":"Honorata Zakrzewska-Krzy\u015b","Szacowany czas czytania":"3 minuty"},"schema":{"@context":"https:\/\/schema.org","@graph":[{"@type":"Article","@id":"https:\/\/assecobs.pl\/blog\/zmiany-w-ustawie-o-delegowaniu-kierowcow-w-polsce\/#article","isPartOf":{"@id":"https:\/\/assecobs.pl\/blog\/zmiany-w-ustawie-o-delegowaniu-kierowcow-w-polsce\/"},"author":{"name":"Honorata Zakrzewska-Krzy\u015b","@id":"https:\/\/assecobs.pl\/blog\/#\/schema\/person\/5dfcf6ceba03b1f9ccf3ef5ba7445ccc"},"headline":"Zmiany w ustawie o delegowaniu kierowc\u00f3w w Polsce","datePublished":"2023-09-22T07:46:04+00:00","dateModified":"2023-10-04T11:58:04+00:00","mainEntityOfPage":{"@id":"https:\/\/assecobs.pl\/blog\/zmiany-w-ustawie-o-delegowaniu-kierowcow-w-polsce\/"},"wordCount":515,"publisher":{"@id":"https:\/\/assecobs.pl\/blog\/#organization"},"image":{"@id":"https:\/\/assecobs.pl\/blog\/zmiany-w-ustawie-o-delegowaniu-kierowcow-w-polsce\/#primaryimage"},"thumbnailUrl":"https:\/\/assecobs.pl\/blog\/wp-content\/uploads\/sites\/14\/2023\/09\/grafika-do-TOPU-ERP-kierowca-1170x515-1.png?wsr","keywords":["Du\u017ce firmy","Mobilny Kierowca","\u015arednie firmy","Softlab","Macrologic","Wapro"],"articleSection":["Zmiany prawne"],"inLanguage":"pl-PL"},{"@type":"WebPage","@id":"https:\/\/assecobs.pl\/blog\/zmiany-w-ustawie-o-delegowaniu-kierowcow-w-polsce\/","url":"https:\/\/assecobs.pl\/blog\/zmiany-w-ustawie-o-delegowaniu-kierowcow-w-polsce\/","name":"Zmiany w ustawie o delegowaniu kierowc\u00f3w w Polsce - Zmiany prawne","isPartOf":{"@id":"https:\/\/assecobs.pl\/blog\/#website"},"primaryImageOfPage":{"@id":"https:\/\/assecobs.pl\/blog\/zmiany-w-ustawie-o-delegowaniu-kierowcow-w-polsce\/#primaryimage"},"image":{"@id":"https:\/\/assecobs.pl\/blog\/zmiany-w-ustawie-o-delegowaniu-kierowcow-w-polsce\/#primaryimage"},"thumbnailUrl":"https:\/\/assecobs.pl\/blog\/wp-content\/uploads\/sites\/14\/2023\/09\/grafika-do-TOPU-ERP-kierowca-1170x515-1.png?wsr","datePublished":"2023-09-22T07:46:04+00:00","dateModified":"2023-10-04T11:58:04+00:00","breadcrumb":{"@id":"https:\/\/assecobs.pl\/blog\/zmiany-w-ustawie-o-delegowaniu-kierowcow-w-polsce\/#breadcrumb"},"inLanguage":"pl-PL","potentialAction":[{"@type":"ReadAction","target":["https:\/\/assecobs.pl\/blog\/zmiany-w-ustawie-o-delegowaniu-kierowcow-w-polsce\/"]}]},{"@type":"ImageObject","inLanguage":"pl-PL","@id":"https:\/\/assecobs.pl\/blog\/zmiany-w-ustawie-o-delegowaniu-kierowcow-w-polsce\/#primaryimage","url":"https:\/\/assecobs.pl\/blog\/wp-content\/uploads\/sites\/14\/2023\/09\/grafika-do-TOPU-ERP-kierowca-1170x515-1.png?wsr","contentUrl":"https:\/\/assecobs.pl\/blog\/wp-content\/uploads\/sites\/14\/2023\/09\/grafika-do-TOPU-ERP-kierowca-1170x515-1.png?wsr","width":1170,"height":515},{"@type":"BreadcrumbList","@id":"https:\/\/assecobs.pl\/blog\/zmiany-w-ustawie-o-delegowaniu-kierowcow-w-polsce\/#breadcrumb","itemListElement":[{"@type":"ListItem","position":1,"name":"Strona g\u0142\u00f3wna","item":"https:\/\/assecobs.pl\/blog\/"},{"@type":"ListItem","position":2,"name":"Zmiany w&nbsp;ustawie o&nbsp;delegowaniu kierowc\u00f3w w&nbsp;Polsce"}]},{"@type":"WebSite","@id":"https:\/\/assecobs.pl\/blog\/#website","url":"https:\/\/assecobs.pl\/blog\/","name":"Blog Asseco BS","description":"","publisher":{"@id":"https:\/\/assecobs.pl\/blog\/#organization"},"potentialAction":[{"@type":"SearchAction","target":{"@type":"EntryPoint","urlTemplate":"https:\/\/assecobs.pl\/blog\/?s={search_term_string}"},"query-input":{"@type":"PropertyValueSpecification","valueRequired":true,"valueName":"search_term_string"}}],"inLanguage":"pl-PL"},{"@type":"Organization","@id":"https:\/\/assecobs.pl\/blog\/#organization","name":"Asseco Business Solutions","url":"https:\/\/assecobs.pl\/blog\/","logo":{"@type":"ImageObject","inLanguage":"pl-PL","@id":"https:\/\/assecobs.pl\/blog\/#\/schema\/logo\/image\/","url":"https:\/\/assecobs.pl\/blog\/wp-content\/uploads\/sites\/14\/2020\/01\/abs-logo-user.jpg","contentUrl":"https:\/\/assecobs.pl\/blog\/wp-content\/uploads\/sites\/14\/2020\/01\/abs-logo-user.jpg","width":250,"height":251,"caption":"Asseco Business Solutions"},"image":{"@id":"https:\/\/assecobs.pl\/blog\/#\/schema\/logo\/image\/"},"sameAs":["https:\/\/www.facebook.com\/erpbyasseco\/","https:\/\/x.com\/asseco_bs","https:\/\/pl.linkedin.com\/company\/asseco-business-solutions-sa","https:\/\/www.youtube.com\/channel\/UCCU4su9i0ZMIrsS0P0bkYOA\/featured","https:\/\/pl.wikipedia.org\/wiki\/Asseco_Business_Solutions"]},{"@type":"Person","@id":"https:\/\/assecobs.pl\/blog\/#\/schema\/person\/5dfcf6ceba03b1f9ccf3ef5ba7445ccc","name":"Honorata Zakrzewska-Krzy\u015b","image":{"@type":"ImageObject","inLanguage":"pl-PL","@id":"https:\/\/assecobs.pl\/blog\/wp-content\/uploads\/sites\/14\/2023\/09\/honoratazk-150x150.png?wsr","url":"https:\/\/assecobs.pl\/blog\/wp-content\/uploads\/sites\/14\/2023\/09\/honoratazk-150x150.png?wsr","contentUrl":"https:\/\/assecobs.pl\/blog\/wp-content\/uploads\/sites\/14\/2023\/09\/honoratazk-150x150.png?wsr","caption":"Honorata Zakrzewska-Krzy\u015b"},"description":"Starszy specjalista ds. content marketingu w Grant Thornton. Prasowy dziennikarz ekonomiczny z kilkunastoletnim do\u015bwiadczeniem zawodowym, samodzielna ksi\u0119gowa. Wieloletni wsp\u00f3\u0142pracownik Grupy Wydawniczej Infor oraz Wydawnictwa Wiedza i Praktyka. Pisa\u0142a m.in. dla Dziennika Gazety Prawnej czy Wydawcy Harvard Business Review Polska. Laureatka wyr\u00f3\u017cnienia prasowego \u201ePi\u00f3ro Odpowiedzialno\u015bci\u201d przyznawanego przez Forum Odpowiedzialnego Biznesu.","url":"https:\/\/assecobs.pl\/blog\/author\/honoratazakrzewskakrzys\/"}]}},"_links":{"self":[{"href":"https:\/\/assecobs.pl\/blog\/wp-json\/wp\/v2\/posts\/9870","targetHints":{"allow":["GET"]}}],"collection":[{"href":"https:\/\/assecobs.pl\/blog\/wp-json\/wp\/v2\/posts"}],"about":[{"href":"https:\/\/assecobs.pl\/blog\/wp-json\/wp\/v2\/types\/post"}],"author":[{"embeddable":true,"href":"https:\/\/assecobs.pl\/blog\/wp-json\/wp\/v2\/users\/53"}],"replies":[{"embeddable":true,"href":"https:\/\/assecobs.pl\/blog\/wp-json\/wp\/v2\/comments?post=9870"}],"version-history":[{"count":10,"href":"https:\/\/assecobs.pl\/blog\/wp-json\/wp\/v2\/posts\/9870\/revisions"}],"predecessor-version":[{"id":9925,"href":"https:\/\/assecobs.pl\/blog\/wp-json\/wp\/v2\/posts\/9870\/revisions\/9925"}],"wp:featuredmedia":[{"embeddable":true,"href":"https:\/\/assecobs.pl\/blog\/wp-json\/wp\/v2\/media\/9881"}],"wp:attachment":[{"href":"https:\/\/assecobs.pl\/blog\/wp-json\/wp\/v2\/media?parent=9870"}],"wp:term":[{"taxonomy":"category","embeddable":true,"href":"https:\/\/assecobs.pl\/blog\/wp-json\/wp\/v2\/categories?post=9870"},{"taxonomy":"post_tag","embeddable":true,"href":"https:\/\/assecobs.pl\/blog\/wp-json\/wp\/v2\/tags?post=9870"}],"curies":[{"name":"wp","href":"https:\/\/api.w.org\/{rel}","templated":true}]}}